{"id":33922,"date":"2026-04-30T01:54:00","date_gmt":"2026-04-30T04:54:00","guid":{"rendered":"https:\/\/infotep.com.ar\/?p=33922"},"modified":"2026-04-30T13:59:13","modified_gmt":"2026-04-30T16:59:13","slug":"se-alerto-por-el-aumento-de-la-demanda-social-y-la-crisis-alimentaria-en-moreno","status":"publish","type":"post","link":"https:\/\/infotep.com.ar\/index.php\/2026\/04\/30\/se-alerto-por-el-aumento-de-la-demanda-social-y-la-crisis-alimentaria-en-moreno\/","title":{"rendered":"Se alert\u00f3 por el aumento de la demanda social y la crisis alimentaria en Moreno"},"content":{"rendered":"\n<p>El presidente del Concejo Deliberante de Moreno, Emanuel Fern\u00e1ndez, dialog\u00f3 con el programa Todo es Pol\u00edtica y describi\u00f3 un escenario de fuerte preocupaci\u00f3n por la situaci\u00f3n social y econ\u00f3mica que atraviesa el distrito.<\/p>\n\n\n\n<p>En su an\u00e1lisis, el dirigente se\u00f1al\u00f3 el rol de los gobiernos locales como primera l\u00ednea de atenci\u00f3n ante las demandas de la poblaci\u00f3n: \u201cLos municipios son la caja de resonancia, tanto el intendente como los concejales estamos de cara a la gente, entonces r\u00e1pidamente podemos advertir que las cosas est\u00e1n muy mal\u201d.<\/p>\n\n\n\n<p>En ese sentido, advirti\u00f3 sobre el crecimiento de la crisis alimentaria y el impacto directo en las \u00e1reas sociales del distrito. \u201cUna de las grandes preocupaciones que tiene la intendenta Mariel Fern\u00e1ndez, mayor de los intendentes es la situaci\u00f3n de hambre que empez\u00f3 a atravesar la poblaci\u00f3n&#8221;.<\/p>\n\n\n\n<p>Y explic\u00f3 que particularmente en el distrito: &#8220;En el \u00e1rea de Desarrollo Social se est\u00e1 gastando el 80 por ciento de los recursos en alimento, hay m\u00e1s de 600 comedores, diferentes servicios en clubes sociales y sociedades de fomento\u201d.<\/p>\n\n\n\n<p><strong>Adem\u00e1s, remarc\u00f3 el aumento constante de la demanda: \u201cVemos c\u00f3mo cada d\u00eda m\u00e1s familias solicitan alimentos, vemos la falta de trabajo, la falta de consumo y vivimos con preocupaci\u00f3n eso\u201d.<\/strong><\/p>\n\n\n\n<p>Fern\u00e1ndez tambi\u00e9n hizo referencia a la situaci\u00f3n financiera de los municipios y a las dificultades para sostener los servicios b\u00e1sicos: \u201cLos intendentes est\u00e1n haciendo malabares, y m\u00e1s cuando hay intendentas como Mariel que se preocupa por la gente, por hacer obras, por cerrar buenas paritarias con los trabajadores, pero se hacen malabares para seguir cumpliendo con todos los servicios, se hace muy dif\u00edcil si no llegan los recursos correspondientes\u201d.<\/p>\n\n\n\n<p>En esa l\u00ednea, destac\u00f3 el esfuerzo provincial para sostener la situaci\u00f3n: \u201cLa provincia de Buenos Aires est\u00e1 haciendo un esfuerzo enorme para tratar de acompa\u00f1ar y sostener esta situaci\u00f3n\u201d.<\/p>\n\n\n\n<p>Finalmente, apunt\u00f3 al Gobierno nacional como principal responsable del escenario actual: \u201cEl Estado nacional es quien tiene la mayor responsabilidad hoy de que lleguen los recursos\u201d, afirm\u00f3, al tiempo que sostuvo que desde los municipios se est\u00e1n impulsando acciones para reclamar el cumplimiento de las obligaciones financieras pendientes.<\/p>\n\n\n\n<figure class=\"wp-block-embed is-type-video is-provider-youtube wp-block-embed-youtube wp-embed-aspect-16-9 wp-has-aspect-ratio\"><div class=\"wp-block-embed__wrapper\">\n<iframe loading=\"lazy\" title=\"\ud83d\udd34Todo Es Pol\u00edtica | La Radio P\u00fablica del Oeste 89.3\" width=\"1020\" height=\"574\" src=\"https:\/\/www.youtube.com\/embed\/rXru-EdtNZo?start=612&#038;feature=oembed\" frameborder=\"0\" allow=\"accelerometer; autoplay; clipboard-write; encrypted-media; gyroscope; picture-in-picture; web-share\" referrerpolicy=\"strict-origin-when-cross-origin\" allowfullscreen><\/iframe>\n<\/div><\/figure>\n","protected":false},"excerpt":{"rendered":"<p>El presidente del Concejo Deliberante de Moreno, Emanuel Fern&aacute;ndez, dialog&oacute; con el programa Todo es Pol&iacute;tica y describi&oacute; un escenario de fuerte preocupaci&oacute;n por la situaci&oacute;n social y econ&oacute;mica que atraviesa el distrito. En su an&aacute;lisis, el dirigente se&ntilde;al&oacute; el rol de los gobiernos locales como primera l&iacute;nea de atenci&oacute;n ante las demandas de la &hellip; <\/p>\n","protected":false},"author":5,"featured_media":33923,"comment_status":"closed","ping_status":"closed","sticky":false,"template":"","format":"standard","meta":{"om_disable_all_campaigns":false,"_joinchat":[]},"categories":[85],"tags":[],"featured_image_urls":{"full":["https:\/\/infotep.com.ar\/wp-content\/uploads\/2026\/04\/WhatsApp-Image-2026-04-30-at-1.34.56-PM.jpeg",1131,635,false],"thumbnail":["https:\/\/infotep.com.ar\/wp-content\/uploads\/2026\/04\/WhatsApp-Image-2026-04-30-at-1.34.56-PM-150x150.jpeg",150,150,true],"medium":["https:\/\/infotep.com.ar\/wp-content\/uploads\/2026\/04\/WhatsApp-Image-2026-04-30-at-1.34.56-PM-300x168.jpeg",300,168,true],"medium_large":["https:\/\/infotep.com.ar\/wp-content\/uploads\/2026\/04\/WhatsApp-Image-2026-04-30-at-1.34.56-PM-768x431.jpeg",768,431,true],"large":["https:\/\/infotep.com.ar\/wp-content\/uploads\/2026\/04\/WhatsApp-Image-2026-04-30-at-1.34.56-PM-1024x575.jpeg",1020,573,true],"1536x1536":["https:\/\/infotep.com.ar\/wp-content\/uploads\/2026\/04\/WhatsApp-Image-2026-04-30-at-1.34.56-PM.jpeg",1131,635,false],"2048x2048":["https:\/\/infotep.com.ar\/wp-content\/uploads\/2026\/04\/WhatsApp-Image-2026-04-30-at-1.34.56-PM.jpeg",1131,635,false],"blossom-feminine-slider":["https:\/\/infotep.com.ar\/wp-content\/uploads\/2026\/04\/WhatsApp-Image-2026-04-30-at-1.34.56-PM.jpeg",1131,635,false],"blossom-feminine-featured":["https:\/\/infotep.com.ar\/wp-content\/uploads\/2026\/04\/WhatsApp-Image-2026-04-30-at-1.34.56-PM-1131x600.jpeg",1131,600,true],"blossom-feminine-with-sidebar":["https:\/\/infotep.com.ar\/wp-content\/uploads\/2026\/04\/WhatsApp-Image-2026-04-30-at-1.34.56-PM-1020x600.jpeg",1020,600,true],"blossom-feminine-blog":["https:\/\/infotep.com.ar\/wp-content\/uploads\/2026\/04\/WhatsApp-Image-2026-04-30-at-1.34.56-PM-435x435.jpeg",435,435,true],"blossom-feminine-cat":["https:\/\/infotep.com.ar\/wp-content\/uploads\/2026\/04\/WhatsApp-Image-2026-04-30-at-1.34.56-PM-450x300.jpeg",450,300,true],"blossom-feminine-related":["https:\/\/infotep.com.ar\/wp-content\/uploads\/2026\/04\/WhatsApp-Image-2026-04-30-at-1.34.56-PM-320x200.jpeg",320,200,true],"blossom-feminine-schema":["https:\/\/infotep.com.ar\/wp-content\/uploads\/2026\/04\/WhatsApp-Image-2026-04-30-at-1.34.56-PM-107x60.jpeg",107,60,true],"blossom-mommy-blog-slider-big":["https:\/\/infotep.com.ar\/wp-content\/uploads\/2026\/04\/WhatsApp-Image-2026-04-30-at-1.34.56-PM-920x635.jpeg",920,635,true],"blossom-mommy-blog-slider":["https:\/\/infotep.com.ar\/wp-content\/uploads\/2026\/04\/WhatsApp-Image-2026-04-30-at-1.34.56-PM-460x310.jpeg",460,310,true],"blossom-mommy-blog-two":["https:\/\/infotep.com.ar\/wp-content\/uploads\/2026\/04\/WhatsApp-Image-2026-04-30-at-1.34.56-PM-768x480.jpeg",768,480,true]},"author_info":{"info":["Angela Tobar"]},"category_info":"<a href=\"https:\/\/infotep.com.ar\/index.php\/category\/municipales\/moreno\/\" rel=\"category tag\">Moreno<\/a>","tag_info":"Moreno","comment_count":"0","_links":{"self":[{"href":"https:\/\/infotep.com.ar\/index.php\/wp-json\/wp\/v2\/posts\/33922"}],"collection":[{"href":"https:\/\/infotep.com.ar\/index.php\/wp-json\/wp\/v2\/posts"}],"about":[{"href":"https:\/\/infotep.com.ar\/index.php\/wp-json\/wp\/v2\/types\/post"}],"author":[{"embeddable":true,"href":"https:\/\/infotep.com.ar\/index.php\/wp-json\/wp\/v2\/users\/5"}],"replies":[{"embeddable":true,"href":"https:\/\/infotep.com.ar\/index.php\/wp-json\/wp\/v2\/comments?post=33922"}],"version-history":[{"count":1,"href":"https:\/\/infotep.com.ar\/index.php\/wp-json\/wp\/v2\/posts\/33922\/revisions"}],"predecessor-version":[{"id":33924,"href":"https:\/\/infotep.com.ar\/index.php\/wp-json\/wp\/v2\/posts\/33922\/revisions\/33924"}],"wp:featuredmedia":[{"embeddable":true,"href":"https:\/\/infotep.com.ar\/index.php\/wp-json\/wp\/v2\/media\/33923"}],"wp:attachment":[{"href":"https:\/\/infotep.com.ar\/index.php\/wp-json\/wp\/v2\/media?parent=33922"}],"wp:term":[{"taxonomy":"category","embeddable":true,"href":"https:\/\/infotep.com.ar\/index.php\/wp-json\/wp\/v2\/categories?post=33922"},{"taxonomy":"post_tag","embeddable":true,"href":"https:\/\/infotep.com.ar\/index.php\/wp-json\/wp\/v2\/tags?post=33922"}],"curies":[{"name":"wp","href":"https:\/\/api.w.org\/{rel}","templated":true}]}}