{"id":3504,"date":"2023-02-24T17:45:25","date_gmt":"2023-02-24T20:45:25","guid":{"rendered":"https:\/\/infotep.com.ar\/?p=3504"},"modified":"2023-02-27T16:28:34","modified_gmt":"2023-02-27T19:28:34","slug":"operativo-clamor-en-marcha-intendente-de-la-matanza-pide-que-la-proxima-presidenta-sea-cristina","status":"publish","type":"post","link":"https:\/\/infotep.com.ar\/index.php\/2023\/02\/24\/operativo-clamor-en-marcha-intendente-de-la-matanza-pide-que-la-proxima-presidenta-sea-cristina\/","title":{"rendered":"Operativo clamor en marcha: Intendente de La Matanza pide que &#8220;la pr\u00f3xima presidenta sea Cristina&#8221;"},"content":{"rendered":"\n<p>El intendente de La Matanza, Fernando Espinoza acompa\u00f1ado por el ministro del Interior, Eduardo \u201cWado\u201d de Pedro y la vice gobernadora Ver\u00f3nica Magario, expres\u00f3 claro y contundente que  \u201chay que terminar con la proscripci\u00f3n de Cristina y hay que generar las acciones necesarias para poder volver a tener una democracia plena\u201d.<\/p>\n\n\n\n<p>Luego de participar de una recorrida por obras de construcci\u00f3n de un paso bajo nivel en Laferrere, Fernando Espinoza encabez\u00f3 un acto con miles de militantes y vecinos, donde hubo definiciones centrales de car\u00e1cter pol\u00edtico y electoral:<strong> \u201cCreo que son\u00f3 muy fuerte ac\u00e1 en La Matanza cuando le preguntamos a nuestro pueblo qu\u00e9 quer\u00eda, que sent\u00eda y que so\u00f1aba y fue un\u00e1nime la ovaci\u00f3n: queremos que Cristina vuelva a ser nuestra presidenta\u201d, sostuvo el intendente de La Matanza.<\/strong><\/p>\n\n\n\n<p class=\"has-light-green-cyan-background-color has-background\">En ese sentido, Fernando Espinoza mencion\u00f3 que \u201ccada vez que tenemos una duda, los que tenemos responsabilidades pol\u00edticas de conducci\u00f3n, tenemos que preguntarle a nuestro pueblo que siente, que quiere y que sue\u00f1a; y hoy creo que son\u00f3 muy fuerte la respuesta. Por lo tanto, hay que terminar con esta proscripci\u00f3n contra Cristina y hay que generar las acciones necesarias para poder volver a tener una democracia plena\u201d.<\/p>\n\n\n\n<p><strong>\u201cLo que pasa en La Matanza siempre es una caja de resonancia de lo que despu\u00e9s ocurre en la Provincia de Buenos Aires y en el pa\u00eds; por eso tenemos que prestar atenci\u00f3n a lo que dice nuestra gente\u201d, a\u00f1adi\u00f3 Fernando Espinoza.<\/strong><\/p>\n\n\n\n<p>El intendente tambi\u00e9n dio su parecer sobre el frente pol\u00edtico peronista al que pertenece: \u201cTenemos que seguir ampli\u00e1ndonos, tanto por el centro como por izquierda con aquellos que quieran un pa\u00eds para todos; con trabajo, educaci\u00f3n, con dignidad y con una Argentina para que el salario alcance para que una familia pueda vivir dignamente como siempre ocurri\u00f3 con los gobierno peronistas\u201d.<\/p>\n\n\n\n<p>Fernando Espinoza, continu\u00f3: \u201cHay que ponerle velocidad a la t\u00e1ctica y estrategia de la campa\u00f1a y me parece que claramente desde La Matanza empieza una nueva etapa en la Provincia de Buenos Aires y en la Argentina, que es la etapa de generar las acciones para terminar con la proscripci\u00f3n de Cristina y que se presenten todos los que quieran en una primaria o una general. El pueblo va a decidir como lo hizo siempre y estoy seguro que es ese el sentimiento que sale del subsuelo de la tierra, como dir\u00eda Scalabrini Ortiz: la mayor\u00eda de la Argentina quiere que Cristina vuelva a ser presidenta\u201d.<\/p>\n\n\n\n<p>\u201cHicimos mucho, y seguimos haci\u00e9ndolo a pesar de la pandemia y de la guerra. No puede haber un gobierno peronista en el poder sino hacemos que la felicidad de cada familia sea la felicidad de todo un pa\u00eds, eso es un gobierno peronista; y acompa\u00f1amos todo lo que se ha hecho y vamos a defender por supuesto a nuestro presidente y vamos a defender a nuestras instituciones, pero nacimos para defender a los que m\u00e1s nos necesitan y a los trabajadores, como siempre pas\u00f3 en el peronismo\u201d, agreg\u00f3 el intendente.<\/p>\n\n\n\n<figure class=\"wp-block-image size-large\"><img decoding=\"async\" loading=\"lazy\" width=\"1024\" height=\"683\" src=\"https:\/\/infotep.com.ar\/wp-content\/uploads\/2023\/02\/FE_Wado_Magario_2-1024x683.jpg\" alt=\"\" class=\"wp-image-3506\" srcset=\"https:\/\/infotep.com.ar\/wp-content\/uploads\/2023\/02\/FE_Wado_Magario_2-1024x683.jpg 1024w, https:\/\/infotep.com.ar\/wp-content\/uploads\/2023\/02\/FE_Wado_Magario_2-300x200.jpg 300w, https:\/\/infotep.com.ar\/wp-content\/uploads\/2023\/02\/FE_Wado_Magario_2-768x512.jpg 768w, https:\/\/infotep.com.ar\/wp-content\/uploads\/2023\/02\/FE_Wado_Magario_2-1536x1024.jpg 1536w, https:\/\/infotep.com.ar\/wp-content\/uploads\/2023\/02\/FE_Wado_Magario_2-2048x1365.jpg 2048w, https:\/\/infotep.com.ar\/wp-content\/uploads\/2023\/02\/FE_Wado_Magario_2-450x300.jpg 450w, https:\/\/infotep.com.ar\/wp-content\/uploads\/2023\/02\/FE_Wado_Magario_2-90x60.jpg 90w\" sizes=\"(max-width: 1024px) 100vw, 1024px\" \/><\/figure>\n\n\n\n<p><strong>Por su parte, la vicegobernadora Magario<\/strong>, enfatiz\u00f3 que &#8220;cuando nosotros miramos hacia el futuro y tambi\u00e9n miramos hacia atr\u00e1s, sabemos que al peronismo lo persiguieron y lo proscribieron, porque siempre estuvo defendiendo al pueblo, porque no hubo una sola pol\u00edtica desde los peronistas que fuera en contra del pueblo. Por eso nos proscriben y nos siguen persiguiendo; pero desde aqu\u00ed, desde La Matanza, desde el distrito m\u00e1s grande del pa\u00eds, desde la capital del peronismo cada uno de nosotros y nosotras, con cada uno de los militantes, vamos a caminar casa por casa, barrio por barrio, vamos a ir ciudad por ciudad para que el peronismo vuelva a ganar en 2023 porque volvemos a definir el modelo de pa\u00eds que queremos y ese modelo lo demuestra solamente el peronismo\u201d.<\/p>\n\n\n\n<p><strong>En tanto, \u201cWado\u201d de Pedro,<\/strong> afirm\u00f3: \u201cComo siempre, cuando venimos a La Matanza, lo primero que vemos es una excelente gesti\u00f3n. Primero, obras que tienen que ver con los problemas espec\u00edficos de la gente y despu\u00e9s nos vamos cargados de energ\u00eda. Un pueblo peronista, una sabia dirigencia peronista que nunca le erra. Siempre en La Matanza se toman las decisiones que tienen que ver con la filosof\u00eda peronista, que tiene que ver con la historia y la tradici\u00f3n del peronismo, que es acompa\u00f1ar a los dirigentes, que tienen la valent\u00eda, que tienen la decisi\u00f3n y que tienen la capacidad de mejorarle la vida a la gente Hoy me llevo una ovaci\u00f3n para la compa\u00f1era vice presidenta Cristina Fern\u00e1ndez de Kirchner\u201d.<\/p>\n","protected":false},"excerpt":{"rendered":"<p>El intendente de La Matanza, Fernando Espinoza acompa&ntilde;ado por el ministro del Interior, Eduardo &ldquo;Wado&rdquo; de Pedro y la vice gobernadora Ver&oacute;nica Magario, expres&oacute; claro y contundente que &ldquo;hay que terminar con la proscripci&oacute;n de Cristina y hay que generar las acciones necesarias para poder volver a tener una democracia plena&rdquo;. Luego de participar de &hellip; <\/p>\n","protected":false},"author":5,"featured_media":3505,"comment_status":"closed","ping_status":"closed","sticky":false,"template":"","format":"standard","meta":{"om_disable_all_campaigns":false,"_joinchat":[]},"categories":[26],"tags":[60,46,59,43],"featured_image_urls":{"full":["https:\/\/infotep.com.ar\/wp-content\/uploads\/2023\/02\/FE_Wado_Magario_1-scaled.jpg",2560,1707,false],"thumbnail":["https:\/\/infotep.com.ar\/wp-content\/uploads\/2023\/02\/FE_Wado_Magario_1-150x150.jpg",150,150,true],"medium":["https:\/\/infotep.com.ar\/wp-content\/uploads\/2023\/02\/FE_Wado_Magario_1-300x200.jpg",300,200,true],"medium_large":["https:\/\/infotep.com.ar\/wp-content\/uploads\/2023\/02\/FE_Wado_Magario_1-768x512.jpg",768,512,true],"large":["https:\/\/infotep.com.ar\/wp-content\/uploads\/2023\/02\/FE_Wado_Magario_1-1024x683.jpg",1020,680,true],"1536x1536":["https:\/\/infotep.com.ar\/wp-content\/uploads\/2023\/02\/FE_Wado_Magario_1-1536x1024.jpg",1536,1024,true],"2048x2048":["https:\/\/infotep.com.ar\/wp-content\/uploads\/2023\/02\/FE_Wado_Magario_1-2048x1365.jpg",2048,1365,true],"blossom-feminine-slider":["https:\/\/infotep.com.ar\/wp-content\/uploads\/2023\/02\/FE_Wado_Magario_1-1920x649.jpg",1920,649,true],"blossom-feminine-featured":["https:\/\/infotep.com.ar\/wp-content\/uploads\/2023\/02\/FE_Wado_Magario_1-1410x600.jpg",1410,600,true],"blossom-feminine-with-sidebar":["https:\/\/infotep.com.ar\/wp-content\/uploads\/2023\/02\/FE_Wado_Magario_1-1020x600.jpg",1020,600,true],"blossom-feminine-blog":["https:\/\/infotep.com.ar\/wp-content\/uploads\/2023\/02\/FE_Wado_Magario_1-435x435.jpg",435,435,true],"blossom-feminine-cat":["https:\/\/infotep.com.ar\/wp-content\/uploads\/2023\/02\/FE_Wado_Magario_1-450x300.jpg",450,300,true],"blossom-feminine-related":["https:\/\/infotep.com.ar\/wp-content\/uploads\/2023\/02\/FE_Wado_Magario_1-320x200.jpg",320,200,true],"blossom-feminine-schema":["https:\/\/infotep.com.ar\/wp-content\/uploads\/2023\/02\/FE_Wado_Magario_1-90x60.jpg",90,60,true],"blossom-mommy-blog-slider-big":["https:\/\/infotep.com.ar\/wp-content\/uploads\/2023\/02\/FE_Wado_Magario_1-920x650.jpg",920,650,true],"blossom-mommy-blog-slider":["https:\/\/infotep.com.ar\/wp-content\/uploads\/2023\/02\/FE_Wado_Magario_1-460x310.jpg",460,310,true],"blossom-mommy-blog-two":["https:\/\/infotep.com.ar\/wp-content\/uploads\/2023\/02\/FE_Wado_Magario_1-768x480.jpg",768,480,true]},"author_info":{"info":["Angela Tobar"]},"category_info":"<a href=\"https:\/\/infotep.com.ar\/index.php\/category\/municipales\/la-matanza\/\" rel=\"category tag\">La Matanza<\/a>","tag_info":"La Matanza","comment_count":"0","_links":{"self":[{"href":"https:\/\/infotep.com.ar\/index.php\/wp-json\/wp\/v2\/posts\/3504"}],"collection":[{"href":"https:\/\/infotep.com.ar\/index.php\/wp-json\/wp\/v2\/posts"}],"about":[{"href":"https:\/\/infotep.com.ar\/index.php\/wp-json\/wp\/v2\/types\/post"}],"author":[{"embeddable":true,"href":"https:\/\/infotep.com.ar\/index.php\/wp-json\/wp\/v2\/users\/5"}],"replies":[{"embeddable":true,"href":"https:\/\/infotep.com.ar\/index.php\/wp-json\/wp\/v2\/comments?post=3504"}],"version-history":[{"count":2,"href":"https:\/\/infotep.com.ar\/index.php\/wp-json\/wp\/v2\/posts\/3504\/revisions"}],"predecessor-version":[{"id":3508,"href":"https:\/\/infotep.com.ar\/index.php\/wp-json\/wp\/v2\/posts\/3504\/revisions\/3508"}],"wp:featuredmedia":[{"embeddable":true,"href":"https:\/\/infotep.com.ar\/index.php\/wp-json\/wp\/v2\/media\/3505"}],"wp:attachment":[{"href":"https:\/\/infotep.com.ar\/index.php\/wp-json\/wp\/v2\/media?parent=3504"}],"wp:term":[{"taxonomy":"category","embeddable":true,"href":"https:\/\/infotep.com.ar\/index.php\/wp-json\/wp\/v2\/categories?post=3504"},{"taxonomy":"post_tag","embeddable":true,"href":"https:\/\/infotep.com.ar\/index.php\/wp-json\/wp\/v2\/tags?post=3504"}],"curies":[{"name":"wp","href":"https:\/\/api.w.org\/{rel}","templated":true}]}}