{"id":3528,"date":"2023-02-27T16:17:12","date_gmt":"2023-02-27T19:17:12","guid":{"rendered":"https:\/\/infotep.com.ar\/?p=3528"},"modified":"2023-02-27T16:17:12","modified_gmt":"2023-02-27T19:17:12","slug":"alberto-fernandez-valoro-el-acuerdo-paritario-con-los-docentes-pudimos-cerrarlo-15-dias-antes","status":"publish","type":"post","link":"https:\/\/infotep.com.ar\/index.php\/2023\/02\/27\/alberto-fernandez-valoro-el-acuerdo-paritario-con-los-docentes-pudimos-cerrarlo-15-dias-antes\/","title":{"rendered":"Alberto Fern\u00e1ndez valor\u00f3 el acuerdo paritario con los docentes: &#8220;Pudimos cerrarlo 15 d\u00edas antes&#8221;"},"content":{"rendered":"\n<p>El presidente Alberto Fern\u00e1ndez destac\u00f3 el acuerdo paritario conquistado con el gremio docente y resalt\u00f3 que el entendimiento se conquist\u00f3 dos semanas antes del inicio de clases. Lo hizo desde Chaco, en la localidad de Basail, desde donde inaugur\u00f3 el edificio de la Escuela Secundaria N\u00ba82, Doctor Ren\u00e9 Favaloro.<\/p>\n\n\n\n<p><strong>&#8220;Hemos tenido la alegr\u00eda, con el ministro de Educaci\u00f3n, la ministra de Trabajo y el ministro de Econom\u00eda, de hace pocos d\u00edas atr\u00e1s, haber podido cerrar la paritaria docente. Algo inusual, haberlo hecho 15 de que empiecen las clases&#8221;, expres\u00f3 el mandatario.<\/strong><\/p>\n\n\n\n<p>En el inicio del ciclo lectivo, el Presidente destac\u00f3 adem\u00e1s el trabajo de sus funcionarios de Econom\u00eda, Sergio Massa; de Educaci\u00f3n, Jaime Perczyk; y de Trabajo, Kelly Olmos en la negociaci\u00f3n, y celebr\u00f3 el plazo en el que se acord\u00f3 al sostener que intent\u00f3 &#8220;sacarle a los maestros el problema de su salario&#8221;, en la previa del inicio del ciclo lectivo que tiene lugar hoy.<\/p>\n\n\n\n<p>&#8220;Educar y educarse no debe ser un martirio, debe ser un acto de alegr\u00eda, un momento de felicidad&#8221;, plante\u00f3 ubicado junto al gobernador, Jorge Capitanich y el titular de la cartera de Educaci\u00f3n.<\/p>\n\n\n\n<p><strong>El 17 de febrero, la ministra Kelly Olmos anunci\u00f3 la firma de un aumento salarial del 33.5% con revisiones en mayo y julio, y subray\u00f3 que el piso pasar\u00e1 a $130.000 desde marzo.<\/strong><\/p>\n\n\n\n<p>&#8220;Este tipo de institucionalidad que hace a la existencia de una democracia social en la que nosotros creemos y por la que nosotros luchamos, es el resultado de la insistencia de una voluntad pol\u00edtica&#8221;, declar\u00f3 la sucesora de Claudio Moroni.<\/p>\n\n\n\n<p>En otro pasaje de su discurso en Chaco, el mandatario hizo referencia a la situaci\u00f3n de los docentes durante la gesti\u00f3n de Cambiemos: &#8220;Cuando llegamos al gobierno, la preocupaci\u00f3n de los maestros era ver c\u00f3mo mejoraban un salario que se hab\u00eda ca\u00eddo al fondo del pozo y hoy con alegr\u00eda vemos que la preocupaci\u00f3n es que no tengan que pagar ganancias. Es que sus sueldos han crecido de tal modo que empiezan a verse afectados por el impuesto a las ganancias&#8221;.<\/p>\n\n\n\n<p>Asimismo, asegur\u00f3 que hoy, un maestro inicial percibe &#8220;un sueldo digno&#8221;, y celebr\u00f3 la actualizaci\u00f3n de los salarios tras manifestar que ser docente es &#8220;una vocaci\u00f3n y un trabajo muy importante&#8221;, ya que son los encargados de ense\u00f1ar y educar a la sociedad. &#8220;Nuestros hijos pasan m\u00e1s tiempos con sus maestros que con nosotros mismos, a veces&#8221;, afirm\u00f3 el jefe de Estado.<\/p>\n\n\n\n<p>&#8220;Tener maestros bien preparados y bien retribuidos es lo que debe hacer una Argentina de bien y tener alumnos que con muchas ganas y fuerza vayan cada d\u00eda al colegio a estudiar y aprender es lo mejor que le puede pasar a la Argentina&#8221;, insisti\u00f3.<\/p>\n\n\n\n<p>Por \u00faltimo, el presidente Fern\u00e1ndez asegur\u00f3 que el mundo transita una revoluci\u00f3n tecnol\u00f3gica, y reiter\u00f3 que las sociedades m\u00e1s ricas son &#8220;las que invierten en conocimiento&#8221;. &#8220;Estamos dejando atr\u00e1s la revoluci\u00f3n industrial y estamos entrando en la era de la tecnolog\u00eda, la revoluci\u00f3n tecnol\u00f3gica, y eso exige desarrollar el conocimiento, en prepararse&#8221;, concluy\u00f3.<\/p>\n","protected":false},"excerpt":{"rendered":"<p>El presidente Alberto Fern&aacute;ndez destac&oacute; el acuerdo paritario conquistado con el gremio docente y resalt&oacute; que el entendimiento se conquist&oacute; dos semanas antes del inicio de clases. Lo hizo desde Chaco, en la localidad de Basail, desde donde inaugur&oacute; el edificio de la Escuela Secundaria N&ordm;82, Doctor Ren&eacute; Favaloro. &ldquo;Hemos tenido la alegr&iacute;a, con el &hellip; <\/p>\n","protected":false},"author":5,"featured_media":3174,"comment_status":"closed","ping_status":"closed","sticky":false,"template":"","format":"standard","meta":{"om_disable_all_campaigns":false,"_joinchat":[]},"categories":[7],"tags":[46,365,43],"featured_image_urls":{"full":["https:\/\/infotep.com.ar\/wp-content\/uploads\/2023\/02\/paritaria-docente.jpg",880,512,false],"thumbnail":["https:\/\/infotep.com.ar\/wp-content\/uploads\/2023\/02\/paritaria-docente-150x150.jpg",150,150,true],"medium":["https:\/\/infotep.com.ar\/wp-content\/uploads\/2023\/02\/paritaria-docente-300x175.jpg",300,175,true],"medium_large":["https:\/\/infotep.com.ar\/wp-content\/uploads\/2023\/02\/paritaria-docente-768x447.jpg",768,447,true],"large":["https:\/\/infotep.com.ar\/wp-content\/uploads\/2023\/02\/paritaria-docente.jpg",880,512,false],"1536x1536":["https:\/\/infotep.com.ar\/wp-content\/uploads\/2023\/02\/paritaria-docente.jpg",880,512,false],"2048x2048":["https:\/\/infotep.com.ar\/wp-content\/uploads\/2023\/02\/paritaria-docente.jpg",880,512,false],"blossom-feminine-slider":["https:\/\/infotep.com.ar\/wp-content\/uploads\/2023\/02\/paritaria-docente.jpg",880,512,false],"blossom-feminine-featured":["https:\/\/infotep.com.ar\/wp-content\/uploads\/2023\/02\/paritaria-docente.jpg",880,512,false],"blossom-feminine-with-sidebar":["https:\/\/infotep.com.ar\/wp-content\/uploads\/2023\/02\/paritaria-docente.jpg",880,512,false],"blossom-feminine-blog":["https:\/\/infotep.com.ar\/wp-content\/uploads\/2023\/02\/paritaria-docente-435x435.jpg",435,435,true],"blossom-feminine-cat":["https:\/\/infotep.com.ar\/wp-content\/uploads\/2023\/02\/paritaria-docente-450x300.jpg",450,300,true],"blossom-feminine-related":["https:\/\/infotep.com.ar\/wp-content\/uploads\/2023\/02\/paritaria-docente-320x200.jpg",320,200,true],"blossom-feminine-schema":["https:\/\/infotep.com.ar\/wp-content\/uploads\/2023\/02\/paritaria-docente-103x60.jpg",103,60,true],"blossom-mommy-blog-slider-big":["https:\/\/infotep.com.ar\/wp-content\/uploads\/2023\/02\/paritaria-docente.jpg",880,512,false],"blossom-mommy-blog-slider":["https:\/\/infotep.com.ar\/wp-content\/uploads\/2023\/02\/paritaria-docente-460x310.jpg",460,310,true],"blossom-mommy-blog-two":["https:\/\/infotep.com.ar\/wp-content\/uploads\/2023\/02\/paritaria-docente-768x480.jpg",768,480,true]},"author_info":{"info":["Angela Tobar"]},"category_info":"<a href=\"https:\/\/infotep.com.ar\/index.php\/category\/gremios\/\" rel=\"category tag\">Gremios<\/a>","tag_info":"Gremios","comment_count":"0","_links":{"self":[{"href":"https:\/\/infotep.com.ar\/index.php\/wp-json\/wp\/v2\/posts\/3528"}],"collection":[{"href":"https:\/\/infotep.com.ar\/index.php\/wp-json\/wp\/v2\/posts"}],"about":[{"href":"https:\/\/infotep.com.ar\/index.php\/wp-json\/wp\/v2\/types\/post"}],"author":[{"embeddable":true,"href":"https:\/\/infotep.com.ar\/index.php\/wp-json\/wp\/v2\/users\/5"}],"replies":[{"embeddable":true,"href":"https:\/\/infotep.com.ar\/index.php\/wp-json\/wp\/v2\/comments?post=3528"}],"version-history":[{"count":1,"href":"https:\/\/infotep.com.ar\/index.php\/wp-json\/wp\/v2\/posts\/3528\/revisions"}],"predecessor-version":[{"id":3529,"href":"https:\/\/infotep.com.ar\/index.php\/wp-json\/wp\/v2\/posts\/3528\/revisions\/3529"}],"wp:featuredmedia":[{"embeddable":true,"href":"https:\/\/infotep.com.ar\/index.php\/wp-json\/wp\/v2\/media\/3174"}],"wp:attachment":[{"href":"https:\/\/infotep.com.ar\/index.php\/wp-json\/wp\/v2\/media?parent=3528"}],"wp:term":[{"taxonomy":"category","embeddable":true,"href":"https:\/\/infotep.com.ar\/index.php\/wp-json\/wp\/v2\/categories?post=3528"},{"taxonomy":"post_tag","embeddable":true,"href":"https:\/\/infotep.com.ar\/index.php\/wp-json\/wp\/v2\/tags?post=3528"}],"curies":[{"name":"wp","href":"https:\/\/api.w.org\/{rel}","templated":true}]}}