{"id":3542,"date":"2023-02-27T16:45:02","date_gmt":"2023-02-27T19:45:02","guid":{"rendered":"https:\/\/infotep.com.ar\/?p=3542"},"modified":"2023-02-27T16:49:44","modified_gmt":"2023-02-27T19:49:44","slug":"se-realizo-en-merlo-la-presentacion-oficial-del-nuevo-diseno-curricular-para-cens-y-fines","status":"publish","type":"post","link":"https:\/\/infotep.com.ar\/index.php\/2023\/02\/27\/se-realizo-en-merlo-la-presentacion-oficial-del-nuevo-diseno-curricular-para-cens-y-fines\/","title":{"rendered":"Se realiz\u00f3 en Merlo la presentaci\u00f3n oficial del nuevo Dise\u00f1o Curricular para CENS y FinEs"},"content":{"rendered":"\n<p>En el predio La Colonial, se realiz\u00f3 la presentaci\u00f3n oficial del nuevo Dise\u00f1o Curricular para CENS y FinEs, con la presencia de directivos, coordinadores y tutores de la regi\u00f3n educativa N\u00b0 8, Mor\u00f3n, Ituzaing\u00f3 y Merlo.<\/p>\n\n\n\n<p>Este trabajo es resultado de la producci\u00f3n efectuada por la Direcci\u00f3n de la Modalidad de Educaci\u00f3n de J\u00f3venes Adultos y Adultos Mayores, que trabaja articuladamente cada d\u00eda, para una mayor inclusi\u00f3n educativa y restituci\u00f3n de derechos, a nuestros estudiantes.<\/p>\n\n\n\n<p>La secretaria de Educaci\u00f3n, Deportes y Recreaci\u00f3n, Silvana Zahana declar\u00f3&nbsp;<em>\u201cEste es un espacio de di\u00e1logo y construcci\u00f3n para conocer los nuevos perfiles que necesitamos a la hora de ense\u00f1ar a j\u00f3venes y adultos\u201d.<\/em><\/p>\n\n\n\n<p>La funcionaria se\u00f1al\u00f3&nbsp;<em>\u201cEs una capacitaci\u00f3n por la reforma curricular de la modalidad adulto, un espacio de di\u00e1logo y construcci\u00f3n para el fortalecimiento del \u00e1rea Pedag\u00f3gica y la incorporaci\u00f3n de nuevas materias en la modalidad tanto para fines como para el secundario y CENS<\/em>\u201d.<\/p>\n\n\n\n<p>El nuevo dise\u00f1o curricular incorpora educaci\u00f3n f\u00edsica y art\u00edstica, al tiempo que enmarca las actividades educativas en problem\u00e1ticas situadas seg\u00fan el distrito donde estudien.<\/p>\n","protected":false},"excerpt":{"rendered":"<p>En el predio La Colonial, se realiz&oacute; la presentaci&oacute;n oficial del nuevo Dise&ntilde;o Curricular para CENS y FinEs, con la presencia de directivos, coordinadores y tutores de la regi&oacute;n educativa N&deg; 8, Mor&oacute;n, Ituzaing&oacute; y Merlo. Este trabajo es resultado de la producci&oacute;n efectuada por la Direcci&oacute;n de la Modalidad de Educaci&oacute;n de J&oacute;venes Adultos &hellip; <\/p>\n","protected":false},"author":5,"featured_media":3544,"comment_status":"closed","ping_status":"closed","sticky":false,"template":"","format":"standard","meta":{"om_disable_all_campaigns":false,"_joinchat":[]},"categories":[10],"tags":[46,287,43],"featured_image_urls":{"full":["https:\/\/infotep.com.ar\/wp-content\/uploads\/2023\/02\/WhatsApp-Image-2023-02-27-at-4.47.43-PM.jpeg",785,442,false],"thumbnail":["https:\/\/infotep.com.ar\/wp-content\/uploads\/2023\/02\/WhatsApp-Image-2023-02-27-at-4.47.43-PM-150x150.jpeg",150,150,true],"medium":["https:\/\/infotep.com.ar\/wp-content\/uploads\/2023\/02\/WhatsApp-Image-2023-02-27-at-4.47.43-PM-300x169.jpeg",300,169,true],"medium_large":["https:\/\/infotep.com.ar\/wp-content\/uploads\/2023\/02\/WhatsApp-Image-2023-02-27-at-4.47.43-PM-768x432.jpeg",768,432,true],"large":["https:\/\/infotep.com.ar\/wp-content\/uploads\/2023\/02\/WhatsApp-Image-2023-02-27-at-4.47.43-PM.jpeg",785,442,false],"1536x1536":["https:\/\/infotep.com.ar\/wp-content\/uploads\/2023\/02\/WhatsApp-Image-2023-02-27-at-4.47.43-PM.jpeg",785,442,false],"2048x2048":["https:\/\/infotep.com.ar\/wp-content\/uploads\/2023\/02\/WhatsApp-Image-2023-02-27-at-4.47.43-PM.jpeg",785,442,false],"blossom-feminine-slider":["https:\/\/infotep.com.ar\/wp-content\/uploads\/2023\/02\/WhatsApp-Image-2023-02-27-at-4.47.43-PM.jpeg",785,442,false],"blossom-feminine-featured":["https:\/\/infotep.com.ar\/wp-content\/uploads\/2023\/02\/WhatsApp-Image-2023-02-27-at-4.47.43-PM.jpeg",785,442,false],"blossom-feminine-with-sidebar":["https:\/\/infotep.com.ar\/wp-content\/uploads\/2023\/02\/WhatsApp-Image-2023-02-27-at-4.47.43-PM.jpeg",785,442,false],"blossom-feminine-blog":["https:\/\/infotep.com.ar\/wp-content\/uploads\/2023\/02\/WhatsApp-Image-2023-02-27-at-4.47.43-PM-435x435.jpeg",435,435,true],"blossom-feminine-cat":["https:\/\/infotep.com.ar\/wp-content\/uploads\/2023\/02\/WhatsApp-Image-2023-02-27-at-4.47.43-PM-450x300.jpeg",450,300,true],"blossom-feminine-related":["https:\/\/infotep.com.ar\/wp-content\/uploads\/2023\/02\/WhatsApp-Image-2023-02-27-at-4.47.43-PM-320x200.jpeg",320,200,true],"blossom-feminine-schema":["https:\/\/infotep.com.ar\/wp-content\/uploads\/2023\/02\/WhatsApp-Image-2023-02-27-at-4.47.43-PM-107x60.jpeg",107,60,true],"blossom-mommy-blog-slider-big":["https:\/\/infotep.com.ar\/wp-content\/uploads\/2023\/02\/WhatsApp-Image-2023-02-27-at-4.47.43-PM.jpeg",785,442,false],"blossom-mommy-blog-slider":["https:\/\/infotep.com.ar\/wp-content\/uploads\/2023\/02\/WhatsApp-Image-2023-02-27-at-4.47.43-PM-460x310.jpeg",460,310,true],"blossom-mommy-blog-two":["https:\/\/infotep.com.ar\/wp-content\/uploads\/2023\/02\/WhatsApp-Image-2023-02-27-at-4.47.43-PM-768x442.jpeg",768,442,true]},"author_info":{"info":["Angela Tobar"]},"category_info":"<a href=\"https:\/\/infotep.com.ar\/index.php\/category\/municipales\/merlo\/\" rel=\"category tag\">Merlo<\/a>","tag_info":"Merlo","comment_count":"0","_links":{"self":[{"href":"https:\/\/infotep.com.ar\/index.php\/wp-json\/wp\/v2\/posts\/3542"}],"collection":[{"href":"https:\/\/infotep.com.ar\/index.php\/wp-json\/wp\/v2\/posts"}],"about":[{"href":"https:\/\/infotep.com.ar\/index.php\/wp-json\/wp\/v2\/types\/post"}],"author":[{"embeddable":true,"href":"https:\/\/infotep.com.ar\/index.php\/wp-json\/wp\/v2\/users\/5"}],"replies":[{"embeddable":true,"href":"https:\/\/infotep.com.ar\/index.php\/wp-json\/wp\/v2\/comments?post=3542"}],"version-history":[{"count":1,"href":"https:\/\/infotep.com.ar\/index.php\/wp-json\/wp\/v2\/posts\/3542\/revisions"}],"predecessor-version":[{"id":3543,"href":"https:\/\/infotep.com.ar\/index.php\/wp-json\/wp\/v2\/posts\/3542\/revisions\/3543"}],"wp:featuredmedia":[{"embeddable":true,"href":"https:\/\/infotep.com.ar\/index.php\/wp-json\/wp\/v2\/media\/3544"}],"wp:attachment":[{"href":"https:\/\/infotep.com.ar\/index.php\/wp-json\/wp\/v2\/media?parent=3542"}],"wp:term":[{"taxonomy":"category","embeddable":true,"href":"https:\/\/infotep.com.ar\/index.php\/wp-json\/wp\/v2\/categories?post=3542"},{"taxonomy":"post_tag","embeddable":true,"href":"https:\/\/infotep.com.ar\/index.php\/wp-json\/wp\/v2\/tags?post=3542"}],"curies":[{"name":"wp","href":"https:\/\/api.w.org\/{rel}","templated":true}]}}