{"id":37195,"date":"2026-08-30T22:18:01","date_gmt":"2026-08-31T01:18:01","guid":{"rendered":"https:\/\/infotep.com.ar\/?p=37195"},"modified":"2026-08-30T22:18:02","modified_gmt":"2026-08-31T01:18:02","slug":"mas-de-2-400-estudios-consolidan-el-impacto-del-nuevo-mamografo-en-monte","status":"publish","type":"post","link":"https:\/\/infotep.com.ar\/index.php\/2026\/08\/30\/mas-de-2-400-estudios-consolidan-el-impacto-del-nuevo-mamografo-en-monte\/","title":{"rendered":"M\u00e1s de 2.400 estudios consolidan el impacto del nuevo mam\u00f3grafo en Monte"},"content":{"rendered":"\n<p>De esta manera, la Provincia fortalece el acceso a estudios de prevenci\u00f3n y diagn\u00f3stico para la comunidad. Adem\u00e1s se renov\u00f3 completamente el servicio de di\u00e1lisis.<\/p>\n\n\n\n<p>El Hospital \u201cZen\u00f3n Videla Dorna\u201d de San Miguel del Monte realiz\u00f3 2.415 mamograf\u00edas desde la puesta en funcionamiento del nuevo equipo digital. Adem\u00e1s, en lo que va del 2026 efectu\u00f3 alrededor de 45 procedimientos de di\u00e1lisis, principalmente a pacientes agudos, gracias a la \u00faltima m\u00e1quina incorporada. Esto, sumado a otras mejoras en infraestructura y el fortalecimiento de servicios, transforma al establecimiento bonaerense en una garant\u00eda de acceso para la salud de la regi\u00f3n.<\/p>\n\n\n\n<p>\u201cNuestro Hospital creci\u00f3 de manera sostenida a lo largo de estos a\u00f1os para poder dar respuesta a toda la comunidad, siendo el \u00fanico efector de salud pas\u00f3 de atender 55 mil personas en 2019 a m\u00e1s de 150 mil en 2025. Con nuevos servicios, especialidades y una importante inversi\u00f3n en equipamiento, logramos consolidarnos como centro de referencia regional\u201d, sostuvo su director ejecutivo, Nicol\u00e1s Jurao.<\/p>\n\n\n\n<p>Y afirm\u00f3: \u201cEsto es gracias al acompa\u00f1amiento constante y permanente del Ministerio de Salud de PBA y a las pol\u00edticas sanitarias que lleva adelante. Hoy en un contexto en el que las pol\u00edticas nacionales se desligan de todas las instancias y necesidades de los argentinos, nosotros seguimos creciendo y dando respuesta a nuestra poblaci\u00f3n, quienes adem\u00e1s son un pilar fundamental en el crecimiento de este Hospital\u201d.<\/p>\n\n\n\n<p>En materia de prevenci\u00f3n y diagn\u00f3stico, el hospital provincial de Monte resuelve un promedio de 1.200 mamograf\u00edas por a\u00f1o, lo que ampl\u00eda el acceso de las vecinas de Monte y la regi\u00f3n a un estudio fundamental para la detecci\u00f3n temprana de enfermedades mamarias. El objetivo es que la comunidad acceda a estas prestaciones fundamentales sin necesidad de trasladarse a un centro de mayor complejidad.<\/p>\n\n\n\n<p>Por otra parte, en cuanto a la incorporaci\u00f3n del equipo para el servicio de Di\u00e1lisis hace dos a\u00f1os, esto represent\u00f3 un avance fundamental para San Miguel del Monte y las localidades cercanas, ya que permite brindar atenci\u00f3n a pacientes que requieren este tratamiento en su misma localidad, sin tener que viajar a La Plata. De esta manera, se reducen derivaciones, y se facilita el acceso a un servicio cr\u00edtico e insustituible.<\/p>\n\n\n\n<p>En ese sentido, el hospital dispone tambi\u00e9n de una torre de laparoscopia, que permite realizar cirug\u00edas de m\u00ednima invasi\u00f3n y obtener diagn\u00f3sticos precisos. Contar con esa aparatolog\u00eda en el \u201cVidela Dorna\u201d hizo posible que se resuelvan m\u00e1s de 1.200 procedimientos dentro del \u00e1mbito local.<\/p>\n\n\n\n<p><strong>M\u00e1s infraestructura y equipamiento para el hospital<\/strong><\/p>\n\n\n\n<p>El fortalecimiento del Videla Dorna tambi\u00e9n alcanz\u00f3 su infraestructura. En diciembre de 2025 se complet\u00f3 la sexta y \u00faltima etapa del recambio de techos del hospital, una obra que cont\u00f3 con un apoyo financiero de $51 millones y permiti\u00f3 avanzar en la refacci\u00f3n y mejora de distintos sectores del establecimiento.<\/p>\n\n\n\n<p>Durante agosto de 2026, adem\u00e1s, se incorporaron 20 camas SIPRO el\u00e9ctricas destinadas al sector de Cuidados M\u00ednimos y dos camillas de traslado intrahospitalario para reforzar la atenci\u00f3n en Guardia y Cirug\u00eda. Esta adquisici\u00f3n implic\u00f3 una inversi\u00f3n de $43 millones, financiada \u00edntegramente mediante apoyo financiero.<\/p>\n\n\n\n<p>Tambi\u00e9n se incorporaron 20 equipos de aire acondicionado fr\u00edo\/calor, que permitieron equipar todas las habitaciones de Cuidados M\u00ednimos y mejorar las condiciones de internaci\u00f3n. La inversi\u00f3n fue de $20,4 millones, entre fondos de apoyo financiero y recursos propios del hospital.<\/p>\n\n\n\n<p>El establecimiento sum\u00f3 adem\u00e1s un electrocardi\u00f3grafo port\u00e1til de 12 derivaciones para la Unidad de Terapia Intensiva, instrumental para la torre de laparoscop\u00eda y nuevas mesas para instrumental destinadas a Quir\u00f3fano y Enfermer\u00eda, fortaleciendo tanto la capacidad diagn\u00f3stica y quir\u00fargica como las condiciones de trabajo de los equipos de salud.<\/p>\n\n\n\n<p><strong>Una red p\u00fablica que se fortalece en cada localidad<\/strong><\/p>\n\n\n\n<p>Las mejoras en el Hospital Videla Dorna forman parte de una pol\u00edtica del Ministerio de Salud bonaerense orientada a fortalecer la Red Provincial Hospitalaria, ampliar las prestaciones disponibles en cada territorio y reducir las desigualdades en el acceso a la atenci\u00f3n sanitaria.<\/p>\n\n\n\n<p>Para San Miguel del Monte y su regi\u00f3n, contar con un hospital p\u00fablico equipado y con nuevas prestaciones significa evitar traslados, facilitar el acceso a estudios y tratamientos y garantizar que m\u00e1s bonaerenses puedan resolver sus necesidades de salud cerca de sus hogares.<\/p>\n\n\n\n<p>El fortalecimiento del Videla Dorna expresa as\u00ed el compromiso de la Provincia de Buenos Aires con una salud p\u00fablica presente en todo el territorio: con inversi\u00f3n en infraestructura, tecnolog\u00eda y equipamiento, pero tambi\u00e9n con el desarrollo de servicios que mejoran concretamente la vida cotidiana de las comunidades.<\/p>\n","protected":false},"excerpt":{"rendered":"<p>De esta manera, la Provincia fortalece el acceso a estudios de prevenci&oacute;n y diagn&oacute;stico para la comunidad. Adem&aacute;s se renov&oacute; completamente el servicio de di&aacute;lisis. El Hospital &ldquo;Zen&oacute;n Videla Dorna&rdquo; de San Miguel del Monte realiz&oacute; 2.415 mamograf&iacute;as desde la puesta en funcionamiento del nuevo equipo digital. Adem&aacute;s, en lo que va del 2026 efectu&oacute; &hellip; <\/p>\n","protected":false},"author":5,"featured_media":1578,"comment_status":"closed","ping_status":"closed","sticky":false,"template":"","format":"standard","meta":{"om_disable_all_campaigns":false,"_joinchat":[]},"categories":[4],"tags":[46,43,569],"featured_image_urls":{"full":["https:\/\/infotep.com.ar\/wp-content\/uploads\/2022\/10\/mamografia.jpg",900,506,false],"thumbnail":["https:\/\/infotep.com.ar\/wp-content\/uploads\/2022\/10\/mamografia-150x150.jpg",150,150,true],"medium":["https:\/\/infotep.com.ar\/wp-content\/uploads\/2022\/10\/mamografia-300x169.jpg",300,169,true],"medium_large":["https:\/\/infotep.com.ar\/wp-content\/uploads\/2022\/10\/mamografia-768x432.jpg",768,432,true],"large":["https:\/\/infotep.com.ar\/wp-content\/uploads\/2022\/10\/mamografia.jpg",900,506,false],"1536x1536":["https:\/\/infotep.com.ar\/wp-content\/uploads\/2022\/10\/mamografia.jpg",900,506,false],"2048x2048":["https:\/\/infotep.com.ar\/wp-content\/uploads\/2022\/10\/mamografia.jpg",900,506,false],"blossom-feminine-slider":["https:\/\/infotep.com.ar\/wp-content\/uploads\/2022\/10\/mamografia.jpg",900,506,false],"blossom-feminine-featured":["https:\/\/infotep.com.ar\/wp-content\/uploads\/2022\/10\/mamografia.jpg",900,506,false],"blossom-feminine-with-sidebar":["https:\/\/infotep.com.ar\/wp-content\/uploads\/2022\/10\/mamografia.jpg",900,506,false],"blossom-feminine-blog":["https:\/\/infotep.com.ar\/wp-content\/uploads\/2022\/10\/mamografia-435x435.jpg",435,435,true],"blossom-feminine-cat":["https:\/\/infotep.com.ar\/wp-content\/uploads\/2022\/10\/mamografia-450x300.jpg",450,300,true],"blossom-feminine-related":["https:\/\/infotep.com.ar\/wp-content\/uploads\/2022\/10\/mamografia-320x200.jpg",320,200,true],"blossom-feminine-schema":["https:\/\/infotep.com.ar\/wp-content\/uploads\/2022\/10\/mamografia-107x60.jpg",107,60,true],"blossom-mommy-blog-slider-big":["https:\/\/infotep.com.ar\/wp-content\/uploads\/2022\/10\/mamografia.jpg",900,506,false],"blossom-mommy-blog-slider":["https:\/\/infotep.com.ar\/wp-content\/uploads\/2022\/10\/mamografia-460x310.jpg",460,310,true],"blossom-mommy-blog-two":["https:\/\/infotep.com.ar\/wp-content\/uploads\/2022\/10\/mamografia-768x480.jpg",768,480,true]},"author_info":{"info":["Angela Tobar"]},"category_info":"<a href=\"https:\/\/infotep.com.ar\/index.php\/category\/provinciales\/\" rel=\"category tag\">Provinciales<\/a>","tag_info":"Provinciales","comment_count":"0","_links":{"self":[{"href":"https:\/\/infotep.com.ar\/index.php\/wp-json\/wp\/v2\/posts\/37195"}],"collection":[{"href":"https:\/\/infotep.com.ar\/index.php\/wp-json\/wp\/v2\/posts"}],"about":[{"href":"https:\/\/infotep.com.ar\/index.php\/wp-json\/wp\/v2\/types\/post"}],"author":[{"embeddable":true,"href":"https:\/\/infotep.com.ar\/index.php\/wp-json\/wp\/v2\/users\/5"}],"replies":[{"embeddable":true,"href":"https:\/\/infotep.com.ar\/index.php\/wp-json\/wp\/v2\/comments?post=37195"}],"version-history":[{"count":1,"href":"https:\/\/infotep.com.ar\/index.php\/wp-json\/wp\/v2\/posts\/37195\/revisions"}],"predecessor-version":[{"id":37196,"href":"https:\/\/infotep.com.ar\/index.php\/wp-json\/wp\/v2\/posts\/37195\/revisions\/37196"}],"wp:featuredmedia":[{"embeddable":true,"href":"https:\/\/infotep.com.ar\/index.php\/wp-json\/wp\/v2\/media\/1578"}],"wp:attachment":[{"href":"https:\/\/infotep.com.ar\/index.php\/wp-json\/wp\/v2\/media?parent=37195"}],"wp:term":[{"taxonomy":"category","embeddable":true,"href":"https:\/\/infotep.com.ar\/index.php\/wp-json\/wp\/v2\/categories?post=37195"},{"taxonomy":"post_tag","embeddable":true,"href":"https:\/\/infotep.com.ar\/index.php\/wp-json\/wp\/v2\/tags?post=37195"}],"curies":[{"name":"wp","href":"https:\/\/api.w.org\/{rel}","templated":true}]}}