{"id":37197,"date":"2026-08-31T00:18:00","date_gmt":"2026-08-31T03:18:00","guid":{"rendered":"https:\/\/infotep.com.ar\/?p=37197"},"modified":"2026-08-30T22:20:29","modified_gmt":"2026-08-31T01:20:29","slug":"ate-critico-a-caputo-por-destinar-fondos-previsionales-a-creditos-hipotecarios","status":"publish","type":"post","link":"https:\/\/infotep.com.ar\/index.php\/2026\/08\/31\/ate-critico-a-caputo-por-destinar-fondos-previsionales-a-creditos-hipotecarios\/","title":{"rendered":"ATE critic\u00f3 a Caputo por destinar fondos previsionales a cr\u00e9ditos hipotecarios"},"content":{"rendered":"\n<p>La Asociaci\u00f3n Trabajadores del Estado (ATE) cuestion\u00f3 el anuncio del ministro de Econom\u00eda, Luis Caputo, sobre un nuevo esquema de cr\u00e9ditos hipotecarios que contempla el uso de recursos del Fondo de Garant\u00eda de Sustentabilidad (FGS) para fondear pr\u00e9stamos a trav\u00e9s de entidades financieras.<\/p>\n\n\n\n<p>Desde el gremio de los trabajadores de ANSES expresaron preocupaci\u00f3n por el destino de los fondos previsionales y cuestionaron que sean utilizados para fortalecer el sistema financiero mientras persisten dificultades en los ingresos de los jubilados y crece la informalidad laboral.<\/p>\n\n\n\n<p>\u201cEl FGS no es una caja financiera del Gobierno ni de los bancos. Es patrimonio del sistema previsional y pertenece a los trabajadores\u201d, sostuvo Luciano Fern\u00e1ndez, coordinador nacional de ANSES y dirigente nacional de ATE.<\/p>\n\n\n\n<p>El dirigente tambi\u00e9n cuestion\u00f3 el contexto en el que se anunci\u00f3 la medida. \u201cMientras se deterioran los ingresos de los jubilados, crece la informalidad laboral y aumenta el endeudamiento de las familias, el Gobierno decide utilizar estos recursos para fondear al sistema financiero\u201d, afirm\u00f3.<\/p>\n\n\n\n<p><strong>Cr\u00edticas al nuevo esquema hipotecario<\/strong><\/p>\n\n\n\n<p>ATE tambi\u00e9n marc\u00f3 diferencias entre el programa anunciado por el Gobierno y otras pol\u00edticas de acceso a la vivienda implementadas en a\u00f1os anteriores, como el PROCREAR.<\/p>\n\n\n\n<p>Seg\u00fan se\u00f1alaron desde la organizaci\u00f3n gremial, el nuevo esquema, al estar canalizado a trav\u00e9s de bancos privados, establece requisitos de ingresos que dejar\u00edan afuera a una parte importante de los trabajadores. Las simulaciones oficiales mencionadas por el gremio contemplan ingresos familiares netos cercanos a los $3,46 millones mensuales para acceder a determinados cr\u00e9ditos.<\/p>\n\n\n\n<p>En ese sentido, ATE tambi\u00e9n puso en discusi\u00f3n los indicadores utilizados por el Gobierno para evaluar el rendimiento del FGS. Desde el sindicato sostuvieron que esas mediciones no contemplan adecuadamente el impacto de las variaciones cambiarias y cuestionaron adem\u00e1s la eliminaci\u00f3n de fondos fiduciarios destinados a obras de infraestructura, desarrollo urbano y econom\u00edas regionales.<\/p>\n\n\n\n<p>El gremio tambi\u00e9n se\u00f1al\u00f3 la suspensi\u00f3n de l\u00edneas de cr\u00e9dito directas vinculadas al organismo previsional y reclam\u00f3 discutir cu\u00e1l debe ser el destino de los recursos acumulados en el FGS.<\/p>\n\n\n\n<p>\u201cArgentina necesita cr\u00e9dito y necesita una pol\u00edtica de vivienda. La discusi\u00f3n es al servicio de qui\u00e9n se ponen los recursos de la ANSES: si se utilizan para garantizar negocios financieros o para fortalecer la seguridad social, el empleo, la producci\u00f3n y el acceso a derechos\u201d, sostuvo Fern\u00e1ndez.<\/p>\n\n\n\n<p><strong>ATE pidi\u00f3 explicaciones en el Congreso<\/strong><\/p>\n\n\n\n<p>Ante el anuncio del Gobierno, desde ATE reclamaron que las autoridades de ANSES y del Ministerio de Capital Humano concurran al Congreso de la Naci\u00f3n para explicar los criterios t\u00e9cnicos y jur\u00eddicos utilizados para disponer de los activos del Fondo de Garant\u00eda de Sustentabilidad.<\/p>\n\n\n\n<p>La organizaci\u00f3n sindical busca que se detalle el alcance de la medida y se determine c\u00f3mo impactar\u00e1 el uso de los recursos previsionales en la sustentabilidad del sistema y en los trabajadores y jubilados.<\/p>\n","protected":false},"excerpt":{"rendered":"<p>La Asociaci&oacute;n Trabajadores del Estado (ATE) cuestion&oacute; el anuncio del ministro de Econom&iacute;a, Luis Caputo, sobre un nuevo esquema de cr&eacute;ditos hipotecarios que contempla el uso de recursos del Fondo de Garant&iacute;a de Sustentabilidad (FGS) para fondear pr&eacute;stamos a trav&eacute;s de entidades financieras. Desde el gremio de los trabajadores de ANSES expresaron preocupaci&oacute;n por el &hellip; <\/p>\n","protected":false},"author":5,"featured_media":27524,"comment_status":"closed","ping_status":"closed","sticky":false,"template":"","format":"standard","meta":{"om_disable_all_campaigns":false,"_joinchat":[]},"categories":[7,3],"tags":[46,43,569],"featured_image_urls":{"full":["https:\/\/infotep.com.ar\/wp-content\/uploads\/2025\/09\/caputo.webp",1080,720,false],"thumbnail":["https:\/\/infotep.com.ar\/wp-content\/uploads\/2025\/09\/caputo-150x150.webp",150,150,true],"medium":["https:\/\/infotep.com.ar\/wp-content\/uploads\/2025\/09\/caputo-300x200.webp",300,200,true],"medium_large":["https:\/\/infotep.com.ar\/wp-content\/uploads\/2025\/09\/caputo-768x512.webp",768,512,true],"large":["https:\/\/infotep.com.ar\/wp-content\/uploads\/2025\/09\/caputo-1024x683.webp",1020,680,true],"1536x1536":["https:\/\/infotep.com.ar\/wp-content\/uploads\/2025\/09\/caputo.webp",1080,720,false],"2048x2048":["https:\/\/infotep.com.ar\/wp-content\/uploads\/2025\/09\/caputo.webp",1080,720,false],"blossom-feminine-slider":["https:\/\/infotep.com.ar\/wp-content\/uploads\/2025\/09\/caputo-1080x649.webp",1080,649,true],"blossom-feminine-featured":["https:\/\/infotep.com.ar\/wp-content\/uploads\/2025\/09\/caputo-1080x600.webp",1080,600,true],"blossom-feminine-with-sidebar":["https:\/\/infotep.com.ar\/wp-content\/uploads\/2025\/09\/caputo-1020x600.webp",1020,600,true],"blossom-feminine-blog":["https:\/\/infotep.com.ar\/wp-content\/uploads\/2025\/09\/caputo-435x435.webp",435,435,true],"blossom-feminine-cat":["https:\/\/infotep.com.ar\/wp-content\/uploads\/2025\/09\/caputo-450x300.webp",450,300,true],"blossom-feminine-related":["https:\/\/infotep.com.ar\/wp-content\/uploads\/2025\/09\/caputo-320x200.webp",320,200,true],"blossom-feminine-schema":["https:\/\/infotep.com.ar\/wp-content\/uploads\/2025\/09\/caputo-90x60.webp",90,60,true],"blossom-mommy-blog-slider-big":["https:\/\/infotep.com.ar\/wp-content\/uploads\/2025\/09\/caputo-920x650.webp",920,650,true],"blossom-mommy-blog-slider":["https:\/\/infotep.com.ar\/wp-content\/uploads\/2025\/09\/caputo-460x310.webp",460,310,true],"blossom-mommy-blog-two":["https:\/\/infotep.com.ar\/wp-content\/uploads\/2025\/09\/caputo-768x480.webp",768,480,true]},"author_info":{"info":["Angela Tobar"]},"category_info":"<a href=\"https:\/\/infotep.com.ar\/index.php\/category\/gremios\/\" rel=\"category tag\">Gremios<\/a> <a href=\"https:\/\/infotep.com.ar\/index.php\/category\/nacionales\/\" rel=\"category tag\">Nacionales<\/a>","tag_info":"Nacionales","comment_count":"0","_links":{"self":[{"href":"https:\/\/infotep.com.ar\/index.php\/wp-json\/wp\/v2\/posts\/37197"}],"collection":[{"href":"https:\/\/infotep.com.ar\/index.php\/wp-json\/wp\/v2\/posts"}],"about":[{"href":"https:\/\/infotep.com.ar\/index.php\/wp-json\/wp\/v2\/types\/post"}],"author":[{"embeddable":true,"href":"https:\/\/infotep.com.ar\/index.php\/wp-json\/wp\/v2\/users\/5"}],"replies":[{"embeddable":true,"href":"https:\/\/infotep.com.ar\/index.php\/wp-json\/wp\/v2\/comments?post=37197"}],"version-history":[{"count":1,"href":"https:\/\/infotep.com.ar\/index.php\/wp-json\/wp\/v2\/posts\/37197\/revisions"}],"predecessor-version":[{"id":37198,"href":"https:\/\/infotep.com.ar\/index.php\/wp-json\/wp\/v2\/posts\/37197\/revisions\/37198"}],"wp:featuredmedia":[{"embeddable":true,"href":"https:\/\/infotep.com.ar\/index.php\/wp-json\/wp\/v2\/media\/27524"}],"wp:attachment":[{"href":"https:\/\/infotep.com.ar\/index.php\/wp-json\/wp\/v2\/media?parent=37197"}],"wp:term":[{"taxonomy":"category","embeddable":true,"href":"https:\/\/infotep.com.ar\/index.php\/wp-json\/wp\/v2\/categories?post=37197"},{"taxonomy":"post_tag","embeddable":true,"href":"https:\/\/infotep.com.ar\/index.php\/wp-json\/wp\/v2\/tags?post=37197"}],"curies":[{"name":"wp","href":"https:\/\/api.w.org\/{rel}","templated":true}]}}