{"id":37207,"date":"2026-08-30T22:52:29","date_gmt":"2026-08-31T01:52:29","guid":{"rendered":"https:\/\/infotep.com.ar\/?p=37207"},"modified":"2026-08-30T22:52:30","modified_gmt":"2026-08-31T01:52:30","slug":"el-frente-de-sindicatos-unidos-se-reune-con-empresarios-pymes-para-impulsar-la-produccion-nacional","status":"publish","type":"post","link":"https:\/\/infotep.com.ar\/index.php\/2026\/08\/30\/el-frente-de-sindicatos-unidos-se-reune-con-empresarios-pymes-para-impulsar-la-produccion-nacional\/","title":{"rendered":"El Frente de Sindicatos Unidos se re\u00fane con empresarios pymes para impulsar la producci\u00f3n nacional"},"content":{"rendered":"\n<p>El Frente de Sindicatos Unidos (FreSU) mantendr\u00e1 este lunes un encuentro con empresarios pymes e industriales de San Mart\u00edn para analizar la situaci\u00f3n productiva y promover propuestas vinculadas al trabajo y la producci\u00f3n nacional.<\/p>\n\n\n\n<p>La jornada comenzar\u00e1 a las 11 en el Palacio Municipal, donde los dirigentes sindicales se reunir\u00e1n con el intendente Fernando Moreira para abordar la situaci\u00f3n econ\u00f3mica y el desarrollo productivo del distrito.<\/p>\n\n\n\n<p>Luego, los representantes del FreSU mantendr\u00e1n un encuentro con empresarios pymes e industriales en la sede de la Asociaci\u00f3n de Trabajadores del Estado (ATE) de San Mart\u00edn, ubicada en Rodr\u00edguez Pe\u00f1a 2265.<\/p>\n\n\n\n<p>Desde el espacio sindical se\u00f1alaron que la reuni\u00f3n se realiza en un contexto que consideran marcado por la p\u00e9rdida de poder adquisitivo, los aumentos en tarifas y transporte, el desfinanciamiento de \u00e1reas como educaci\u00f3n y salud y el incremento de las importaciones.<\/p>\n\n\n\n<p><strong>Reclamo por el salario m\u00ednimo y la reforma laboral<\/strong><\/p>\n\n\n\n<p>Entre los principales planteos del FreSU se encuentra la actualizaci\u00f3n del Salario M\u00ednimo, Vital y M\u00f3vil. Seg\u00fan el espacio, el monto deber\u00eda alcanzar los $3.065.161 para cubrir las necesidades contempladas por la legislaci\u00f3n nacional.<\/p>\n\n\n\n<p>El frente tambi\u00e9n ratific\u00f3 su rechazo a la reforma laboral impulsada por el Gobierno nacional y plante\u00f3 la necesidad de avanzar en una legislaci\u00f3n que contemple mayor protecci\u00f3n y derechos para los trabajadores.<\/p>\n\n\n\n<p>A su vez, los sindicatos plantearon la necesidad de impulsar una pol\u00edtica industrial y productiva que incluya la reactivaci\u00f3n de la obra p\u00fablica, el desarrollo de infraestructura y transporte, el acceso al cr\u00e9dito, una reforma tributaria progresiva y medidas para fortalecer la producci\u00f3n nacional.<\/p>\n\n\n\n<p>Tambi\u00e9n propusieron pol\u00edticas de sustituci\u00f3n de importaciones y mayor financiamiento para la ciencia, la tecnolog\u00eda y la innovaci\u00f3n.<\/p>\n\n\n\n<p><strong>Paros regionales y reclamos sindicales<\/strong><\/p>\n\n\n\n<p>La actividad en San Mart\u00edn se suma a una serie de acciones impulsadas por el FreSU. La semana pasada, durante un acto realizado en Rosario, el espacio anunci\u00f3 que promover\u00e1 paros regionales en reclamo de mejoras salariales y laborales.<\/p>\n\n\n\n<p>Seg\u00fan anticiparon, la intenci\u00f3n es avanzar hacia un paro nacional antes de fin de a\u00f1o que re\u00fana distintos reclamos sindicales, entre ellos la actualizaci\u00f3n del salario m\u00ednimo, el desendeudamiento de las familias y la defensa de la educaci\u00f3n universitaria y la salud p\u00fablica.<\/p>\n","protected":false},"excerpt":{"rendered":"<p>El Frente de Sindicatos Unidos (FreSU) mantendr&aacute; este lunes un encuentro con empresarios pymes e industriales de San Mart&iacute;n para analizar la situaci&oacute;n productiva y promover propuestas vinculadas al trabajo y la producci&oacute;n nacional. La jornada comenzar&aacute; a las 11 en el Palacio Municipal, donde los dirigentes sindicales se reunir&aacute;n con el intendente Fernando Moreira &hellip; <\/p>\n","protected":false},"author":5,"featured_media":13167,"comment_status":"closed","ping_status":"closed","sticky":false,"template":"","format":"standard","meta":{"om_disable_all_campaigns":false,"_joinchat":[]},"categories":[7,3],"tags":[46,43,569],"featured_image_urls":{"full":["https:\/\/infotep.com.ar\/wp-content\/uploads\/2024\/05\/trabajo-empresa-pyme.webp",720,480,false],"thumbnail":["https:\/\/infotep.com.ar\/wp-content\/uploads\/2024\/05\/trabajo-empresa-pyme-150x150.webp",150,150,true],"medium":["https:\/\/infotep.com.ar\/wp-content\/uploads\/2024\/05\/trabajo-empresa-pyme-300x200.webp",300,200,true],"medium_large":["https:\/\/infotep.com.ar\/wp-content\/uploads\/2024\/05\/trabajo-empresa-pyme.webp",720,480,false],"large":["https:\/\/infotep.com.ar\/wp-content\/uploads\/2024\/05\/trabajo-empresa-pyme.webp",720,480,false],"1536x1536":["https:\/\/infotep.com.ar\/wp-content\/uploads\/2024\/05\/trabajo-empresa-pyme.webp",720,480,false],"2048x2048":["https:\/\/infotep.com.ar\/wp-content\/uploads\/2024\/05\/trabajo-empresa-pyme.webp",720,480,false],"blossom-feminine-slider":["https:\/\/infotep.com.ar\/wp-content\/uploads\/2024\/05\/trabajo-empresa-pyme.webp",720,480,false],"blossom-feminine-featured":["https:\/\/infotep.com.ar\/wp-content\/uploads\/2024\/05\/trabajo-empresa-pyme.webp",720,480,false],"blossom-feminine-with-sidebar":["https:\/\/infotep.com.ar\/wp-content\/uploads\/2024\/05\/trabajo-empresa-pyme.webp",720,480,false],"blossom-feminine-blog":["https:\/\/infotep.com.ar\/wp-content\/uploads\/2024\/05\/trabajo-empresa-pyme-435x435.webp",435,435,true],"blossom-feminine-cat":["https:\/\/infotep.com.ar\/wp-content\/uploads\/2024\/05\/trabajo-empresa-pyme-450x300.webp",450,300,true],"blossom-feminine-related":["https:\/\/infotep.com.ar\/wp-content\/uploads\/2024\/05\/trabajo-empresa-pyme-320x200.webp",320,200,true],"blossom-feminine-schema":["https:\/\/infotep.com.ar\/wp-content\/uploads\/2024\/05\/trabajo-empresa-pyme-90x60.webp",90,60,true],"blossom-mommy-blog-slider-big":["https:\/\/infotep.com.ar\/wp-content\/uploads\/2024\/05\/trabajo-empresa-pyme.webp",720,480,false],"blossom-mommy-blog-slider":["https:\/\/infotep.com.ar\/wp-content\/uploads\/2024\/05\/trabajo-empresa-pyme-460x310.webp",460,310,true],"blossom-mommy-blog-two":["https:\/\/infotep.com.ar\/wp-content\/uploads\/2024\/05\/trabajo-empresa-pyme.webp",720,480,false]},"author_info":{"info":["Angela Tobar"]},"category_info":"<a href=\"https:\/\/infotep.com.ar\/index.php\/category\/gremios\/\" rel=\"category tag\">Gremios<\/a> <a href=\"https:\/\/infotep.com.ar\/index.php\/category\/nacionales\/\" rel=\"category tag\">Nacionales<\/a>","tag_info":"Nacionales","comment_count":"0","_links":{"self":[{"href":"https:\/\/infotep.com.ar\/index.php\/wp-json\/wp\/v2\/posts\/37207"}],"collection":[{"href":"https:\/\/infotep.com.ar\/index.php\/wp-json\/wp\/v2\/posts"}],"about":[{"href":"https:\/\/infotep.com.ar\/index.php\/wp-json\/wp\/v2\/types\/post"}],"author":[{"embeddable":true,"href":"https:\/\/infotep.com.ar\/index.php\/wp-json\/wp\/v2\/users\/5"}],"replies":[{"embeddable":true,"href":"https:\/\/infotep.com.ar\/index.php\/wp-json\/wp\/v2\/comments?post=37207"}],"version-history":[{"count":1,"href":"https:\/\/infotep.com.ar\/index.php\/wp-json\/wp\/v2\/posts\/37207\/revisions"}],"predecessor-version":[{"id":37208,"href":"https:\/\/infotep.com.ar\/index.php\/wp-json\/wp\/v2\/posts\/37207\/revisions\/37208"}],"wp:featuredmedia":[{"embeddable":true,"href":"https:\/\/infotep.com.ar\/index.php\/wp-json\/wp\/v2\/media\/13167"}],"wp:attachment":[{"href":"https:\/\/infotep.com.ar\/index.php\/wp-json\/wp\/v2\/media?parent=37207"}],"wp:term":[{"taxonomy":"category","embeddable":true,"href":"https:\/\/infotep.com.ar\/index.php\/wp-json\/wp\/v2\/categories?post=37207"},{"taxonomy":"post_tag","embeddable":true,"href":"https:\/\/infotep.com.ar\/index.php\/wp-json\/wp\/v2\/tags?post=37207"}],"curies":[{"name":"wp","href":"https:\/\/api.w.org\/{rel}","templated":true}]}}