{"id":37213,"date":"2026-08-31T00:00:00","date_gmt":"2026-08-31T03:00:00","guid":{"rendered":"https:\/\/infotep.com.ar\/?p=37213"},"modified":"2026-08-31T00:05:58","modified_gmt":"2026-08-31T03:05:58","slug":"festifolk-2026-merlo-avanza-en-un-intercambio-cultural-con-peru","status":"publish","type":"post","link":"https:\/\/infotep.com.ar\/index.php\/2026\/08\/31\/festifolk-2026-merlo-avanza-en-un-intercambio-cultural-con-peru\/","title":{"rendered":"FestiFolk 2026: Merlo avanza en un intercambio cultural con Per\u00fa"},"content":{"rendered":"\n<p>De cara a una nueva edici\u00f3n del Festival Internacional de Folklore (FestiFolk), representantes de Merlo mantuvieron un encuentro de trabajo con el embajador de Per\u00fa en Argentina, Carlos Alberto Chocano Burga, para fortalecer los v\u00ednculos culturales y educativos entre ambas comunidades.<\/p>\n\n\n\n<p>Durante la reuni\u00f3n se present\u00f3 la edici\u00f3n 2026 de FestiFolk, que se realizar\u00e1 del 30 de septiembre al 4 de octubre en Merlo y contar\u00e1 con la participaci\u00f3n del Ballet Folcl\u00f3rico Piurano \u201cZelmy Rey\u201d, una agrupaci\u00f3n peruana con casi seis d\u00e9cadas de trayectoria.<\/p>\n\n\n\n<p>El festival busca reunir expresiones culturales de distintos pa\u00edses y promover el intercambio entre las comunidades latinoamericanas que residen en Argentina.<\/p>\n\n\n\n<p><strong>Cooperaci\u00f3n con universidades peruanas<\/strong><\/p>\n\n\n\n<p>El encuentro tambi\u00e9n incluy\u00f3 propuestas de cooperaci\u00f3n acad\u00e9mica con la Universidad Nacional del Oeste (UNO).<\/p>\n\n\n\n<p>Entre las iniciativas analizadas se encuentra la incorporaci\u00f3n de representantes de la diplomacia y universidades peruanas a la C\u00e1tedra Abierta para el Desarrollo de Am\u00e9rica Latina que funciona en la universidad.<\/p>\n\n\n\n<p>Adem\u00e1s, se plante\u00f3 avanzar en programas de movilidad para estudiantes y docentes y generar espacios acad\u00e9micos vinculados con los recursos estrat\u00e9gicos de la regi\u00f3n y la cuesti\u00f3n Malvinas.<\/p>\n","protected":false},"excerpt":{"rendered":"<p>De cara a una nueva edici&oacute;n del Festival Internacional de Folklore (FestiFolk), representantes de Merlo mantuvieron un encuentro de trabajo con el embajador de Per&uacute; en Argentina, Carlos Alberto Chocano Burga, para fortalecer los v&iacute;nculos culturales y educativos entre ambas comunidades. Durante la reuni&oacute;n se present&oacute; la edici&oacute;n 2026 de FestiFolk, que se realizar&aacute; del &hellip; <\/p>\n","protected":false},"author":5,"featured_media":37214,"comment_status":"closed","ping_status":"closed","sticky":false,"template":"","format":"standard","meta":{"om_disable_all_campaigns":false,"_joinchat":[]},"categories":[10],"tags":[46,43,569],"featured_image_urls":{"full":["https:\/\/infotep.com.ar\/wp-content\/uploads\/2026\/08\/Gran-Espectaculo-Folclorico-Internacional-en-Merlo-6.jpg",1200,675,false],"thumbnail":["https:\/\/infotep.com.ar\/wp-content\/uploads\/2026\/08\/Gran-Espectaculo-Folclorico-Internacional-en-Merlo-6-150x150.jpg",150,150,true],"medium":["https:\/\/infotep.com.ar\/wp-content\/uploads\/2026\/08\/Gran-Espectaculo-Folclorico-Internacional-en-Merlo-6-300x169.jpg",300,169,true],"medium_large":["https:\/\/infotep.com.ar\/wp-content\/uploads\/2026\/08\/Gran-Espectaculo-Folclorico-Internacional-en-Merlo-6-768x432.jpg",768,432,true],"large":["https:\/\/infotep.com.ar\/wp-content\/uploads\/2026\/08\/Gran-Espectaculo-Folclorico-Internacional-en-Merlo-6-1024x576.jpg",1020,574,true],"1536x1536":["https:\/\/infotep.com.ar\/wp-content\/uploads\/2026\/08\/Gran-Espectaculo-Folclorico-Internacional-en-Merlo-6.jpg",1200,675,false],"2048x2048":["https:\/\/infotep.com.ar\/wp-content\/uploads\/2026\/08\/Gran-Espectaculo-Folclorico-Internacional-en-Merlo-6.jpg",1200,675,false],"blossom-feminine-slider":["https:\/\/infotep.com.ar\/wp-content\/uploads\/2026\/08\/Gran-Espectaculo-Folclorico-Internacional-en-Merlo-6-1200x649.jpg",1200,649,true],"blossom-feminine-featured":["https:\/\/infotep.com.ar\/wp-content\/uploads\/2026\/08\/Gran-Espectaculo-Folclorico-Internacional-en-Merlo-6-1200x600.jpg",1200,600,true],"blossom-feminine-with-sidebar":["https:\/\/infotep.com.ar\/wp-content\/uploads\/2026\/08\/Gran-Espectaculo-Folclorico-Internacional-en-Merlo-6-1020x600.jpg",1020,600,true],"blossom-feminine-blog":["https:\/\/infotep.com.ar\/wp-content\/uploads\/2026\/08\/Gran-Espectaculo-Folclorico-Internacional-en-Merlo-6-435x435.jpg",435,435,true],"blossom-feminine-cat":["https:\/\/infotep.com.ar\/wp-content\/uploads\/2026\/08\/Gran-Espectaculo-Folclorico-Internacional-en-Merlo-6-450x300.jpg",450,300,true],"blossom-feminine-related":["https:\/\/infotep.com.ar\/wp-content\/uploads\/2026\/08\/Gran-Espectaculo-Folclorico-Internacional-en-Merlo-6-320x200.jpg",320,200,true],"blossom-feminine-schema":["https:\/\/infotep.com.ar\/wp-content\/uploads\/2026\/08\/Gran-Espectaculo-Folclorico-Internacional-en-Merlo-6-107x60.jpg",107,60,true],"blossom-mommy-blog-slider-big":["https:\/\/infotep.com.ar\/wp-content\/uploads\/2026\/08\/Gran-Espectaculo-Folclorico-Internacional-en-Merlo-6-920x650.jpg",920,650,true],"blossom-mommy-blog-slider":["https:\/\/infotep.com.ar\/wp-content\/uploads\/2026\/08\/Gran-Espectaculo-Folclorico-Internacional-en-Merlo-6-460x310.jpg",460,310,true],"blossom-mommy-blog-two":["https:\/\/infotep.com.ar\/wp-content\/uploads\/2026\/08\/Gran-Espectaculo-Folclorico-Internacional-en-Merlo-6-768x480.jpg",768,480,true]},"author_info":{"info":["Angela Tobar"]},"category_info":"<a href=\"https:\/\/infotep.com.ar\/index.php\/category\/municipales\/merlo\/\" rel=\"category tag\">Merlo<\/a>","tag_info":"Merlo","comment_count":"0","_links":{"self":[{"href":"https:\/\/infotep.com.ar\/index.php\/wp-json\/wp\/v2\/posts\/37213"}],"collection":[{"href":"https:\/\/infotep.com.ar\/index.php\/wp-json\/wp\/v2\/posts"}],"about":[{"href":"https:\/\/infotep.com.ar\/index.php\/wp-json\/wp\/v2\/types\/post"}],"author":[{"embeddable":true,"href":"https:\/\/infotep.com.ar\/index.php\/wp-json\/wp\/v2\/users\/5"}],"replies":[{"embeddable":true,"href":"https:\/\/infotep.com.ar\/index.php\/wp-json\/wp\/v2\/comments?post=37213"}],"version-history":[{"count":1,"href":"https:\/\/infotep.com.ar\/index.php\/wp-json\/wp\/v2\/posts\/37213\/revisions"}],"predecessor-version":[{"id":37215,"href":"https:\/\/infotep.com.ar\/index.php\/wp-json\/wp\/v2\/posts\/37213\/revisions\/37215"}],"wp:featuredmedia":[{"embeddable":true,"href":"https:\/\/infotep.com.ar\/index.php\/wp-json\/wp\/v2\/media\/37214"}],"wp:attachment":[{"href":"https:\/\/infotep.com.ar\/index.php\/wp-json\/wp\/v2\/media?parent=37213"}],"wp:term":[{"taxonomy":"category","embeddable":true,"href":"https:\/\/infotep.com.ar\/index.php\/wp-json\/wp\/v2\/categories?post=37213"},{"taxonomy":"post_tag","embeddable":true,"href":"https:\/\/infotep.com.ar\/index.php\/wp-json\/wp\/v2\/tags?post=37213"}],"curies":[{"name":"wp","href":"https:\/\/api.w.org\/{rel}","templated":true}]}}