{"id":37220,"date":"2026-08-31T00:00:00","date_gmt":"2026-08-31T03:00:00","guid":{"rendered":"https:\/\/infotep.com.ar\/?p=37220"},"modified":"2026-08-30T23:49:08","modified_gmt":"2026-08-31T02:49:08","slug":"la-matanza-habra-ferias-de-emprendedores-durante-septiembre-en-san-justo-e-isidro-casanova","status":"publish","type":"post","link":"https:\/\/infotep.com.ar\/index.php\/2026\/08\/31\/la-matanza-habra-ferias-de-emprendedores-durante-septiembre-en-san-justo-e-isidro-casanova\/","title":{"rendered":"La Matanza: habr\u00e1 ferias de emprendedores durante septiembre en San Justo e Isidro Casanova"},"content":{"rendered":"\n<p>Durante septiembre se realizar\u00e1n distintas jornadas de la Feria de Emprendedoras y Emprendedores de La Matanza, con m\u00e1s de 120 puestos de productos locales en plazas de San Justo e Isidro Casanova.<\/p>\n\n\n\n<p>La propuesta incluir\u00e1 emprendimientos de distintos rubros, entre ellos gastronom\u00eda, indumentaria, artesan\u00edas, cosm\u00e9tica natural, dise\u00f1o e impresiones 3D. La iniciativa busca facilitar el acceso a productos elaborados por trabajadores y emprendedores del distrito y fortalecer la comercializaci\u00f3n directa.<\/p>\n\n\n\n<p>Las actividades son organizadas por la Secretar\u00eda de Econom\u00eda Social y Solidaria y se desarrollar\u00e1n en diferentes fechas y horarios durante todo el mes.<\/p>\n\n\n\n<p><strong>Cronograma de septiembre<br><\/strong>Plaza Atalaya, Isidro Casanova: 4, 5, 18 y 19 de septiembre, de 10 a 20.<br>Plaza San Nicol\u00e1s, San Justo: 3, 10, 17 y 24 de septiembre, de 10 a 18.<br>Plaza San Mart\u00edn, San Justo: 2, 9, 16, 23 y 30 de septiembre, de 10 a 20.<\/p>\n\n\n\n<p>Adem\u00e1s, el programa Emprende Mujeres tendr\u00e1 una edici\u00f3n especial el s\u00e1bado 12 y domingo 13 de septiembre en el Hipermercado Chango M\u00e1s de San Justo, ubicado en avenida Juan Manuel de Rosas 3800. La actividad se realizar\u00e1 de 16 a 21.<\/p>\n\n\n\n<p>Seg\u00fan se inform\u00f3, las ferias forman parte de las pol\u00edticas destinadas a acompa\u00f1ar a emprendimientos locales y promover el d<\/p>\n","protected":false},"excerpt":{"rendered":"<p>Durante septiembre se realizar&aacute;n distintas jornadas de la Feria de Emprendedoras y Emprendedores de La Matanza, con m&aacute;s de 120 puestos de productos locales en plazas de San Justo e Isidro Casanova. La propuesta incluir&aacute; emprendimientos de distintos rubros, entre ellos gastronom&iacute;a, indumentaria, artesan&iacute;as, cosm&eacute;tica natural, dise&ntilde;o e impresiones 3D. La iniciativa busca facilitar el &hellip; <\/p>\n","protected":false},"author":5,"featured_media":37221,"comment_status":"closed","ping_status":"closed","sticky":false,"template":"","format":"standard","meta":{"om_disable_all_campaigns":false,"_joinchat":[]},"categories":[31,26],"tags":[46,43,569],"featured_image_urls":{"full":["https:\/\/infotep.com.ar\/wp-content\/uploads\/2026\/08\/FERIA.jpg",1600,1066,false],"thumbnail":["https:\/\/infotep.com.ar\/wp-content\/uploads\/2026\/08\/FERIA-150x150.jpg",150,150,true],"medium":["https:\/\/infotep.com.ar\/wp-content\/uploads\/2026\/08\/FERIA-300x200.jpg",300,200,true],"medium_large":["https:\/\/infotep.com.ar\/wp-content\/uploads\/2026\/08\/FERIA-768x512.jpg",768,512,true],"large":["https:\/\/infotep.com.ar\/wp-content\/uploads\/2026\/08\/FERIA-1024x682.jpg",1020,679,true],"1536x1536":["https:\/\/infotep.com.ar\/wp-content\/uploads\/2026\/08\/FERIA-1536x1023.jpg",1536,1023,true],"2048x2048":["https:\/\/infotep.com.ar\/wp-content\/uploads\/2026\/08\/FERIA.jpg",1600,1066,false],"blossom-feminine-slider":["https:\/\/infotep.com.ar\/wp-content\/uploads\/2026\/08\/FERIA-1600x649.jpg",1600,649,true],"blossom-feminine-featured":["https:\/\/infotep.com.ar\/wp-content\/uploads\/2026\/08\/FERIA-1410x600.jpg",1410,600,true],"blossom-feminine-with-sidebar":["https:\/\/infotep.com.ar\/wp-content\/uploads\/2026\/08\/FERIA-1020x600.jpg",1020,600,true],"blossom-feminine-blog":["https:\/\/infotep.com.ar\/wp-content\/uploads\/2026\/08\/FERIA-435x435.jpg",435,435,true],"blossom-feminine-cat":["https:\/\/infotep.com.ar\/wp-content\/uploads\/2026\/08\/FERIA-450x300.jpg",450,300,true],"blossom-feminine-related":["https:\/\/infotep.com.ar\/wp-content\/uploads\/2026\/08\/FERIA-320x200.jpg",320,200,true],"blossom-feminine-schema":["https:\/\/infotep.com.ar\/wp-content\/uploads\/2026\/08\/FERIA-90x60.jpg",90,60,true],"blossom-mommy-blog-slider-big":["https:\/\/infotep.com.ar\/wp-content\/uploads\/2026\/08\/FERIA-920x650.jpg",920,650,true],"blossom-mommy-blog-slider":["https:\/\/infotep.com.ar\/wp-content\/uploads\/2026\/08\/FERIA-460x310.jpg",460,310,true],"blossom-mommy-blog-two":["https:\/\/infotep.com.ar\/wp-content\/uploads\/2026\/08\/FERIA-768x480.jpg",768,480,true]},"author_info":{"info":["Angela Tobar"]},"category_info":"<a href=\"https:\/\/infotep.com.ar\/index.php\/category\/destacadas\/\" rel=\"category tag\">Destacadas<\/a> <a href=\"https:\/\/infotep.com.ar\/index.php\/category\/municipales\/la-matanza\/\" rel=\"category tag\">La Matanza<\/a>","tag_info":"La Matanza","comment_count":"0","_links":{"self":[{"href":"https:\/\/infotep.com.ar\/index.php\/wp-json\/wp\/v2\/posts\/37220"}],"collection":[{"href":"https:\/\/infotep.com.ar\/index.php\/wp-json\/wp\/v2\/posts"}],"about":[{"href":"https:\/\/infotep.com.ar\/index.php\/wp-json\/wp\/v2\/types\/post"}],"author":[{"embeddable":true,"href":"https:\/\/infotep.com.ar\/index.php\/wp-json\/wp\/v2\/users\/5"}],"replies":[{"embeddable":true,"href":"https:\/\/infotep.com.ar\/index.php\/wp-json\/wp\/v2\/comments?post=37220"}],"version-history":[{"count":1,"href":"https:\/\/infotep.com.ar\/index.php\/wp-json\/wp\/v2\/posts\/37220\/revisions"}],"predecessor-version":[{"id":37222,"href":"https:\/\/infotep.com.ar\/index.php\/wp-json\/wp\/v2\/posts\/37220\/revisions\/37222"}],"wp:featuredmedia":[{"embeddable":true,"href":"https:\/\/infotep.com.ar\/index.php\/wp-json\/wp\/v2\/media\/37221"}],"wp:attachment":[{"href":"https:\/\/infotep.com.ar\/index.php\/wp-json\/wp\/v2\/media?parent=37220"}],"wp:term":[{"taxonomy":"category","embeddable":true,"href":"https:\/\/infotep.com.ar\/index.php\/wp-json\/wp\/v2\/categories?post=37220"},{"taxonomy":"post_tag","embeddable":true,"href":"https:\/\/infotep.com.ar\/index.php\/wp-json\/wp\/v2\/tags?post=37220"}],"curies":[{"name":"wp","href":"https:\/\/api.w.org\/{rel}","templated":true}]}}