{"id":37226,"date":"2026-08-31T00:02:34","date_gmt":"2026-08-31T03:02:34","guid":{"rendered":"https:\/\/infotep.com.ar\/?p=37226"},"modified":"2026-08-31T00:02:35","modified_gmt":"2026-08-31T03:02:35","slug":"finalizo-la-expo-industria-moreno-2026-con-mas-de-1700-entrevistas-de-negocios","status":"publish","type":"post","link":"https:\/\/infotep.com.ar\/index.php\/2026\/08\/31\/finalizo-la-expo-industria-moreno-2026-con-mas-de-1700-entrevistas-de-negocios\/","title":{"rendered":"Finaliz\u00f3 la Expo Industria Moreno 2026 con m\u00e1s de 1700 entrevistas de negocios"},"content":{"rendered":"\n<p>La 5ta edici\u00f3n Reuni\u00f3n a industrias, empresas, instituciones y actores vinculados al desarrollo productivo del distrito. La Ronda de Negocios cont\u00f3 con 216 empresas inscriptas, 31 mesas de trabajo y permiti\u00f3 concretar negocios entre participantes.<\/p>\n\n\n\n<p>Durante dos jornadas intensivas, el Parque Industrial Municipal II adelante llev\u00f3 la quinta edici\u00f3n de la Expo Industria Moreno 2026 , un encuentro destinado a exhibir el crecimiento de la industria local , fortalecer la vinculaci\u00f3n entre las industrias, empresas de servicios y actores productivos, adem\u00e1s de promover nuevas oportunidades de negocios, el desarrollo de proveedores y la generaci\u00f3n de v\u00ednculos entre empresas, instituciones y organismos.<\/p>\n\n\n\n<p>La agenda de actividades incluy\u00f3 la 13\u00b0 edici\u00f3n de la Ronda de Negocios Multisectorial Moreno, un espacio que favoreci\u00f3 el encuentro entre empresas, proveedores y potenciales compradores, que cont\u00f3 con m\u00e1s de 200 empresas inscriptas y 1725 entrevistas de negocios, con un promedio de 11 entrevistas por empresa. La jornada cont\u00f3 con 31 mesas de trabajo y un 21% de las empresas participantes lograron cerrar negocios durante la ronda.<\/p>\n\n\n\n<p>Al respeto, la jefa comunal destac\u00f3: \u201cEn un momento muy dif\u00edcil para la industria y para las PyMES de nuestro pa\u00eds, celebramos poder encontrarnos una vez m\u00e1s para acompa\u00f1arnos, generar nuevos v\u00ednculos y seguir promoviendo el trabajo y la producci\u00f3n\u201d, y agreg\u00f3: \u201cNosotros elegimos defender un pa\u00eds con trabajo, con producci\u00f3n, con ciencia y tecnolog\u00eda, con universidades que formen a nuestras chicas y chicos y con una industria que genere valor y oportunidades. Gracias CAME por acompa\u00f1arnos, y especialmente a cada PyME ya cada empresa por el enorme esfuerzo que hacen todos los d\u00edas para sostener sus proyectos\u201d.<\/p>\n\n\n\n<p>Asimismo, Fern\u00e1ndez, expres\u00f3: \u201cCelebramos que el 80% de las \u00faltimas 52 hect\u00e1reas que adquirimos para el Parque Industrial Moreno ya est\u00e1n comprometidas, una muestra de que muchas industrias siguen confiando y apostando en nuestro municipio\u201d, y concluy\u00f3: \u201cDesde nuestro gobierno municipal siempre estamos cerca porque creemos que cuando nos acompa\u00f1amos y trabajamos codo a codo, podemos construir una comunidad y un pa\u00eds que incluya a todas y todos\u201d.<\/p>\n\n\n\n<p>La Expo tambi\u00e9n cont\u00f3 con una propuesta abierta al p\u00fablico general para conocer el entramado productivo local y las capacidades de las empresas radicadas en el distrito. De manera complementaria, se realiz\u00f3 una Ronda de Negocios para el Desarrollo de Proveedores con Grupo L, la cual junt\u00f3 alrededor de 30 empresas locales. Un formato distinto permiti\u00f3 vincular empresas locales y regionales con la compa\u00f1\u00eda para promover la incorporaci\u00f3n de nuevos proveedores a sus cadenas de valor y fortalecer el entramado productivo local.<\/p>\n\n\n\n<p>Tambi\u00e9n se desarroll\u00f3 una charla informativa sobre Oportunidades Argentina\u2013Congo, a cargo del presidente Ntao Mwanga y la directora ejecutiva Laura Medina, de la C\u00e1mara de Comercio Argentino-RDCongole\u00f1a.<\/p>\n\n\n\n<p>En este marco se present\u00f3 una muestra parcial del Censo Industrial del Distrito , con los primeros resultados y datos destacados del relevamiento realizado. Adem\u00e1s, se entregaron reconocimientos a industriales y empresarios locales por su trayectoria, compromiso, aporte al desarrollo productivo y contribuci\u00f3n a la comunidad .<\/p>\n","protected":false},"excerpt":{"rendered":"<p>La 5ta edici&oacute;n Reuni&oacute;n a industrias, empresas, instituciones y actores vinculados al desarrollo productivo del distrito. La Ronda de Negocios cont&oacute; con 216 empresas inscriptas, 31 mesas de trabajo y permiti&oacute; concretar negocios entre participantes. Durante dos jornadas intensivas, el Parque Industrial Municipal II adelante llev&oacute; la quinta edici&oacute;n de la Expo Industria Moreno 2026 &hellip; <\/p>\n","protected":false},"author":5,"featured_media":37227,"comment_status":"closed","ping_status":"closed","sticky":false,"template":"","format":"standard","meta":{"om_disable_all_campaigns":false,"_joinchat":[]},"categories":[31,85],"tags":[46,43,569],"featured_image_urls":{"full":["https:\/\/infotep.com.ar\/wp-content\/uploads\/2026\/08\/EXPO-INDUSTRIA-1.jpg",900,506,false],"thumbnail":["https:\/\/infotep.com.ar\/wp-content\/uploads\/2026\/08\/EXPO-INDUSTRIA-1-150x150.jpg",150,150,true],"medium":["https:\/\/infotep.com.ar\/wp-content\/uploads\/2026\/08\/EXPO-INDUSTRIA-1-300x169.jpg",300,169,true],"medium_large":["https:\/\/infotep.com.ar\/wp-content\/uploads\/2026\/08\/EXPO-INDUSTRIA-1-768x432.jpg",768,432,true],"large":["https:\/\/infotep.com.ar\/wp-content\/uploads\/2026\/08\/EXPO-INDUSTRIA-1.jpg",900,506,false],"1536x1536":["https:\/\/infotep.com.ar\/wp-content\/uploads\/2026\/08\/EXPO-INDUSTRIA-1.jpg",900,506,false],"2048x2048":["https:\/\/infotep.com.ar\/wp-content\/uploads\/2026\/08\/EXPO-INDUSTRIA-1.jpg",900,506,false],"blossom-feminine-slider":["https:\/\/infotep.com.ar\/wp-content\/uploads\/2026\/08\/EXPO-INDUSTRIA-1.jpg",900,506,false],"blossom-feminine-featured":["https:\/\/infotep.com.ar\/wp-content\/uploads\/2026\/08\/EXPO-INDUSTRIA-1.jpg",900,506,false],"blossom-feminine-with-sidebar":["https:\/\/infotep.com.ar\/wp-content\/uploads\/2026\/08\/EXPO-INDUSTRIA-1.jpg",900,506,false],"blossom-feminine-blog":["https:\/\/infotep.com.ar\/wp-content\/uploads\/2026\/08\/EXPO-INDUSTRIA-1-435x435.jpg",435,435,true],"blossom-feminine-cat":["https:\/\/infotep.com.ar\/wp-content\/uploads\/2026\/08\/EXPO-INDUSTRIA-1-450x300.jpg",450,300,true],"blossom-feminine-related":["https:\/\/infotep.com.ar\/wp-content\/uploads\/2026\/08\/EXPO-INDUSTRIA-1-320x200.jpg",320,200,true],"blossom-feminine-schema":["https:\/\/infotep.com.ar\/wp-content\/uploads\/2026\/08\/EXPO-INDUSTRIA-1-107x60.jpg",107,60,true],"blossom-mommy-blog-slider-big":["https:\/\/infotep.com.ar\/wp-content\/uploads\/2026\/08\/EXPO-INDUSTRIA-1.jpg",900,506,false],"blossom-mommy-blog-slider":["https:\/\/infotep.com.ar\/wp-content\/uploads\/2026\/08\/EXPO-INDUSTRIA-1-460x310.jpg",460,310,true],"blossom-mommy-blog-two":["https:\/\/infotep.com.ar\/wp-content\/uploads\/2026\/08\/EXPO-INDUSTRIA-1-768x480.jpg",768,480,true]},"author_info":{"info":["Angela Tobar"]},"category_info":"<a href=\"https:\/\/infotep.com.ar\/index.php\/category\/destacadas\/\" rel=\"category tag\">Destacadas<\/a> <a href=\"https:\/\/infotep.com.ar\/index.php\/category\/municipales\/moreno\/\" rel=\"category tag\">Moreno<\/a>","tag_info":"Moreno","comment_count":"0","_links":{"self":[{"href":"https:\/\/infotep.com.ar\/index.php\/wp-json\/wp\/v2\/posts\/37226"}],"collection":[{"href":"https:\/\/infotep.com.ar\/index.php\/wp-json\/wp\/v2\/posts"}],"about":[{"href":"https:\/\/infotep.com.ar\/index.php\/wp-json\/wp\/v2\/types\/post"}],"author":[{"embeddable":true,"href":"https:\/\/infotep.com.ar\/index.php\/wp-json\/wp\/v2\/users\/5"}],"replies":[{"embeddable":true,"href":"https:\/\/infotep.com.ar\/index.php\/wp-json\/wp\/v2\/comments?post=37226"}],"version-history":[{"count":1,"href":"https:\/\/infotep.com.ar\/index.php\/wp-json\/wp\/v2\/posts\/37226\/revisions"}],"predecessor-version":[{"id":37228,"href":"https:\/\/infotep.com.ar\/index.php\/wp-json\/wp\/v2\/posts\/37226\/revisions\/37228"}],"wp:featuredmedia":[{"embeddable":true,"href":"https:\/\/infotep.com.ar\/index.php\/wp-json\/wp\/v2\/media\/37227"}],"wp:attachment":[{"href":"https:\/\/infotep.com.ar\/index.php\/wp-json\/wp\/v2\/media?parent=37226"}],"wp:term":[{"taxonomy":"category","embeddable":true,"href":"https:\/\/infotep.com.ar\/index.php\/wp-json\/wp\/v2\/categories?post=37226"},{"taxonomy":"post_tag","embeddable":true,"href":"https:\/\/infotep.com.ar\/index.php\/wp-json\/wp\/v2\/tags?post=37226"}],"curies":[{"name":"wp","href":"https:\/\/api.w.org\/{rel}","templated":true}]}}