{"id":37235,"date":"2026-08-31T10:23:24","date_gmt":"2026-08-31T13:23:24","guid":{"rendered":"https:\/\/infotep.com.ar\/?p=37235"},"modified":"2026-08-31T10:26:28","modified_gmt":"2026-08-31T13:26:28","slug":"el-hcd-de-ituzaingo-convoca-al-ii-foro-de-la-comunidad-en-homenaje-al-indio-solari","status":"publish","type":"post","link":"https:\/\/infotep.com.ar\/index.php\/2026\/08\/31\/el-hcd-de-ituzaingo-convoca-al-ii-foro-de-la-comunidad-en-homenaje-al-indio-solari\/","title":{"rendered":"El HCD de Ituzaing\u00f3 convoca al II Foro de la Comunidad en homenaje al \u201cIndio\u201d Solari"},"content":{"rendered":"\n<p>El Honorable Concejo Deliberante (HCD) de Ituzaing\u00f3 convoc\u00f3 a vecinos, vecinas y organizaciones de la regi\u00f3n a participar del II Foro de la Comunidad, que tendr\u00e1 como eje la definici\u00f3n de propuestas para homenajear y recordar a Carlos \u201cIndio\u201d Solari.<\/p>\n\n\n\n<p>El encuentro se realizar\u00e1 el domingo 6 de septiembre, a las 18, en la Sala de Sesiones \u201cGral. Don Jos\u00e9 de San Mart\u00edn\u201d del HCD de Ituzaing\u00f3. La convocatoria es impulsada por la Presidencia del Concejo Deliberante, a cargo de Juan Manuel Alvarez Luna, junto con la Secretar\u00eda de Cultura y Educaci\u00f3n del Municipio.<\/p>\n\n\n\n<p>Seg\u00fan se inform\u00f3, el objetivo del foro ser\u00e1 generar un espacio de participaci\u00f3n ciudadana para debatir distintas iniciativas vinculadas con la vida, la obra y la memoria del m\u00fasico, quien residi\u00f3 en Parque Leloir y falleci\u00f3 el pasado 5 de junio, a los 77 a\u00f1os.<\/p>\n\n\n\n<p><strong>Desde el HCD se\u00f1alaron que la convocatoria surge a partir de \u201cla significativa cantidad de propuestas y consultas recibidas de manera espont\u00e1nea por parte de la comunidad local y regional\u201d. En ese marco, plantearon al foro como una instancia institucional para reunir y canalizar esas iniciativas.<\/strong><\/p>\n\n\n\n<figure class=\"wp-block-image size-large\"><img decoding=\"async\" loading=\"lazy\" width=\"1024\" height=\"683\" src=\"https:\/\/infotep.com.ar\/wp-content\/uploads\/2026\/06\/1-hcd-2-1024x683.jpg\" alt=\"\" class=\"wp-image-35345\" srcset=\"https:\/\/infotep.com.ar\/wp-content\/uploads\/2026\/06\/1-hcd-2-1024x683.jpg 1024w, https:\/\/infotep.com.ar\/wp-content\/uploads\/2026\/06\/1-hcd-2-300x200.jpg 300w, https:\/\/infotep.com.ar\/wp-content\/uploads\/2026\/06\/1-hcd-2-768x512.jpg 768w, https:\/\/infotep.com.ar\/wp-content\/uploads\/2026\/06\/1-hcd-2-1536x1024.jpg 1536w, https:\/\/infotep.com.ar\/wp-content\/uploads\/2026\/06\/1-hcd-2-2048x1365.jpg 2048w, https:\/\/infotep.com.ar\/wp-content\/uploads\/2026\/06\/1-hcd-2-450x300.jpg 450w, https:\/\/infotep.com.ar\/wp-content\/uploads\/2026\/06\/1-hcd-2-90x60.jpg 90w\" sizes=\"(max-width: 1024px) 100vw, 1024px\" \/><\/figure>\n\n\n\n<p>El comunicado destaca adem\u00e1s que la trayectoria de Solari, desarrollada hist\u00f3ricamente desde la autogesti\u00f3n y en v\u00ednculo con su comunidad, constituye \u201cun hito fundamental para la cultura independiente nacional\u201d.<\/p>\n\n\n\n<p>El encuentro tendr\u00e1 una din\u00e1mica similar a una sesi\u00f3n parlamentaria ordinaria. Las propuestas que surjan del intercambio ser\u00e1n posteriormente analizadas por el Honorable Concejo Deliberante y el Departamento Ejecutivo, de acuerdo con lo informado por los organizadores.<\/p>\n\n\n\n<p>La actividad se desarrollar\u00e1 en el marco de la segunda edici\u00f3n de la Feria Regional de Industrias Culturales y Creativas, cuyo eje conceptual para este a\u00f1o es \u201cIndustrias culturales en el barrio: comunidad, trabajo y desarrollo cultural en el territorio\u201d.<\/p>\n\n\n\n<p class=\"has-light-green-cyan-background-color has-background\"><strong>C\u00f3mo participar<\/strong><\/p>\n\n\n\n<p>El foro ser\u00e1 abierto al p\u00fablico para quienes quieran asistir y presenciar el debate. Quienes adem\u00e1s deseen tomar la palabra para presentar propuestas deber\u00e1n inscribirse previamente como foristas.<\/p>\n\n\n\n<p>La inscripci\u00f3n se realiza de manera presencial en la Mesa de Entradas del Honorable Concejo Deliberante de Ituzaing\u00f3, donde los interesados podr\u00e1n consultar el expediente HCD 17217\/2026, registrarse y, si lo consideran necesario, incorporar documentaci\u00f3n vinculada con sus propuestas.<\/p>\n\n\n\n<p>El plazo para la inscripci\u00f3n de los foristas permanecer\u00e1 abierto hasta el jueves 3 de septiembre a las 18.<\/p>\n\n\n\n<p>De esta manera, el HCD de Ituzaing\u00f3 propone una instancia de participaci\u00f3n comunitaria destinada a reunir iniciativas y debatir posibles formas de reconocimiento a la trayectoria art\u00edstica y cultural del \u201cIndio\u201d Solari.<\/p>\n","protected":false},"excerpt":{"rendered":"<p>El Honorable Concejo Deliberante (HCD) de Ituzaing&oacute; convoc&oacute; a vecinos, vecinas y organizaciones de la regi&oacute;n a participar del II Foro de la Comunidad, que tendr&aacute; como eje la definici&oacute;n de propuestas para homenajear y recordar a Carlos &ldquo;Indio&rdquo; Solari. El encuentro se realizar&aacute; el domingo 6 de septiembre, a las 18, en la Sala &hellip; <\/p>\n","protected":false},"author":5,"featured_media":34974,"comment_status":"closed","ping_status":"closed","sticky":false,"template":"","format":"standard","meta":{"om_disable_all_campaigns":false,"_joinchat":[]},"categories":[31,609,8],"tags":[46,43,569],"featured_image_urls":{"full":["https:\/\/infotep.com.ar\/wp-content\/uploads\/2026\/06\/indio.webp",1200,726,false],"thumbnail":["https:\/\/infotep.com.ar\/wp-content\/uploads\/2026\/06\/indio-150x150.webp",150,150,true],"medium":["https:\/\/infotep.com.ar\/wp-content\/uploads\/2026\/06\/indio-300x182.webp",300,182,true],"medium_large":["https:\/\/infotep.com.ar\/wp-content\/uploads\/2026\/06\/indio-768x465.webp",768,465,true],"large":["https:\/\/infotep.com.ar\/wp-content\/uploads\/2026\/06\/indio-1024x620.webp",1020,618,true],"1536x1536":["https:\/\/infotep.com.ar\/wp-content\/uploads\/2026\/06\/indio.webp",1200,726,false],"2048x2048":["https:\/\/infotep.com.ar\/wp-content\/uploads\/2026\/06\/indio.webp",1200,726,false],"blossom-feminine-slider":["https:\/\/infotep.com.ar\/wp-content\/uploads\/2026\/06\/indio-1200x649.webp",1200,649,true],"blossom-feminine-featured":["https:\/\/infotep.com.ar\/wp-content\/uploads\/2026\/06\/indio-1200x600.webp",1200,600,true],"blossom-feminine-with-sidebar":["https:\/\/infotep.com.ar\/wp-content\/uploads\/2026\/06\/indio-1020x600.webp",1020,600,true],"blossom-feminine-blog":["https:\/\/infotep.com.ar\/wp-content\/uploads\/2026\/06\/indio-435x435.webp",435,435,true],"blossom-feminine-cat":["https:\/\/infotep.com.ar\/wp-content\/uploads\/2026\/06\/indio-450x300.webp",450,300,true],"blossom-feminine-related":["https:\/\/infotep.com.ar\/wp-content\/uploads\/2026\/06\/indio-320x200.webp",320,200,true],"blossom-feminine-schema":["https:\/\/infotep.com.ar\/wp-content\/uploads\/2026\/06\/indio-99x60.webp",99,60,true],"blossom-mommy-blog-slider-big":["https:\/\/infotep.com.ar\/wp-content\/uploads\/2026\/06\/indio-920x650.webp",920,650,true],"blossom-mommy-blog-slider":["https:\/\/infotep.com.ar\/wp-content\/uploads\/2026\/06\/indio-460x310.webp",460,310,true],"blossom-mommy-blog-two":["https:\/\/infotep.com.ar\/wp-content\/uploads\/2026\/06\/indio-768x480.webp",768,480,true]},"author_info":{"info":["Angela Tobar"]},"category_info":"<a href=\"https:\/\/infotep.com.ar\/index.php\/category\/destacadas\/\" rel=\"category tag\">Destacadas<\/a> <a href=\"https:\/\/infotep.com.ar\/index.php\/category\/concejo-deliberante\/\" rel=\"category tag\">Honorable Concejo Deliberante<\/a> <a href=\"https:\/\/infotep.com.ar\/index.php\/category\/municipales\/ituzaingo\/\" rel=\"category tag\">Ituzaing\u00f3<\/a>","tag_info":"Ituzaing\u00f3","comment_count":"0","_links":{"self":[{"href":"https:\/\/infotep.com.ar\/index.php\/wp-json\/wp\/v2\/posts\/37235"}],"collection":[{"href":"https:\/\/infotep.com.ar\/index.php\/wp-json\/wp\/v2\/posts"}],"about":[{"href":"https:\/\/infotep.com.ar\/index.php\/wp-json\/wp\/v2\/types\/post"}],"author":[{"embeddable":true,"href":"https:\/\/infotep.com.ar\/index.php\/wp-json\/wp\/v2\/users\/5"}],"replies":[{"embeddable":true,"href":"https:\/\/infotep.com.ar\/index.php\/wp-json\/wp\/v2\/comments?post=37235"}],"version-history":[{"count":1,"href":"https:\/\/infotep.com.ar\/index.php\/wp-json\/wp\/v2\/posts\/37235\/revisions"}],"predecessor-version":[{"id":37236,"href":"https:\/\/infotep.com.ar\/index.php\/wp-json\/wp\/v2\/posts\/37235\/revisions\/37236"}],"wp:featuredmedia":[{"embeddable":true,"href":"https:\/\/infotep.com.ar\/index.php\/wp-json\/wp\/v2\/media\/34974"}],"wp:attachment":[{"href":"https:\/\/infotep.com.ar\/index.php\/wp-json\/wp\/v2\/media?parent=37235"}],"wp:term":[{"taxonomy":"category","embeddable":true,"href":"https:\/\/infotep.com.ar\/index.php\/wp-json\/wp\/v2\/categories?post=37235"},{"taxonomy":"post_tag","embeddable":true,"href":"https:\/\/infotep.com.ar\/index.php\/wp-json\/wp\/v2\/tags?post=37235"}],"curies":[{"name":"wp","href":"https:\/\/api.w.org\/{rel}","templated":true}]}}