{"id":37237,"date":"2026-08-31T17:07:10","date_gmt":"2026-08-31T20:07:10","guid":{"rendered":"https:\/\/infotep.com.ar\/?p=37237"},"modified":"2026-08-31T17:07:11","modified_gmt":"2026-08-31T20:07:11","slug":"la-carta-completa-con-la-que-messi-anuncio-su-retiro-de-la-seleccion","status":"publish","type":"post","link":"https:\/\/infotep.com.ar\/index.php\/2026\/08\/31\/la-carta-completa-con-la-que-messi-anuncio-su-retiro-de-la-seleccion\/","title":{"rendered":"La carta completa con la que Messi anunci\u00f3 su retiro de la Selecci\u00f3n"},"content":{"rendered":"\n<p>El astro argentino revel\u00f3 su decisi\u00f3n, a casi un mes y medio de la final del Mundial.<br>El astro argentino Lionel Messi anunci\u00f3 su retiro de la Selecci\u00f3n, a casi un mes y medio de la gran final del Mundial 2026, con una emotiva carta que comparti\u00f3 en sus redes sociales.<\/p>\n\n\n\n<p>En el comunicado, cont\u00f3 que hab\u00eda escrito la carta dos d\u00edas despu\u00e9s de la final en la que cayeron 1-0 ante Espa\u00f1a, y que despu\u00e9s del fallecimiento de su padre Jorge est\u00e1 m\u00e1s convencido que antes.<\/p>\n\n\n\n<p><strong>La carta completa con la que Messi anunci\u00f3 su retiro de la Selecci\u00f3n argentina<br><\/strong><br>Despu\u00e9s de este tiempo que pas\u00f3 desde la final, pens\u00e1ndolo mucho, quiero comunicarles a todos que me retiro de la Selecci\u00f3n\u2026<\/p>\n\n\n\n<p>Fue una decisi\u00f3n que doli\u00f3 y duele en el alma pero entiendo que es el momento. Les juro que siempre dej\u00e9 todo, no solo los \u00faltimos a\u00f1os que se gan\u00f3 todo antes tambi\u00e9n y siempre pele\u00e9 y me dej\u00e9 todo por esta camiseta, por darles alegr\u00edas y hacer que se sientan orgullosos de ser argentinos a trav\u00e9s del f\u00fatbol.<\/p>\n\n\n\n<p>Queda poco y se van cerrando etapas y esta es una que me duele mucho. Amo, am\u00e9 y amar\u00e9 siempre estar en la Selecci\u00f3n. Me vaci\u00e9, ya no tengo m\u00e1s para dar y aparte vienen chicos muy grandes atr\u00e1s que merecen estar.<\/p>\n\n\n\n<p>Gracias por todo el cari\u00f1o de estos 20 a\u00f1os. Voy a extra\u00f1ar mucho escucharlos desde adentro. Ahora voy a ser uno m\u00e1s de ustedes, alentando y bancando siempre desde afuera (en las buenas y en las malas, mucho m\u00e1s).<\/p>\n\n\n\n<p>Gracias a mi familia por estar siempre, por acompa\u00f1arme en este viaje tan hermoso pero dif\u00edcil.<\/p>\n\n\n\n<p>Gracias a cada uno de entrenadores, compa\u00f1eros y dirigentes que me toc\u00f3 compartir. Me llevo recuerdos y momentos inolvidables vividos.<\/p>\n\n\n\n<p>Me voy con la tranquilidad y el orgullo de haberles regalado, juntos con mis compa\u00f1eros, momentos so\u00f1ados. Fue una locura haberlo vivido con ustedes. \u00a1Los quiero!<\/p>\n\n\n\n<p>Gracias Dios por hacerme argentino.<\/p>\n\n\n\n<p>\u00a1Vamos Argentina!<\/p>\n\n\n\n<p>*Estas palabras las escrib\u00ed el 21 de julio, dos d\u00edas despu\u00e9s de la final. Hoy despu\u00e9s de lo de mi pap\u00e1, estoy m\u00e1s convencido que antes.<\/p>\n","protected":false},"excerpt":{"rendered":"<p>El astro argentino revel&oacute; su decisi&oacute;n, a casi un mes y medio de la final del Mundial.El astro argentino Lionel Messi anunci&oacute; su retiro de la Selecci&oacute;n, a casi un mes y medio de la gran final del Mundial 2026, con una emotiva carta que comparti&oacute; en sus redes sociales. En el comunicado, cont&oacute; que &hellip; <\/p>\n","protected":false},"author":5,"featured_media":36138,"comment_status":"closed","ping_status":"closed","sticky":false,"template":"","format":"standard","meta":{"om_disable_all_campaigns":false,"_joinchat":[]},"categories":[3],"tags":[46,43,569],"featured_image_urls":{"full":["https:\/\/infotep.com.ar\/wp-content\/uploads\/2026\/07\/messi.jpg",639,426,false],"thumbnail":["https:\/\/infotep.com.ar\/wp-content\/uploads\/2026\/07\/messi-150x150.jpg",150,150,true],"medium":["https:\/\/infotep.com.ar\/wp-content\/uploads\/2026\/07\/messi-300x200.jpg",300,200,true],"medium_large":["https:\/\/infotep.com.ar\/wp-content\/uploads\/2026\/07\/messi.jpg",639,426,false],"large":["https:\/\/infotep.com.ar\/wp-content\/uploads\/2026\/07\/messi.jpg",639,426,false],"1536x1536":["https:\/\/infotep.com.ar\/wp-content\/uploads\/2026\/07\/messi.jpg",639,426,false],"2048x2048":["https:\/\/infotep.com.ar\/wp-content\/uploads\/2026\/07\/messi.jpg",639,426,false],"blossom-feminine-slider":["https:\/\/infotep.com.ar\/wp-content\/uploads\/2026\/07\/messi.jpg",639,426,false],"blossom-feminine-featured":["https:\/\/infotep.com.ar\/wp-content\/uploads\/2026\/07\/messi.jpg",639,426,false],"blossom-feminine-with-sidebar":["https:\/\/infotep.com.ar\/wp-content\/uploads\/2026\/07\/messi.jpg",639,426,false],"blossom-feminine-blog":["https:\/\/infotep.com.ar\/wp-content\/uploads\/2026\/07\/messi-435x426.jpg",435,426,true],"blossom-feminine-cat":["https:\/\/infotep.com.ar\/wp-content\/uploads\/2026\/07\/messi-450x300.jpg",450,300,true],"blossom-feminine-related":["https:\/\/infotep.com.ar\/wp-content\/uploads\/2026\/07\/messi-320x200.jpg",320,200,true],"blossom-feminine-schema":["https:\/\/infotep.com.ar\/wp-content\/uploads\/2026\/07\/messi-90x60.jpg",90,60,true],"blossom-mommy-blog-slider-big":["https:\/\/infotep.com.ar\/wp-content\/uploads\/2026\/07\/messi.jpg",639,426,false],"blossom-mommy-blog-slider":["https:\/\/infotep.com.ar\/wp-content\/uploads\/2026\/07\/messi-460x310.jpg",460,310,true],"blossom-mommy-blog-two":["https:\/\/infotep.com.ar\/wp-content\/uploads\/2026\/07\/messi.jpg",639,426,false]},"author_info":{"info":["Angela Tobar"]},"category_info":"<a href=\"https:\/\/infotep.com.ar\/index.php\/category\/nacionales\/\" rel=\"category tag\">Nacionales<\/a>","tag_info":"Nacionales","comment_count":"0","_links":{"self":[{"href":"https:\/\/infotep.com.ar\/index.php\/wp-json\/wp\/v2\/posts\/37237"}],"collection":[{"href":"https:\/\/infotep.com.ar\/index.php\/wp-json\/wp\/v2\/posts"}],"about":[{"href":"https:\/\/infotep.com.ar\/index.php\/wp-json\/wp\/v2\/types\/post"}],"author":[{"embeddable":true,"href":"https:\/\/infotep.com.ar\/index.php\/wp-json\/wp\/v2\/users\/5"}],"replies":[{"embeddable":true,"href":"https:\/\/infotep.com.ar\/index.php\/wp-json\/wp\/v2\/comments?post=37237"}],"version-history":[{"count":1,"href":"https:\/\/infotep.com.ar\/index.php\/wp-json\/wp\/v2\/posts\/37237\/revisions"}],"predecessor-version":[{"id":37238,"href":"https:\/\/infotep.com.ar\/index.php\/wp-json\/wp\/v2\/posts\/37237\/revisions\/37238"}],"wp:featuredmedia":[{"embeddable":true,"href":"https:\/\/infotep.com.ar\/index.php\/wp-json\/wp\/v2\/media\/36138"}],"wp:attachment":[{"href":"https:\/\/infotep.com.ar\/index.php\/wp-json\/wp\/v2\/media?parent=37237"}],"wp:term":[{"taxonomy":"category","embeddable":true,"href":"https:\/\/infotep.com.ar\/index.php\/wp-json\/wp\/v2\/categories?post=37237"},{"taxonomy":"post_tag","embeddable":true,"href":"https:\/\/infotep.com.ar\/index.php\/wp-json\/wp\/v2\/tags?post=37237"}],"curies":[{"name":"wp","href":"https:\/\/api.w.org\/{rel}","templated":true}]}}