{"id":37239,"date":"2026-08-31T17:16:24","date_gmt":"2026-08-31T20:16:24","guid":{"rendered":"https:\/\/infotep.com.ar\/?p=37239"},"modified":"2026-08-31T17:16:25","modified_gmt":"2026-08-31T20:16:25","slug":"alerta-el-suicidio-ya-es-la-principal-causa-de-muerte-entre-jovenes-de-15-a-34-anos","status":"publish","type":"post","link":"https:\/\/infotep.com.ar\/index.php\/2026\/08\/31\/alerta-el-suicidio-ya-es-la-principal-causa-de-muerte-entre-jovenes-de-15-a-34-anos\/","title":{"rendered":"Alerta: el suicidio ya es la principal causa de muerte entre j\u00f3venes de 15 a 34 a\u00f1os"},"content":{"rendered":"\n<p>Los suicidios registraron un fuerte incremento en Argentina durante los \u00faltimos a\u00f1os y alcanzaron en 2025 el nivel m\u00e1s alto de la serie hist\u00f3rica.<strong> Seg\u00fan datos del Sistema Nacional de Informaci\u00f3n Criminal (SNIC), dependiente del Ministerio de Seguridad, 5.209 <\/strong>personas se quitaron la vida el a\u00f1o pasado, un 22,6% m\u00e1s que en 2024.<\/p>\n\n\n\n<p class=\"has-light-green-cyan-background-color has-background\">El crecimiento tambi\u00e9n se refleja en la tasa poblacional: pas\u00f3 de 9,7 suicidios cada 100.000 habitantes en 2024 a 11,8 en 2025, el mayor salto interanual registrado desde 2017. En comparaci\u00f3n con ese a\u00f1o, la cantidad de casos aument\u00f3 un 57,6%, aunque al considerar el crecimiento de la poblaci\u00f3n el incremento es del 43,9%.<\/p>\n\n\n\n<p>Uno de los aspectos que genera mayor preocupaci\u00f3n es el impacto de esta problem\u00e1tica sobre adolescentes y j\u00f3venes. Si bien el \u00faltimo informe del SNIC todav\u00eda no presenta los datos de 2025 discriminados por edad, las cifras disponibles hasta 2024 muestran una tendencia ascendente particularmente marcada entre las personas de 19 a 34 a\u00f1os.<\/p>\n\n\n\n<p><strong>Durante 2024, 4.249 personas murieron por suicidio y el 45,3% correspondi\u00f3 a adolescentes y j\u00f3venes en su juventud temprana. Ese a\u00f1o se registraron 561 casos entre j\u00f3venes de 20 a 24 a\u00f1os, 567 entre quienes ten\u00edan entre 25 y 29 y 486 entre los 30 y 34 a\u00f1os.<\/strong><\/p>\n\n\n\n<p>En el caso de los adolescentes de 15 a 19 a\u00f1os, los n\u00fameros se mantienen elevados, aunque la tendencia fue m\u00e1s estable. En 2018 se produjo un pico de 432 casos y, desde entonces, la cifra se ubic\u00f3 aproximadamente en 380 suicidios anuales. En 2024 se produjo una baja del 20%, aunque todav\u00eda no est\u00e1n disponibles los datos de 2025 desagregados por edad.<\/p>\n\n\n\n<p><strong>Una nueva configuraci\u00f3n de la violencia<\/strong><\/p>\n\n\n\n<p>El aumento de los suicidios fue analizado por el Observatorio de Pol\u00edtica Criminal, que advierte sobre una modificaci\u00f3n en la forma en que se manifiesta la violencia social.<\/p>\n\n\n\n<p>Uno de los datos centrales del informe es que en 2025 la tasa de suicidios cuadruplic\u00f3 a la de homicidios: mientras los suicidios alcanzaron 11,8 casos cada 100.000 habitantes, los homicidios se ubicaron en 3,6.<\/p>\n\n\n\n<p>Ariel Larroude, abogado especializado en pol\u00edtica criminal y director de la organizaci\u00f3n, sostuvo que la reducci\u00f3n de los homicidios convive con un crecimiento de la violencia ejercida contra uno mismo. Seg\u00fan explic\u00f3, se trata de fen\u00f3menos que no deben confundirse ni implican que sean las mismas personas, pero que permiten observar una transformaci\u00f3n en la configuraci\u00f3n de la violencia.<\/p>\n\n\n\n<p>Entre los factores que aparecen asociados a los contextos de vulnerabilidad de j\u00f3venes y adultos se mencionan las dificultades econ\u00f3micas, el endeudamiento, la sobreexposici\u00f3n a las pantallas, el uso excesivo de las redes sociales y el consumo problem\u00e1tico de sustancias. Sin embargo, el informe advierte que estos elementos no permiten establecer por s\u00ed mismos una relaci\u00f3n causal directa con los suicidios.<\/p>\n\n\n\n<p><strong>Diferencias entre las provincias<\/strong><\/p>\n\n\n\n<p>El fen\u00f3meno presenta importantes diferencias seg\u00fan la jurisdicci\u00f3n. En 2025, la tasa nacional fue de 11,8 suicidios cada 100.000 habitantes, mientras que en la provincia de Buenos Aires alcanz\u00f3 11,9.<\/p>\n\n\n\n<p>Entre las provincias con las tasas m\u00e1s elevadas aparece Entre R\u00edos, con 20,8 casos cada 100.000 habitantes, seguida por San Luis, con 18,9; Salta, con 17,4; Santa Cruz, con 16; y Catamarca, con 14,2.<\/p>\n\n\n\n<p>Tambi\u00e9n se registraron fuertes variaciones respecto de 2017. En Entre R\u00edos el aumento fue del 81,1%, mientras que en San Luis lleg\u00f3 al 152,6%.<\/p>\n\n\n\n<p>En el extremo opuesto se encuentran R\u00edo Negro, con 6,5 suicidios cada 100.000 habitantes; Neuqu\u00e9n, con 7,8; Corrientes y la Ciudad de Buenos Aires, ambas con 8; y Misiones, con 8,7.<\/p>\n\n\n\n<p>Uno de los casos que m\u00e1s llama la atenci\u00f3n es el de La Rioja, que pas\u00f3 de registrar 13 suicidios en 2017 a una tasa equivalente a 50 casos cada 100.000 habitantes en 2025. Esto representa un incremento del 284,6%.<\/p>\n\n\n\n<p><strong>Problemas en los registros y en la atenci\u00f3n<\/strong><\/p>\n\n\n\n<p>Otro de los puntos se\u00f1alados en el informe es la diferencia entre las estad\u00edsticas de los organismos estatales. Mientras el SNIC, dependiente del Ministerio de Seguridad, contabiliz\u00f3 m\u00e1s de 5.200 v\u00edctimas durante 2025, el Bolet\u00edn Epidemiol\u00f3gico Nacional inform\u00f3 748 muertes por suicidio durante las 52 semanas epidemiol\u00f3gicas de ese a\u00f1o.<\/p>\n\n\n\n<p>El suicidio fue incorporado como evento de notificaci\u00f3n obligatoria reci\u00e9n en 2023, una situaci\u00f3n que todav\u00eda genera demoras y dificultades en la recopilaci\u00f3n de informaci\u00f3n provincial. Para el Observatorio, mejorar los mecanismos de registro y coordinar el trabajo entre los ministerios de Salud y Seguridad resulta fundamental para desarrollar pol\u00edticas de prevenci\u00f3n y atenci\u00f3n.<\/p>\n\n\n\n<p>A esto se suma la situaci\u00f3n presupuestaria. El informe se\u00f1ala que durante 2025 apenas se ejecut\u00f3 el 31,2% del presupuesto destinado a salud mental, por debajo incluso del 36% registrado en 2017.<\/p>\n\n\n\n<p>Desde el Observatorio de Pol\u00edtica Criminal plantearon la necesidad de declarar la emergencia en salud mental y aumentar los recursos destinados a profesionales y especialistas.<\/p>\n\n\n\n<p>El informe tambi\u00e9n menciona entre los factores de preocupaci\u00f3n la ansiedad, la depresi\u00f3n, el aislamiento, el consumo elevado de estupefacientes y la ludopat\u00eda. A este escenario se suman, seg\u00fan la organizaci\u00f3n, las dificultades para acceder a empleos formales y el endeudamiento, especialmente entre j\u00f3venes y adultos mayores<\/p>\n","protected":false},"excerpt":{"rendered":"<p>Los suicidios registraron un fuerte incremento en Argentina durante los &uacute;ltimos a&ntilde;os y alcanzaron en 2025 el nivel m&aacute;s alto de la serie hist&oacute;rica. Seg&uacute;n datos del Sistema Nacional de Informaci&oacute;n Criminal (SNIC), dependiente del Ministerio de Seguridad, 5.209 personas se quitaron la vida el a&ntilde;o pasado, un 22,6% m&aacute;s que en 2024. El crecimiento &hellip; <\/p>\n","protected":false},"author":5,"featured_media":33764,"comment_status":"closed","ping_status":"closed","sticky":false,"template":"","format":"standard","meta":{"om_disable_all_campaigns":false,"_joinchat":[]},"categories":[31,3],"tags":[46,43,569],"featured_image_urls":{"full":["https:\/\/infotep.com.ar\/wp-content\/uploads\/2026\/04\/salud-mental-adolescentes-depresion-estres.jpg",299,168,false],"thumbnail":["https:\/\/infotep.com.ar\/wp-content\/uploads\/2026\/04\/salud-mental-adolescentes-depresion-estres-150x150.jpg",150,150,true],"medium":["https:\/\/infotep.com.ar\/wp-content\/uploads\/2026\/04\/salud-mental-adolescentes-depresion-estres.jpg",299,168,false],"medium_large":["https:\/\/infotep.com.ar\/wp-content\/uploads\/2026\/04\/salud-mental-adolescentes-depresion-estres.jpg",299,168,false],"large":["https:\/\/infotep.com.ar\/wp-content\/uploads\/2026\/04\/salud-mental-adolescentes-depresion-estres.jpg",299,168,false],"1536x1536":["https:\/\/infotep.com.ar\/wp-content\/uploads\/2026\/04\/salud-mental-adolescentes-depresion-estres.jpg",299,168,false],"2048x2048":["https:\/\/infotep.com.ar\/wp-content\/uploads\/2026\/04\/salud-mental-adolescentes-depresion-estres.jpg",299,168,false],"blossom-feminine-slider":["https:\/\/infotep.com.ar\/wp-content\/uploads\/2026\/04\/salud-mental-adolescentes-depresion-estres.jpg",299,168,false],"blossom-feminine-featured":["https:\/\/infotep.com.ar\/wp-content\/uploads\/2026\/04\/salud-mental-adolescentes-depresion-estres.jpg",299,168,false],"blossom-feminine-with-sidebar":["https:\/\/infotep.com.ar\/wp-content\/uploads\/2026\/04\/salud-mental-adolescentes-depresion-estres.jpg",299,168,false],"blossom-feminine-blog":["https:\/\/infotep.com.ar\/wp-content\/uploads\/2026\/04\/salud-mental-adolescentes-depresion-estres.jpg",299,168,false],"blossom-feminine-cat":["https:\/\/infotep.com.ar\/wp-content\/uploads\/2026\/04\/salud-mental-adolescentes-depresion-estres.jpg",299,168,false],"blossom-feminine-related":["https:\/\/infotep.com.ar\/wp-content\/uploads\/2026\/04\/salud-mental-adolescentes-depresion-estres.jpg",299,168,false],"blossom-feminine-schema":["https:\/\/infotep.com.ar\/wp-content\/uploads\/2026\/04\/salud-mental-adolescentes-depresion-estres-107x60.jpg",107,60,true],"blossom-mommy-blog-slider-big":["https:\/\/infotep.com.ar\/wp-content\/uploads\/2026\/04\/salud-mental-adolescentes-depresion-estres.jpg",299,168,false],"blossom-mommy-blog-slider":["https:\/\/infotep.com.ar\/wp-content\/uploads\/2026\/04\/salud-mental-adolescentes-depresion-estres.jpg",299,168,false],"blossom-mommy-blog-two":["https:\/\/infotep.com.ar\/wp-content\/uploads\/2026\/04\/salud-mental-adolescentes-depresion-estres.jpg",299,168,false]},"author_info":{"info":["Angela Tobar"]},"category_info":"<a href=\"https:\/\/infotep.com.ar\/index.php\/category\/destacadas\/\" rel=\"category tag\">Destacadas<\/a> <a href=\"https:\/\/infotep.com.ar\/index.php\/category\/nacionales\/\" rel=\"category tag\">Nacionales<\/a>","tag_info":"Nacionales","comment_count":"0","_links":{"self":[{"href":"https:\/\/infotep.com.ar\/index.php\/wp-json\/wp\/v2\/posts\/37239"}],"collection":[{"href":"https:\/\/infotep.com.ar\/index.php\/wp-json\/wp\/v2\/posts"}],"about":[{"href":"https:\/\/infotep.com.ar\/index.php\/wp-json\/wp\/v2\/types\/post"}],"author":[{"embeddable":true,"href":"https:\/\/infotep.com.ar\/index.php\/wp-json\/wp\/v2\/users\/5"}],"replies":[{"embeddable":true,"href":"https:\/\/infotep.com.ar\/index.php\/wp-json\/wp\/v2\/comments?post=37239"}],"version-history":[{"count":1,"href":"https:\/\/infotep.com.ar\/index.php\/wp-json\/wp\/v2\/posts\/37239\/revisions"}],"predecessor-version":[{"id":37240,"href":"https:\/\/infotep.com.ar\/index.php\/wp-json\/wp\/v2\/posts\/37239\/revisions\/37240"}],"wp:featuredmedia":[{"embeddable":true,"href":"https:\/\/infotep.com.ar\/index.php\/wp-json\/wp\/v2\/media\/33764"}],"wp:attachment":[{"href":"https:\/\/infotep.com.ar\/index.php\/wp-json\/wp\/v2\/media?parent=37239"}],"wp:term":[{"taxonomy":"category","embeddable":true,"href":"https:\/\/infotep.com.ar\/index.php\/wp-json\/wp\/v2\/categories?post=37239"},{"taxonomy":"post_tag","embeddable":true,"href":"https:\/\/infotep.com.ar\/index.php\/wp-json\/wp\/v2\/tags?post=37239"}],"curies":[{"name":"wp","href":"https:\/\/api.w.org\/{rel}","templated":true}]}}