{"id":37248,"date":"2026-09-01T00:03:27","date_gmt":"2026-09-01T03:03:27","guid":{"rendered":"https:\/\/infotep.com.ar\/?p=37248"},"modified":"2026-09-01T00:03:28","modified_gmt":"2026-09-01T03:03:28","slug":"la-feria-del-libro-de-la-matanza-ya-tiene-fecha","status":"publish","type":"post","link":"https:\/\/infotep.com.ar\/index.php\/2026\/09\/01\/la-feria-del-libro-de-la-matanza-ya-tiene-fecha\/","title":{"rendered":"La Feria del Libro de La Matanza ya tiene fecha"},"content":{"rendered":"\n<p>El mega evento de primavera tendr\u00e1 lugar del 11 al 21 de septiembre en la Plaza San Justo. La feria literaria m\u00e1s grande de la provincia contar\u00e1 con stands editoriales, charlas de figuras nacionales, shows en vivo, opciones gastron\u00f3micas y mucho m\u00e1s.<\/p>\n\n\n\n<p>La 19\u00b0 Feria del Libro de La Matanza abrir\u00e1 sus puertas del 11 al 21 de septiembre en la Plaza General San Mart\u00edn de San Justo, con entrada libre y gratuita. El evento literario y cultural m\u00e1s importante de la provincia de Buenos Aires, que re\u00fane cada a\u00f1o a m\u00e1s de 500 mil visitantes del distrito, as\u00ed como tambi\u00e9n de partidos vecinos, como la Ciudad Aut\u00f3noma de Buenos Aires, los espera con exposiciones editoriales, participar de presentaciones de libros y disfrutar de espect\u00e1culos infantiles y musicales para todas las edades.<\/p>\n\n\n\n<p><strong>La propuesta contar\u00e1 con la participaci\u00f3n de reconocidas figuras nacionales de la cultura y el periodismo, como Pedro Saborido, Alejandro Bercovich, Alejandro Dolina, Fernando Borroni, Carito M\u00fcller e Ignacio Copani. A su vez, el predio ofrecer\u00e1 un patio de food trucks gastron\u00f3micos durante todas las jornadas.<\/strong><\/p>\n\n\n\n<p>El acto inaugural oficial tendr\u00e1 lugar el lunes 14 de septiembre a las 17:30 horas, con la actuaci\u00f3n especial de Mora Godoy y las presentaciones art\u00edsticas de Fabio Santana, los Coros y Orquestas locales, la Banda de M\u00fasica Municipal, el Taller Intensivo de Teatro Musical de la Casa de Cultura de Ramos Mej\u00eda, el Estudio de Danza y Arte Alas y el Taller Alegr\u00eda. Durante la ceremonia se entregar\u00e1n las menciones y premios a los ganadores de los concursos culturales del distrito.<\/p>\n\n\n\n<p><strong>Entre las actividades centrales de esta edici\u00f3n se destacan los festejos del D\u00eda de la Primavera y la tradicional presentaci\u00f3n del Peric\u00f3n Nacional.<\/strong><\/p>\n\n\n\n<p>La Feria estar\u00e1 abierta de lunes a jueves de 10:00 a 20:00 horas, mientras que el viernes 11 de septiembre y los fines de semana funcionar\u00e1 de 12:00 a 20:00 horas.<\/p>\n","protected":false},"excerpt":{"rendered":"<p>El mega evento de primavera tendr&aacute; lugar del 11 al 21 de septiembre en la Plaza San Justo. La feria literaria m&aacute;s grande de la provincia contar&aacute; con stands editoriales, charlas de figuras nacionales, shows en vivo, opciones gastron&oacute;micas y mucho m&aacute;s. La 19&deg; Feria del Libro de La Matanza abrir&aacute; sus puertas del 11 &hellip; <\/p>\n","protected":false},"author":5,"featured_media":37250,"comment_status":"closed","ping_status":"closed","sticky":false,"template":"","format":"standard","meta":{"om_disable_all_campaigns":false,"_joinchat":[]},"categories":[31,26],"tags":[46,59,43,569],"featured_image_urls":{"full":["https:\/\/infotep.com.ar\/wp-content\/uploads\/2026\/09\/Feria-del-Libro-26-5.jpg.jpeg",963,642,false],"thumbnail":["https:\/\/infotep.com.ar\/wp-content\/uploads\/2026\/09\/Feria-del-Libro-26-5.jpg-150x150.jpeg",150,150,true],"medium":["https:\/\/infotep.com.ar\/wp-content\/uploads\/2026\/09\/Feria-del-Libro-26-5.jpg-300x200.jpeg",300,200,true],"medium_large":["https:\/\/infotep.com.ar\/wp-content\/uploads\/2026\/09\/Feria-del-Libro-26-5.jpg-768x512.jpeg",768,512,true],"large":["https:\/\/infotep.com.ar\/wp-content\/uploads\/2026\/09\/Feria-del-Libro-26-5.jpg.jpeg",963,642,false],"1536x1536":["https:\/\/infotep.com.ar\/wp-content\/uploads\/2026\/09\/Feria-del-Libro-26-5.jpg.jpeg",963,642,false],"2048x2048":["https:\/\/infotep.com.ar\/wp-content\/uploads\/2026\/09\/Feria-del-Libro-26-5.jpg.jpeg",963,642,false],"blossom-feminine-slider":["https:\/\/infotep.com.ar\/wp-content\/uploads\/2026\/09\/Feria-del-Libro-26-5.jpg.jpeg",963,642,false],"blossom-feminine-featured":["https:\/\/infotep.com.ar\/wp-content\/uploads\/2026\/09\/Feria-del-Libro-26-5.jpg-963x600.jpeg",963,600,true],"blossom-feminine-with-sidebar":["https:\/\/infotep.com.ar\/wp-content\/uploads\/2026\/09\/Feria-del-Libro-26-5.jpg-963x600.jpeg",963,600,true],"blossom-feminine-blog":["https:\/\/infotep.com.ar\/wp-content\/uploads\/2026\/09\/Feria-del-Libro-26-5.jpg-435x435.jpeg",435,435,true],"blossom-feminine-cat":["https:\/\/infotep.com.ar\/wp-content\/uploads\/2026\/09\/Feria-del-Libro-26-5.jpg-450x300.jpeg",450,300,true],"blossom-feminine-related":["https:\/\/infotep.com.ar\/wp-content\/uploads\/2026\/09\/Feria-del-Libro-26-5.jpg-320x200.jpeg",320,200,true],"blossom-feminine-schema":["https:\/\/infotep.com.ar\/wp-content\/uploads\/2026\/09\/Feria-del-Libro-26-5.jpg-90x60.jpeg",90,60,true],"blossom-mommy-blog-slider-big":["https:\/\/infotep.com.ar\/wp-content\/uploads\/2026\/09\/Feria-del-Libro-26-5.jpg-920x642.jpeg",920,642,true],"blossom-mommy-blog-slider":["https:\/\/infotep.com.ar\/wp-content\/uploads\/2026\/09\/Feria-del-Libro-26-5.jpg-460x310.jpeg",460,310,true],"blossom-mommy-blog-two":["https:\/\/infotep.com.ar\/wp-content\/uploads\/2026\/09\/Feria-del-Libro-26-5.jpg-768x480.jpeg",768,480,true]},"author_info":{"info":["Angela Tobar"]},"category_info":"<a href=\"https:\/\/infotep.com.ar\/index.php\/category\/destacadas\/\" rel=\"category tag\">Destacadas<\/a> <a href=\"https:\/\/infotep.com.ar\/index.php\/category\/municipales\/la-matanza\/\" rel=\"category tag\">La Matanza<\/a>","tag_info":"La Matanza","comment_count":"0","_links":{"self":[{"href":"https:\/\/infotep.com.ar\/index.php\/wp-json\/wp\/v2\/posts\/37248"}],"collection":[{"href":"https:\/\/infotep.com.ar\/index.php\/wp-json\/wp\/v2\/posts"}],"about":[{"href":"https:\/\/infotep.com.ar\/index.php\/wp-json\/wp\/v2\/types\/post"}],"author":[{"embeddable":true,"href":"https:\/\/infotep.com.ar\/index.php\/wp-json\/wp\/v2\/users\/5"}],"replies":[{"embeddable":true,"href":"https:\/\/infotep.com.ar\/index.php\/wp-json\/wp\/v2\/comments?post=37248"}],"version-history":[{"count":1,"href":"https:\/\/infotep.com.ar\/index.php\/wp-json\/wp\/v2\/posts\/37248\/revisions"}],"predecessor-version":[{"id":37251,"href":"https:\/\/infotep.com.ar\/index.php\/wp-json\/wp\/v2\/posts\/37248\/revisions\/37251"}],"wp:featuredmedia":[{"embeddable":true,"href":"https:\/\/infotep.com.ar\/index.php\/wp-json\/wp\/v2\/media\/37250"}],"wp:attachment":[{"href":"https:\/\/infotep.com.ar\/index.php\/wp-json\/wp\/v2\/media?parent=37248"}],"wp:term":[{"taxonomy":"category","embeddable":true,"href":"https:\/\/infotep.com.ar\/index.php\/wp-json\/wp\/v2\/categories?post=37248"},{"taxonomy":"post_tag","embeddable":true,"href":"https:\/\/infotep.com.ar\/index.php\/wp-json\/wp\/v2\/tags?post=37248"}],"curies":[{"name":"wp","href":"https:\/\/api.w.org\/{rel}","templated":true}]}}