{"id":37253,"date":"2026-09-01T15:00:27","date_gmt":"2026-09-01T18:00:27","guid":{"rendered":"https:\/\/infotep.com.ar\/?p=37253"},"modified":"2026-09-01T15:00:28","modified_gmt":"2026-09-01T18:00:28","slug":"ituzaingo-sera-sede-de-la-segunda-feria-regional-de-industrias-culturales-y-creativas","status":"publish","type":"post","link":"https:\/\/infotep.com.ar\/index.php\/2026\/09\/01\/ituzaingo-sera-sede-de-la-segunda-feria-regional-de-industrias-culturales-y-creativas\/","title":{"rendered":"Ituzaing\u00f3 ser\u00e1 sede de la segunda Feria Regional de Industrias Culturales y Creativas"},"content":{"rendered":"\n<p>La segunda edici\u00f3n de la Feria Regional de Industrias Culturales y Creativas (FRICC) se realizar\u00e1 los pr\u00f3ximos 5 y 6 de septiembre en Ituzaing\u00f3, con actividades que reunir\u00e1n a artistas, artesanos, emprendedores, gestores culturales y organizaciones comunitarias de la zona Oeste.<\/p>\n\n\n\n<p><strong>La propuesta tendr\u00e1 como sede principal la Plaza San Mart\u00edn, ubicada en 24 de Octubre y Mariano Acosta, adem\u00e1s de otros espacios culturales de Ituzaing\u00f3 Sur.<\/strong><\/p>\n\n\n\n<p>Durante las dos jornadas se buscar\u00e1 visibilizar el trabajo que desarrollan distintos actores vinculados a las industrias culturales y creativas desde los barrios y el territorio. La iniciativa apunta a mostrar proyectos y emprendimientos que, adem\u00e1s de formar parte de la actividad cultural local, generan oportunidades de trabajo y espacios de participaci\u00f3n comunitaria.<\/p>\n\n\n\n<p>La FRICC tambi\u00e9n plantea poner en agenda el aporte de las industrias culturales al desarrollo econ\u00f3mico y a la construcci\u00f3n de la identidad de las comunidades, con una mirada que incluye propuestas que se desarrollan por fuera de los circuitos culturales tradicionales.<\/p>\n\n\n\n<p>En ese marco, artistas, artesanos y emprendedores de Ituzaing\u00f3 y distintos puntos de la zona Oeste participar\u00e1n de una jornada destinada a acercar sus producciones al p\u00fablico.<\/p>\n\n\n\n<p>Adem\u00e1s de las actividades culturales, durante el fin de semana los vecinos y vecinas podr\u00e1n acceder a descuentos y promociones especiales en comercios ubicados en las inmediaciones de la Plaza San Mart\u00edn.<br><br><a href=\"https:\/\/miituzaingo.gov.ar\/es\/feria-regional-de-industrias-culturales-y-creativas\">CRONOGRAMA<\/a><\/p>\n","protected":false},"excerpt":{"rendered":"<p>La segunda edici&oacute;n de la Feria Regional de Industrias Culturales y Creativas (FRICC) se realizar&aacute; los pr&oacute;ximos 5 y 6 de septiembre en Ituzaing&oacute;, con actividades que reunir&aacute;n a artistas, artesanos, emprendedores, gestores culturales y organizaciones comunitarias de la zona Oeste. La propuesta tendr&aacute; como sede principal la Plaza San Mart&iacute;n, ubicada en 24 de &hellip; <\/p>\n","protected":false},"author":5,"featured_media":37254,"comment_status":"closed","ping_status":"closed","sticky":false,"template":"","format":"standard","meta":{"om_disable_all_campaigns":false,"_joinchat":[]},"categories":[31,8],"tags":[46,51,43,569],"featured_image_urls":{"full":["https:\/\/infotep.com.ar\/wp-content\/uploads\/2026\/09\/WhatsApp-Image-2026-09-01-at-11.57.24-AM.jpeg",1600,1066,false],"thumbnail":["https:\/\/infotep.com.ar\/wp-content\/uploads\/2026\/09\/WhatsApp-Image-2026-09-01-at-11.57.24-AM-150x150.jpeg",150,150,true],"medium":["https:\/\/infotep.com.ar\/wp-content\/uploads\/2026\/09\/WhatsApp-Image-2026-09-01-at-11.57.24-AM-300x200.jpeg",300,200,true],"medium_large":["https:\/\/infotep.com.ar\/wp-content\/uploads\/2026\/09\/WhatsApp-Image-2026-09-01-at-11.57.24-AM-768x512.jpeg",768,512,true],"large":["https:\/\/infotep.com.ar\/wp-content\/uploads\/2026\/09\/WhatsApp-Image-2026-09-01-at-11.57.24-AM-1024x682.jpeg",1020,679,true],"1536x1536":["https:\/\/infotep.com.ar\/wp-content\/uploads\/2026\/09\/WhatsApp-Image-2026-09-01-at-11.57.24-AM-1536x1023.jpeg",1536,1023,true],"2048x2048":["https:\/\/infotep.com.ar\/wp-content\/uploads\/2026\/09\/WhatsApp-Image-2026-09-01-at-11.57.24-AM.jpeg",1600,1066,false],"blossom-feminine-slider":["https:\/\/infotep.com.ar\/wp-content\/uploads\/2026\/09\/WhatsApp-Image-2026-09-01-at-11.57.24-AM-1600x649.jpeg",1600,649,true],"blossom-feminine-featured":["https:\/\/infotep.com.ar\/wp-content\/uploads\/2026\/09\/WhatsApp-Image-2026-09-01-at-11.57.24-AM-1410x600.jpeg",1410,600,true],"blossom-feminine-with-sidebar":["https:\/\/infotep.com.ar\/wp-content\/uploads\/2026\/09\/WhatsApp-Image-2026-09-01-at-11.57.24-AM-1020x600.jpeg",1020,600,true],"blossom-feminine-blog":["https:\/\/infotep.com.ar\/wp-content\/uploads\/2026\/09\/WhatsApp-Image-2026-09-01-at-11.57.24-AM-435x435.jpeg",435,435,true],"blossom-feminine-cat":["https:\/\/infotep.com.ar\/wp-content\/uploads\/2026\/09\/WhatsApp-Image-2026-09-01-at-11.57.24-AM-450x300.jpeg",450,300,true],"blossom-feminine-related":["https:\/\/infotep.com.ar\/wp-content\/uploads\/2026\/09\/WhatsApp-Image-2026-09-01-at-11.57.24-AM-320x200.jpeg",320,200,true],"blossom-feminine-schema":["https:\/\/infotep.com.ar\/wp-content\/uploads\/2026\/09\/WhatsApp-Image-2026-09-01-at-11.57.24-AM-90x60.jpeg",90,60,true],"blossom-mommy-blog-slider-big":["https:\/\/infotep.com.ar\/wp-content\/uploads\/2026\/09\/WhatsApp-Image-2026-09-01-at-11.57.24-AM-920x650.jpeg",920,650,true],"blossom-mommy-blog-slider":["https:\/\/infotep.com.ar\/wp-content\/uploads\/2026\/09\/WhatsApp-Image-2026-09-01-at-11.57.24-AM-460x310.jpeg",460,310,true],"blossom-mommy-blog-two":["https:\/\/infotep.com.ar\/wp-content\/uploads\/2026\/09\/WhatsApp-Image-2026-09-01-at-11.57.24-AM-768x480.jpeg",768,480,true]},"author_info":{"info":["Angela Tobar"]},"category_info":"<a href=\"https:\/\/infotep.com.ar\/index.php\/category\/destacadas\/\" rel=\"category tag\">Destacadas<\/a> <a href=\"https:\/\/infotep.com.ar\/index.php\/category\/municipales\/ituzaingo\/\" rel=\"category tag\">Ituzaing\u00f3<\/a>","tag_info":"Ituzaing\u00f3","comment_count":"0","_links":{"self":[{"href":"https:\/\/infotep.com.ar\/index.php\/wp-json\/wp\/v2\/posts\/37253"}],"collection":[{"href":"https:\/\/infotep.com.ar\/index.php\/wp-json\/wp\/v2\/posts"}],"about":[{"href":"https:\/\/infotep.com.ar\/index.php\/wp-json\/wp\/v2\/types\/post"}],"author":[{"embeddable":true,"href":"https:\/\/infotep.com.ar\/index.php\/wp-json\/wp\/v2\/users\/5"}],"replies":[{"embeddable":true,"href":"https:\/\/infotep.com.ar\/index.php\/wp-json\/wp\/v2\/comments?post=37253"}],"version-history":[{"count":1,"href":"https:\/\/infotep.com.ar\/index.php\/wp-json\/wp\/v2\/posts\/37253\/revisions"}],"predecessor-version":[{"id":37255,"href":"https:\/\/infotep.com.ar\/index.php\/wp-json\/wp\/v2\/posts\/37253\/revisions\/37255"}],"wp:featuredmedia":[{"embeddable":true,"href":"https:\/\/infotep.com.ar\/index.php\/wp-json\/wp\/v2\/media\/37254"}],"wp:attachment":[{"href":"https:\/\/infotep.com.ar\/index.php\/wp-json\/wp\/v2\/media?parent=37253"}],"wp:term":[{"taxonomy":"category","embeddable":true,"href":"https:\/\/infotep.com.ar\/index.php\/wp-json\/wp\/v2\/categories?post=37253"},{"taxonomy":"post_tag","embeddable":true,"href":"https:\/\/infotep.com.ar\/index.php\/wp-json\/wp\/v2\/tags?post=37253"}],"curies":[{"name":"wp","href":"https:\/\/api.w.org\/{rel}","templated":true}]}}