{"id":37258,"date":"2026-09-01T20:15:13","date_gmt":"2026-09-01T23:15:13","guid":{"rendered":"https:\/\/infotep.com.ar\/?p=37258"},"modified":"2026-09-01T20:15:13","modified_gmt":"2026-09-01T23:15:13","slug":"reves-para-el-gobierno-la-justicia-ordeno-cumplir-con-la-ley-de-financiamiento-universitario","status":"publish","type":"post","link":"https:\/\/infotep.com.ar\/index.php\/2026\/09\/01\/reves-para-el-gobierno-la-justicia-ordeno-cumplir-con-la-ley-de-financiamiento-universitario\/","title":{"rendered":"Rev\u00e9s para el Gobierno: la Justicia orden\u00f3 cumplir con la Ley de Financiamiento Universitario"},"content":{"rendered":"\n<p>El juez federal Mart\u00edn Cormick hizo lugar a una medida cautelar presentada por la Universidad de Buenos Aires (UBA) y orden\u00f3 al Gobierno nacional cumplir de manera inmediata con las disposiciones establecidas en la Ley de Financiamiento Universitario.<\/p>\n\n\n\n<p>La decisi\u00f3n fue adoptada por el Juzgado Nacional de Primera Instancia en lo Contencioso Administrativo Federal N\u00b0 11, en el marco de una demanda presentada por la UBA contra el Decreto 759\/2025, mediante el cual se hab\u00eda promulgado la Ley 27.795.<\/p>\n\n\n\n<p><strong>La universidad hab\u00eda cuestionado que el decreto condicionara la aplicaci\u00f3n efectiva de la normativa a que el Congreso determinara los mecanismos para financiarla. Desde la instituci\u00f3n hab\u00edan considerado que esa decisi\u00f3n implicaba una suspensi\u00f3n de la ley.<\/strong><\/p>\n\n\n\n<p>En su resoluci\u00f3n, Cormick sostuvo que, luego de que el Congreso rechazara el veto presidencial, el Poder Ejecutivo deb\u00eda avanzar con la implementaci\u00f3n de la norma. Seg\u00fan el magistrado, el proceso legislativo no contemplaba mecanismos que permitieran suspender su aplicaci\u00f3n.<\/p>\n\n\n\n<p>El juez tambi\u00e9n advirti\u00f3 sobre las consecuencias que genera el incumplimiento de la ley y se\u00f1al\u00f3 que existen \u201cperjuicios graves de imposible reparaci\u00f3n ulterior\u201d, en particular debido al deterioro de los ingresos del sector universitario.<\/p>\n\n\n\n<p>Otro de los argumentos planteados en el fallo estuvo relacionado con el impacto fiscal de la medida. Seg\u00fan la estimaci\u00f3n citada por el magistrado, el costo de implementar la ley representa alrededor del 0,23% del PBI.<\/p>\n\n\n\n<p>Para Cormick, ese impacto constituye un ahorro poco significativo en relaci\u00f3n con el presupuesto total de gastos de la Administraci\u00f3n P\u00fablica Nacional.<\/p>\n\n\n\n<p><strong>El impacto presupuestario<\/strong><\/p>\n\n\n\n<p>Adem\u00e1s, sostuvo que la aplicaci\u00f3n de la normativa no perjudica el inter\u00e9s p\u00fablico. Por el contrario, consider\u00f3 que su incumplimiento podr\u00eda afectar derechos establecidos en la Constituci\u00f3n Nacional, entre ellos el derecho a ense\u00f1ar y aprender.<\/p>\n\n\n\n<p>A partir de estos argumentos, el magistrado orden\u00f3 al Gobierno cumplir \u201cde forma inmediata\u201d con lo establecido en los art\u00edculos 4\u00b0, 5\u00b0, 6\u00b0 y 7\u00b0 de la Ley 27.795.<\/p>\n\n\n\n<p><strong>El reclamo por los salarios docentes<\/strong><\/p>\n\n\n\n<p>La resoluci\u00f3n tambi\u00e9n se vincula con una presentaci\u00f3n realizada en el marco de un reclamo del Consejo Interuniversitario Nacional (CIN) para que el Ejecutivo cumpla con un acuerdo firmado el 10 de junio.<\/p>\n\n\n\n<p>En aquella instancia se hab\u00eda establecido que el Gobierno transferir\u00eda a las universidades nacionales los fondos necesarios para aplicar un aumento salarial del 24,33%.<\/p>\n\n\n\n<p>Luego de ese acuerdo, el Gobierno sostuvo que la nueva situaci\u00f3n dejaba sin efecto una medida cautelar solicitada anteriormente y pidi\u00f3 que fuera levantada.<\/p>\n\n\n\n<p>Sin embargo, el juez rechaz\u00f3 ese planteo. En su resoluci\u00f3n consider\u00f3 que el Estado nacional no hab\u00eda demostrado que los acuerdos alcanzados hubieran resuelto de manera efectiva los perjuicios denunciados por el sector universitario.<\/p>\n\n\n\n<p>En particular, se\u00f1al\u00f3 que no se hab\u00eda acreditado una soluci\u00f3n definitiva frente al deterioro de los ingresos, la p\u00e9rdida de poder adquisitivo y la disminuci\u00f3n salarial de los trabajadores universitarios.<\/p>\n","protected":false},"excerpt":{"rendered":"<p>El juez federal Mart&iacute;n Cormick hizo lugar a una medida cautelar presentada por la Universidad de Buenos Aires (UBA) y orden&oacute; al Gobierno nacional cumplir de manera inmediata con las disposiciones establecidas en la Ley de Financiamiento Universitario. La decisi&oacute;n fue adoptada por el Juzgado Nacional de Primera Instancia en lo Contencioso Administrativo Federal N&deg; &hellip; <\/p>\n","protected":false},"author":5,"featured_media":27601,"comment_status":"closed","ping_status":"closed","sticky":false,"template":"","format":"standard","meta":{"om_disable_all_campaigns":false,"_joinchat":[]},"categories":[3,6],"tags":[46,43,569],"featured_image_urls":{"full":["https:\/\/infotep.com.ar\/wp-content\/uploads\/2025\/09\/Marcha-universitaria-1.webp",1200,675,false],"thumbnail":["https:\/\/infotep.com.ar\/wp-content\/uploads\/2025\/09\/Marcha-universitaria-1-150x150.webp",150,150,true],"medium":["https:\/\/infotep.com.ar\/wp-content\/uploads\/2025\/09\/Marcha-universitaria-1-300x169.webp",300,169,true],"medium_large":["https:\/\/infotep.com.ar\/wp-content\/uploads\/2025\/09\/Marcha-universitaria-1-768x432.webp",768,432,true],"large":["https:\/\/infotep.com.ar\/wp-content\/uploads\/2025\/09\/Marcha-universitaria-1-1024x576.webp",1020,574,true],"1536x1536":["https:\/\/infotep.com.ar\/wp-content\/uploads\/2025\/09\/Marcha-universitaria-1.webp",1200,675,false],"2048x2048":["https:\/\/infotep.com.ar\/wp-content\/uploads\/2025\/09\/Marcha-universitaria-1.webp",1200,675,false],"blossom-feminine-slider":["https:\/\/infotep.com.ar\/wp-content\/uploads\/2025\/09\/Marcha-universitaria-1-1200x649.webp",1200,649,true],"blossom-feminine-featured":["https:\/\/infotep.com.ar\/wp-content\/uploads\/2025\/09\/Marcha-universitaria-1-1200x600.webp",1200,600,true],"blossom-feminine-with-sidebar":["https:\/\/infotep.com.ar\/wp-content\/uploads\/2025\/09\/Marcha-universitaria-1-1020x600.webp",1020,600,true],"blossom-feminine-blog":["https:\/\/infotep.com.ar\/wp-content\/uploads\/2025\/09\/Marcha-universitaria-1-435x435.webp",435,435,true],"blossom-feminine-cat":["https:\/\/infotep.com.ar\/wp-content\/uploads\/2025\/09\/Marcha-universitaria-1-450x300.webp",450,300,true],"blossom-feminine-related":["https:\/\/infotep.com.ar\/wp-content\/uploads\/2025\/09\/Marcha-universitaria-1-320x200.webp",320,200,true],"blossom-feminine-schema":["https:\/\/infotep.com.ar\/wp-content\/uploads\/2025\/09\/Marcha-universitaria-1-107x60.webp",107,60,true],"blossom-mommy-blog-slider-big":["https:\/\/infotep.com.ar\/wp-content\/uploads\/2025\/09\/Marcha-universitaria-1-920x650.webp",920,650,true],"blossom-mommy-blog-slider":["https:\/\/infotep.com.ar\/wp-content\/uploads\/2025\/09\/Marcha-universitaria-1-460x310.webp",460,310,true],"blossom-mommy-blog-two":["https:\/\/infotep.com.ar\/wp-content\/uploads\/2025\/09\/Marcha-universitaria-1-768x480.webp",768,480,true]},"author_info":{"info":["Angela Tobar"]},"category_info":"<a href=\"https:\/\/infotep.com.ar\/index.php\/category\/nacionales\/\" rel=\"category tag\">Nacionales<\/a> <a href=\"https:\/\/infotep.com.ar\/index.php\/category\/universitarias\/\" rel=\"category tag\">Universitarias<\/a>","tag_info":"Universitarias","comment_count":"0","_links":{"self":[{"href":"https:\/\/infotep.com.ar\/index.php\/wp-json\/wp\/v2\/posts\/37258"}],"collection":[{"href":"https:\/\/infotep.com.ar\/index.php\/wp-json\/wp\/v2\/posts"}],"about":[{"href":"https:\/\/infotep.com.ar\/index.php\/wp-json\/wp\/v2\/types\/post"}],"author":[{"embeddable":true,"href":"https:\/\/infotep.com.ar\/index.php\/wp-json\/wp\/v2\/users\/5"}],"replies":[{"embeddable":true,"href":"https:\/\/infotep.com.ar\/index.php\/wp-json\/wp\/v2\/comments?post=37258"}],"version-history":[{"count":1,"href":"https:\/\/infotep.com.ar\/index.php\/wp-json\/wp\/v2\/posts\/37258\/revisions"}],"predecessor-version":[{"id":37259,"href":"https:\/\/infotep.com.ar\/index.php\/wp-json\/wp\/v2\/posts\/37258\/revisions\/37259"}],"wp:featuredmedia":[{"embeddable":true,"href":"https:\/\/infotep.com.ar\/index.php\/wp-json\/wp\/v2\/media\/27601"}],"wp:attachment":[{"href":"https:\/\/infotep.com.ar\/index.php\/wp-json\/wp\/v2\/media?parent=37258"}],"wp:term":[{"taxonomy":"category","embeddable":true,"href":"https:\/\/infotep.com.ar\/index.php\/wp-json\/wp\/v2\/categories?post=37258"},{"taxonomy":"post_tag","embeddable":true,"href":"https:\/\/infotep.com.ar\/index.php\/wp-json\/wp\/v2\/tags?post=37258"}],"curies":[{"name":"wp","href":"https:\/\/api.w.org\/{rel}","templated":true}]}}