{"id":37260,"date":"2026-09-01T20:17:10","date_gmt":"2026-09-01T23:17:10","guid":{"rendered":"https:\/\/infotep.com.ar\/?p=37260"},"modified":"2026-09-01T21:08:52","modified_gmt":"2026-09-02T00:08:52","slug":"paro-universitario-el-gobierno-ofrecio-un-3-para-septiembre-y-los-gremios-rechazaron-la-propuesta","status":"publish","type":"post","link":"https:\/\/infotep.com.ar\/index.php\/2026\/09\/01\/paro-universitario-el-gobierno-ofrecio-un-3-para-septiembre-y-los-gremios-rechazaron-la-propuesta\/","title":{"rendered":"Paro universitario: el Gobierno ofreci\u00f3 un 3% para septiembre y los gremios rechazaron la propuesta"},"content":{"rendered":"\n<p>La reuni\u00f3n entre el Ministerio de Capital Humano y los representantes de los gremios docentes y no docentes de las universidades nacionales termin\u00f3 sin acuerdo y las organizaciones sindicales ratificaron un paro de 24 horas para este mi\u00e9rcoles 2 de septiembre.<\/p>\n\n\n\n<p>El encuentro tuvo como objetivo avanzar en una recomposici\u00f3n salarial para el sector. Sin embargo, la propuesta presentada por el Gobierno fue rechazada por los gremios, que consideraron insuficiente el porcentaje ofrecido frente al deterioro de los ingresos.<\/p>\n\n\n\n<p>Seg\u00fan inform\u00f3 el Ministerio de Capital Humano, la propuesta contempla un aumento del 3% para los salarios correspondientes a septiembre y la ratificaci\u00f3n de otro 3% para octubre, porcentaje que hab\u00eda sido acordado en las mesas de negociaci\u00f3n de junio.<\/p>\n\n\n\n<p>De esta manera, el Ejecutivo plante\u00f3 una pauta acumulada del 6% para el pr\u00f3ximo bimestre.<\/p>\n\n\n\n<p>La reuni\u00f3n estuvo encabezada por el subsecretario de Pol\u00edticas Universitarias, Alejandro \u00c1lvarez. Desde la cartera que conduce Sandra Pettovello se\u00f1alaron que la convocatoria tuvo como objetivo dar continuidad a la negociaci\u00f3n paritaria con las asociaciones sindicales del sector universitario.<\/p>\n\n\n\n<p><strong>Los gremios rechazaron la propuesta<\/strong><\/p>\n\n\n\n<p>Tras el encuentro, desde el Frente Gremial Universitario confirmaron la medida de fuerza prevista para este mi\u00e9rcoles.<\/p>\n\n\n\n<p>Oscar Vallejos, secretario adjunto de CONADU Hist\u00f3rica y secretario de Formaci\u00f3n de la CTA, sostuvo que el paro tendr\u00e1 una duraci\u00f3n de 24 horas y anticip\u00f3 que el sector analizar\u00e1 nuevas medidas durante una reuni\u00f3n que se realizar\u00e1 en Bariloche.<\/p>\n\n\n\n<p>El dirigente cuestion\u00f3 adem\u00e1s la postura del Gobierno y afirm\u00f3 que la convocatoria a la paritaria tendr\u00eda como objetivo \u201cganar tiempo en la Justicia\u201d, en referencia al reciente fallo que orden\u00f3 al Ejecutivo avanzar con el cumplimiento de la Ley de Financiamiento Universitario.<\/p>\n\n\n\n<p>Por su parte, la secretaria general de CONADU Hist\u00f3rica, Francisca \u201cPaquita\u201d Staiti, calific\u00f3 como un fracaso la reuni\u00f3n salarial.<\/p>\n\n\n\n<p>La dirigente se\u00f1al\u00f3 que el Gobierno ofreci\u00f3 un 3% de recomposici\u00f3n para septiembre, mientras que, seg\u00fan los gremios, existe una diferencia salarial acumulada del 31,2% hasta julio, vinculada al reclamo por el cumplimiento de la cautelar judicial, adem\u00e1s del porcentaje correspondiente a la inflaci\u00f3n de agosto.<\/p>\n\n\n\n<p>Staiti advirti\u00f3 que la propuesta oficial no contribuir\u00eda a reducir el conflicto y consider\u00f3 que, por el contrario, podr\u00eda profundizarlo.<\/p>\n\n\n\n<p><strong>El Gobierno volver\u00e1 a convocar a los gremios<\/strong><\/p>\n\n\n\n<p>Pese al paro anunciado para este mi\u00e9rcoles, el Gobierno inform\u00f3 que las negociaciones continuar\u00e1n. La pr\u00f3xima reuni\u00f3n fue fijada para el jueves 17 de septiembre.<\/p>\n\n\n\n<p>El conflicto salarial se desarrolla mientras contin\u00faa la disputa judicial por la aplicaci\u00f3n de la Ley de Financiamiento Universitario. En ese marco, la Justicia hizo lugar a una medida cautelar y orden\u00f3 al Ejecutivo cumplir de manera inmediata con distintos art\u00edculos de la normativa.<\/p>\n\n\n\n<p>La nueva medida de fuerza se suma as\u00ed a los reclamos que vienen llevando adelante los gremios universitarios por la p\u00e9rdida del poder adquisitivo y el financiamiento de las universidades nacionales.<\/p>\n","protected":false},"excerpt":{"rendered":"<p>La reuni&oacute;n entre el Ministerio de Capital Humano y los representantes de los gremios docentes y no docentes de las universidades nacionales termin&oacute; sin acuerdo y las organizaciones sindicales ratificaron un paro de 24 horas para este mi&eacute;rcoles 2 de septiembre. El encuentro tuvo como objetivo avanzar en una recomposici&oacute;n salarial para el sector. Sin &hellip; <\/p>\n","protected":false},"author":5,"featured_media":34238,"comment_status":"closed","ping_status":"closed","sticky":false,"template":"","format":"standard","meta":{"om_disable_all_campaigns":false,"_joinchat":[]},"categories":[31,7,3,6],"tags":[46,569],"featured_image_urls":{"full":["https:\/\/infotep.com.ar\/wp-content\/uploads\/2026\/05\/marcha-universitaria-1.png",811,540,false],"thumbnail":["https:\/\/infotep.com.ar\/wp-content\/uploads\/2026\/05\/marcha-universitaria-1-150x150.png",150,150,true],"medium":["https:\/\/infotep.com.ar\/wp-content\/uploads\/2026\/05\/marcha-universitaria-1-300x200.png",300,200,true],"medium_large":["https:\/\/infotep.com.ar\/wp-content\/uploads\/2026\/05\/marcha-universitaria-1-768x511.png",768,511,true],"large":["https:\/\/infotep.com.ar\/wp-content\/uploads\/2026\/05\/marcha-universitaria-1.png",811,540,false],"1536x1536":["https:\/\/infotep.com.ar\/wp-content\/uploads\/2026\/05\/marcha-universitaria-1.png",811,540,false],"2048x2048":["https:\/\/infotep.com.ar\/wp-content\/uploads\/2026\/05\/marcha-universitaria-1.png",811,540,false],"blossom-feminine-slider":["https:\/\/infotep.com.ar\/wp-content\/uploads\/2026\/05\/marcha-universitaria-1.png",811,540,false],"blossom-feminine-featured":["https:\/\/infotep.com.ar\/wp-content\/uploads\/2026\/05\/marcha-universitaria-1.png",811,540,false],"blossom-feminine-with-sidebar":["https:\/\/infotep.com.ar\/wp-content\/uploads\/2026\/05\/marcha-universitaria-1.png",811,540,false],"blossom-feminine-blog":["https:\/\/infotep.com.ar\/wp-content\/uploads\/2026\/05\/marcha-universitaria-1-435x435.png",435,435,true],"blossom-feminine-cat":["https:\/\/infotep.com.ar\/wp-content\/uploads\/2026\/05\/marcha-universitaria-1-450x300.png",450,300,true],"blossom-feminine-related":["https:\/\/infotep.com.ar\/wp-content\/uploads\/2026\/05\/marcha-universitaria-1-320x200.png",320,200,true],"blossom-feminine-schema":["https:\/\/infotep.com.ar\/wp-content\/uploads\/2026\/05\/marcha-universitaria-1-90x60.png",90,60,true],"blossom-mommy-blog-slider-big":["https:\/\/infotep.com.ar\/wp-content\/uploads\/2026\/05\/marcha-universitaria-1.png",811,540,false],"blossom-mommy-blog-slider":["https:\/\/infotep.com.ar\/wp-content\/uploads\/2026\/05\/marcha-universitaria-1-460x310.png",460,310,true],"blossom-mommy-blog-two":["https:\/\/infotep.com.ar\/wp-content\/uploads\/2026\/05\/marcha-universitaria-1-768x480.png",768,480,true]},"author_info":{"info":["Angela Tobar"]},"category_info":"<a href=\"https:\/\/infotep.com.ar\/index.php\/category\/destacadas\/\" rel=\"category tag\">Destacadas<\/a> <a href=\"https:\/\/infotep.com.ar\/index.php\/category\/gremios\/\" rel=\"category tag\">Gremios<\/a> <a href=\"https:\/\/infotep.com.ar\/index.php\/category\/nacionales\/\" rel=\"category tag\">Nacionales<\/a> <a href=\"https:\/\/infotep.com.ar\/index.php\/category\/universitarias\/\" rel=\"category tag\">Universitarias<\/a>","tag_info":"Universitarias","comment_count":"0","_links":{"self":[{"href":"https:\/\/infotep.com.ar\/index.php\/wp-json\/wp\/v2\/posts\/37260"}],"collection":[{"href":"https:\/\/infotep.com.ar\/index.php\/wp-json\/wp\/v2\/posts"}],"about":[{"href":"https:\/\/infotep.com.ar\/index.php\/wp-json\/wp\/v2\/types\/post"}],"author":[{"embeddable":true,"href":"https:\/\/infotep.com.ar\/index.php\/wp-json\/wp\/v2\/users\/5"}],"replies":[{"embeddable":true,"href":"https:\/\/infotep.com.ar\/index.php\/wp-json\/wp\/v2\/comments?post=37260"}],"version-history":[{"count":1,"href":"https:\/\/infotep.com.ar\/index.php\/wp-json\/wp\/v2\/posts\/37260\/revisions"}],"predecessor-version":[{"id":37261,"href":"https:\/\/infotep.com.ar\/index.php\/wp-json\/wp\/v2\/posts\/37260\/revisions\/37261"}],"wp:featuredmedia":[{"embeddable":true,"href":"https:\/\/infotep.com.ar\/index.php\/wp-json\/wp\/v2\/media\/34238"}],"wp:attachment":[{"href":"https:\/\/infotep.com.ar\/index.php\/wp-json\/wp\/v2\/media?parent=37260"}],"wp:term":[{"taxonomy":"category","embeddable":true,"href":"https:\/\/infotep.com.ar\/index.php\/wp-json\/wp\/v2\/categories?post=37260"},{"taxonomy":"post_tag","embeddable":true,"href":"https:\/\/infotep.com.ar\/index.php\/wp-json\/wp\/v2\/tags?post=37260"}],"curies":[{"name":"wp","href":"https:\/\/api.w.org\/{rel}","templated":true}]}}