{"id":37264,"date":"2026-09-01T20:45:17","date_gmt":"2026-09-01T23:45:17","guid":{"rendered":"https:\/\/infotep.com.ar\/?p=37264"},"modified":"2026-09-01T20:45:18","modified_gmt":"2026-09-01T23:45:18","slug":"a-cuatro-anos-del-atentado-a-cristina-descalzo-marco-la-violencia-no-puede-disciplinar-al-pueblo","status":"publish","type":"post","link":"https:\/\/infotep.com.ar\/index.php\/2026\/09\/01\/a-cuatro-anos-del-atentado-a-cristina-descalzo-marco-la-violencia-no-puede-disciplinar-al-pueblo\/","title":{"rendered":"A cuatro a\u00f1os del atentado a Cristina, Descalzo marc\u00f3: \u201cLa violencia no puede disciplinar al pueblo\u201d"},"content":{"rendered":"\n<p>Al cumplirse cuatro a\u00f1os del intento de asesinato contra la entonces vicepresidenta Cristina Fern\u00e1ndez de Kirchner, el intendente de Ituzaing\u00f3, Pablo Descalzo, se refiri\u00f3 al estado de la investigaci\u00f3n y reclam\u00f3 que se avance en el esclarecimiento de las circunstancias que rodearon el ataque.<\/p>\n\n\n\n<p><strong>A trav\u00e9s de sus redes sociales, el jefe comunal sostuvo que, si bien los autores materiales del atentado fueron condenados, todav\u00eda resta determinar qui\u00e9nes estuvieron detr\u00e1s del hecho y c\u00f3mo se habr\u00eda financiado.<\/strong><\/p>\n\n\n\n<p>\u201cA cuatro a\u00f1os del intento de asesinato a Cristina Kirchner los autores materiales fueron condenados, pero la Justicia todav\u00eda no respondi\u00f3 qui\u00e9nes estuvieron detr\u00e1s del ataque ni c\u00f3mo se financi\u00f3\u201d, expres\u00f3 Descalzo.<\/p>\n\n\n\n<p>El intendente tambi\u00e9n vincul\u00f3 el esclarecimiento del atentado con el funcionamiento de las instituciones democr\u00e1ticas y cuestion\u00f3 la situaci\u00f3n judicial actual de la expresidenta.<\/p>\n\n\n\n<p>\u201cNo hay democracia plena con Cristina Kirchner injustamente detenida y un atentado pol\u00edtico sin esclarecer\u201d, afirm\u00f3.<\/p>\n\n\n\n<p class=\"has-light-green-cyan-background-color has-background\">En ese marco, Descalzo reclam\u00f3 \u201cverdad y justicia\u201d y remarc\u00f3 su rechazo a cualquier forma de violencia pol\u00edtica. \u201cLa violencia nunca puede ser una herramienta para disciplinar al pueblo\u201d, sostuvo.<\/p>\n\n\n\n<p>El atentado contra Cristina Kirchner ocurri\u00f3 el 1\u00b0 de septiembre de 2022, cuando fue apuntada con un arma a pocos metros de distancia frente a su domicilio en el barrio porte\u00f1o de Recoleta. La investigaci\u00f3n judicial determin\u00f3 la responsabilidad de los autores materiales y el caso contin\u00faa siendo objeto de reclamos pol\u00edticos para profundizar las pesquisas sobre posibles responsables detr\u00e1s del ataque.<\/p>\n","protected":false},"excerpt":{"rendered":"<p>Al cumplirse cuatro a&ntilde;os del intento de asesinato contra la entonces vicepresidenta Cristina Fern&aacute;ndez de Kirchner, el intendente de Ituzaing&oacute;, Pablo Descalzo, se refiri&oacute; al estado de la investigaci&oacute;n y reclam&oacute; que se avance en el esclarecimiento de las circunstancias que rodearon el ataque. A trav&eacute;s de sus redes sociales, el jefe comunal sostuvo que, &hellip; <\/p>\n","protected":false},"author":5,"featured_media":37265,"comment_status":"closed","ping_status":"closed","sticky":false,"template":"","format":"standard","meta":{"om_disable_all_campaigns":false,"_joinchat":[]},"categories":[8],"tags":[46,43,569],"featured_image_urls":{"full":["https:\/\/infotep.com.ar\/wp-content\/uploads\/2026\/09\/descalzo-pablo-i.webp",1080,675,false],"thumbnail":["https:\/\/infotep.com.ar\/wp-content\/uploads\/2026\/09\/descalzo-pablo-i-150x150.webp",150,150,true],"medium":["https:\/\/infotep.com.ar\/wp-content\/uploads\/2026\/09\/descalzo-pablo-i-300x188.webp",300,188,true],"medium_large":["https:\/\/infotep.com.ar\/wp-content\/uploads\/2026\/09\/descalzo-pablo-i-768x480.webp",768,480,true],"large":["https:\/\/infotep.com.ar\/wp-content\/uploads\/2026\/09\/descalzo-pablo-i-1024x640.webp",1020,638,true],"1536x1536":["https:\/\/infotep.com.ar\/wp-content\/uploads\/2026\/09\/descalzo-pablo-i.webp",1080,675,false],"2048x2048":["https:\/\/infotep.com.ar\/wp-content\/uploads\/2026\/09\/descalzo-pablo-i.webp",1080,675,false],"blossom-feminine-slider":["https:\/\/infotep.com.ar\/wp-content\/uploads\/2026\/09\/descalzo-pablo-i-1080x649.webp",1080,649,true],"blossom-feminine-featured":["https:\/\/infotep.com.ar\/wp-content\/uploads\/2026\/09\/descalzo-pablo-i-1080x600.webp",1080,600,true],"blossom-feminine-with-sidebar":["https:\/\/infotep.com.ar\/wp-content\/uploads\/2026\/09\/descalzo-pablo-i-1020x600.webp",1020,600,true],"blossom-feminine-blog":["https:\/\/infotep.com.ar\/wp-content\/uploads\/2026\/09\/descalzo-pablo-i-435x435.webp",435,435,true],"blossom-feminine-cat":["https:\/\/infotep.com.ar\/wp-content\/uploads\/2026\/09\/descalzo-pablo-i-450x300.webp",450,300,true],"blossom-feminine-related":["https:\/\/infotep.com.ar\/wp-content\/uploads\/2026\/09\/descalzo-pablo-i-320x200.webp",320,200,true],"blossom-feminine-schema":["https:\/\/infotep.com.ar\/wp-content\/uploads\/2026\/09\/descalzo-pablo-i-96x60.webp",96,60,true],"blossom-mommy-blog-slider-big":["https:\/\/infotep.com.ar\/wp-content\/uploads\/2026\/09\/descalzo-pablo-i-920x650.webp",920,650,true],"blossom-mommy-blog-slider":["https:\/\/infotep.com.ar\/wp-content\/uploads\/2026\/09\/descalzo-pablo-i-460x310.webp",460,310,true],"blossom-mommy-blog-two":["https:\/\/infotep.com.ar\/wp-content\/uploads\/2026\/09\/descalzo-pablo-i-768x480.webp",768,480,true]},"author_info":{"info":["Angela Tobar"]},"category_info":"<a href=\"https:\/\/infotep.com.ar\/index.php\/category\/municipales\/ituzaingo\/\" rel=\"category tag\">Ituzaing\u00f3<\/a>","tag_info":"Ituzaing\u00f3","comment_count":"0","_links":{"self":[{"href":"https:\/\/infotep.com.ar\/index.php\/wp-json\/wp\/v2\/posts\/37264"}],"collection":[{"href":"https:\/\/infotep.com.ar\/index.php\/wp-json\/wp\/v2\/posts"}],"about":[{"href":"https:\/\/infotep.com.ar\/index.php\/wp-json\/wp\/v2\/types\/post"}],"author":[{"embeddable":true,"href":"https:\/\/infotep.com.ar\/index.php\/wp-json\/wp\/v2\/users\/5"}],"replies":[{"embeddable":true,"href":"https:\/\/infotep.com.ar\/index.php\/wp-json\/wp\/v2\/comments?post=37264"}],"version-history":[{"count":1,"href":"https:\/\/infotep.com.ar\/index.php\/wp-json\/wp\/v2\/posts\/37264\/revisions"}],"predecessor-version":[{"id":37267,"href":"https:\/\/infotep.com.ar\/index.php\/wp-json\/wp\/v2\/posts\/37264\/revisions\/37267"}],"wp:featuredmedia":[{"embeddable":true,"href":"https:\/\/infotep.com.ar\/index.php\/wp-json\/wp\/v2\/media\/37265"}],"wp:attachment":[{"href":"https:\/\/infotep.com.ar\/index.php\/wp-json\/wp\/v2\/media?parent=37264"}],"wp:term":[{"taxonomy":"category","embeddable":true,"href":"https:\/\/infotep.com.ar\/index.php\/wp-json\/wp\/v2\/categories?post=37264"},{"taxonomy":"post_tag","embeddable":true,"href":"https:\/\/infotep.com.ar\/index.php\/wp-json\/wp\/v2\/tags?post=37264"}],"curies":[{"name":"wp","href":"https:\/\/api.w.org\/{rel}","templated":true}]}}