{"id":37271,"date":"2026-09-01T20:56:57","date_gmt":"2026-09-01T23:56:57","guid":{"rendered":"https:\/\/infotep.com.ar\/?p=37271"},"modified":"2026-09-01T20:56:58","modified_gmt":"2026-09-01T23:56:58","slug":"la-provincia-se-prepara-para-recibir-al-papa-leon-xiv","status":"publish","type":"post","link":"https:\/\/infotep.com.ar\/index.php\/2026\/09\/01\/la-provincia-se-prepara-para-recibir-al-papa-leon-xiv\/","title":{"rendered":"La Provincia se prepara para recibir al Papa Le\u00f3n XIV"},"content":{"rendered":"\n<p>Alvarez Rodr\u00edguez particip\u00f3 de una reuni\u00f3n de coordinaci\u00f3n con autoridades de la Iglesia y el municipio de Luj\u00e1n. El Santo Padre llegar\u00e1 en noviembre.<br><br>La jefa de Asesores del Gobernador, Cristina Alvarez Rodr\u00edguez, particip\u00f3 de una reuni\u00f3n de coordinaci\u00f3n junto al arzobispo de Mercedes-Luj\u00e1n, Jorge Eduardo Scheinig; al ministro de Seguridad bonaerense, Javier Alonso y al intendente de Luj\u00e1n, Leonardo Boto. De este modo comenzaron los preparativos para la visita apost\u00f3lica del Papa Le\u00f3n XIV.<\/p>\n\n\n\n<p>El papa visitar\u00e1 el partido de Luj\u00e1n, a d\u00f3nde llevar\u00e1 un mensaje de unidad y esperanza unas semanas despu\u00e9s de la tradicional Peregrinaci\u00f3n Juvenil.<\/p>\n\n\n\n<p>Cabe destacar que la resoluci\u00f3n 1.469, sancionada en 2022 por el Gobernador Axel Kicillof, establece la normativa y requerimientos para que el Estado provincial asista la organizaci\u00f3n de peregrinaciones masivas en territorio bonaerense, para garantizar su desarrollo en las mejores condiciones de seguridad, cuidado y acompa\u00f1amiento.<\/p>\n\n\n\n<p>Participaron tambi\u00e9n de la reuni\u00f3n el vicario general, padre Lucas Figueroa; el rector de la Bas\u00edlica, padre Lucas Garc\u00eda; el Encargo de Liturgia, Padre Sebasti\u00e1n R\u00edos; el Encargado de la m\u00fasica, Padre Manuel Ascenso; el subsecretario de Articulaci\u00f3n Institucional para la Seguridad, Eduardo Aparicio; el director de Cultos, Juan Torreiro y los funcionarios municipales de Luj\u00e1n, Daniel Dom\u00ednguez y Magdalena Fern\u00e1ndez.<\/p>\n","protected":false},"excerpt":{"rendered":"<p>Alvarez Rodr&iacute;guez particip&oacute; de una reuni&oacute;n de coordinaci&oacute;n con autoridades de la Iglesia y el municipio de Luj&aacute;n. El Santo Padre llegar&aacute; en noviembre. La jefa de Asesores del Gobernador, Cristina Alvarez Rodr&iacute;guez, particip&oacute; de una reuni&oacute;n de coordinaci&oacute;n junto al arzobispo de Mercedes-Luj&aacute;n, Jorge Eduardo Scheinig; al ministro de Seguridad bonaerense, Javier Alonso y &hellip; <\/p>\n","protected":false},"author":5,"featured_media":37272,"comment_status":"closed","ping_status":"closed","sticky":false,"template":"","format":"standard","meta":{"om_disable_all_campaigns":false,"_joinchat":[]},"categories":[4],"tags":[46,43,569],"featured_image_urls":{"full":["https:\/\/infotep.com.ar\/wp-content\/uploads\/2026\/09\/papa-leon.jpg",650,433,false],"thumbnail":["https:\/\/infotep.com.ar\/wp-content\/uploads\/2026\/09\/papa-leon-150x150.jpg",150,150,true],"medium":["https:\/\/infotep.com.ar\/wp-content\/uploads\/2026\/09\/papa-leon-300x200.jpg",300,200,true],"medium_large":["https:\/\/infotep.com.ar\/wp-content\/uploads\/2026\/09\/papa-leon.jpg",650,433,false],"large":["https:\/\/infotep.com.ar\/wp-content\/uploads\/2026\/09\/papa-leon.jpg",650,433,false],"1536x1536":["https:\/\/infotep.com.ar\/wp-content\/uploads\/2026\/09\/papa-leon.jpg",650,433,false],"2048x2048":["https:\/\/infotep.com.ar\/wp-content\/uploads\/2026\/09\/papa-leon.jpg",650,433,false],"blossom-feminine-slider":["https:\/\/infotep.com.ar\/wp-content\/uploads\/2026\/09\/papa-leon.jpg",650,433,false],"blossom-feminine-featured":["https:\/\/infotep.com.ar\/wp-content\/uploads\/2026\/09\/papa-leon.jpg",650,433,false],"blossom-feminine-with-sidebar":["https:\/\/infotep.com.ar\/wp-content\/uploads\/2026\/09\/papa-leon.jpg",650,433,false],"blossom-feminine-blog":["https:\/\/infotep.com.ar\/wp-content\/uploads\/2026\/09\/papa-leon-435x433.jpg",435,433,true],"blossom-feminine-cat":["https:\/\/infotep.com.ar\/wp-content\/uploads\/2026\/09\/papa-leon-450x300.jpg",450,300,true],"blossom-feminine-related":["https:\/\/infotep.com.ar\/wp-content\/uploads\/2026\/09\/papa-leon-320x200.jpg",320,200,true],"blossom-feminine-schema":["https:\/\/infotep.com.ar\/wp-content\/uploads\/2026\/09\/papa-leon-90x60.jpg",90,60,true],"blossom-mommy-blog-slider-big":["https:\/\/infotep.com.ar\/wp-content\/uploads\/2026\/09\/papa-leon.jpg",650,433,false],"blossom-mommy-blog-slider":["https:\/\/infotep.com.ar\/wp-content\/uploads\/2026\/09\/papa-leon-460x310.jpg",460,310,true],"blossom-mommy-blog-two":["https:\/\/infotep.com.ar\/wp-content\/uploads\/2026\/09\/papa-leon.jpg",650,433,false]},"author_info":{"info":["Angela Tobar"]},"category_info":"<a href=\"https:\/\/infotep.com.ar\/index.php\/category\/provinciales\/\" rel=\"category tag\">Provinciales<\/a>","tag_info":"Provinciales","comment_count":"0","_links":{"self":[{"href":"https:\/\/infotep.com.ar\/index.php\/wp-json\/wp\/v2\/posts\/37271"}],"collection":[{"href":"https:\/\/infotep.com.ar\/index.php\/wp-json\/wp\/v2\/posts"}],"about":[{"href":"https:\/\/infotep.com.ar\/index.php\/wp-json\/wp\/v2\/types\/post"}],"author":[{"embeddable":true,"href":"https:\/\/infotep.com.ar\/index.php\/wp-json\/wp\/v2\/users\/5"}],"replies":[{"embeddable":true,"href":"https:\/\/infotep.com.ar\/index.php\/wp-json\/wp\/v2\/comments?post=37271"}],"version-history":[{"count":1,"href":"https:\/\/infotep.com.ar\/index.php\/wp-json\/wp\/v2\/posts\/37271\/revisions"}],"predecessor-version":[{"id":37273,"href":"https:\/\/infotep.com.ar\/index.php\/wp-json\/wp\/v2\/posts\/37271\/revisions\/37273"}],"wp:featuredmedia":[{"embeddable":true,"href":"https:\/\/infotep.com.ar\/index.php\/wp-json\/wp\/v2\/media\/37272"}],"wp:attachment":[{"href":"https:\/\/infotep.com.ar\/index.php\/wp-json\/wp\/v2\/media?parent=37271"}],"wp:term":[{"taxonomy":"category","embeddable":true,"href":"https:\/\/infotep.com.ar\/index.php\/wp-json\/wp\/v2\/categories?post=37271"},{"taxonomy":"post_tag","embeddable":true,"href":"https:\/\/infotep.com.ar\/index.php\/wp-json\/wp\/v2\/tags?post=37271"}],"curies":[{"name":"wp","href":"https:\/\/api.w.org\/{rel}","templated":true}]}}