{"id":37274,"date":"2026-09-01T20:58:32","date_gmt":"2026-09-01T23:58:32","guid":{"rendered":"https:\/\/infotep.com.ar\/?p=37274"},"modified":"2026-09-01T20:58:33","modified_gmt":"2026-09-01T23:58:33","slug":"universidad-la-provincia-realizo-una-jornada-de-trabajo-sobre-microcredenciales","status":"publish","type":"post","link":"https:\/\/infotep.com.ar\/index.php\/2026\/09\/01\/universidad-la-provincia-realizo-una-jornada-de-trabajo-sobre-microcredenciales\/","title":{"rendered":"Universidad: la Provincia realiz\u00f3 una jornada de trabajo sobre Microcredenciales"},"content":{"rendered":"\n<p>La iniciativa sobre Microcredenciales impulsa la articulaci\u00f3n con las universidades, los municipios y el sistema productivo para el desarrollo de acciones de capacitaci\u00f3n, investigaci\u00f3n y cooperaci\u00f3n.<\/p>\n\n\n\n<p><br>El Gobierno de la Provincia de Buenos Aires llev\u00f3 a cabo la jornada de trabajo \u201cUniversidad, territorio y futuro: Microcredenciales para una nueva agenda universitaria\u201d, un encuentro para impulsar la iniciativa que promueve el reconocimiento de aprendizajes espec\u00edficos, el desarrollo de trayectorias formativas din\u00e1micas y el fortalecimiento de la articulaci\u00f3n entre universidad, territorio, producci\u00f3n y trabajo.<\/p>\n\n\n\n<p><strong>La jornada, realizada en la Universidad Nacional Arturo Jauretche (UNAJ) el pasado 27 de agosto, incluy\u00f3 el abordaje de tres ejes tem\u00e1ticos: microcredenciales e innovaci\u00f3n acad\u00e9mica; microcredenciales, producci\u00f3n y trabajo; y microcredenciales, transformaci\u00f3n digital y confianza p\u00fablica. Los paneles contaron con la participaci\u00f3n de acad\u00e9micos, especialistas, autoridades y referentes en la tem\u00e1tica.<\/strong><\/p>\n\n\n\n<p>El cierre del encuentro estuvo a cargo del subsecretario de Relaciones Internacionales e Interjurisdiccionales del Ministerio de Gobierno bonaerense, Juan Manuel Pad\u00edn; el director del Programa Puentes, Juan Brardinelli; el rector em\u00e9rito de la UNAJ, Ernesto Villanueva; y el rector Arnaldo Medina.<\/p>\n\n\n\n<p>A trav\u00e9s del programa de Microcredenciales, lanzado en 2025 por el Ministerio de Gobierno, se pusieron en marcha dos propuestas formativas destinadas principalmente a equipos y profesionales del sistema universitario: la Diplomatura en Dise\u00f1o y Gesti\u00f3n de Microcredenciales, dictada por la Universidad Nacional de Avellaneda (UNDAV), y la Diplomatura en Transparencia y Gesti\u00f3n de Credenciales Digitales: Blockchain y Gesti\u00f3n Acad\u00e9mica Universitaria, dictada por la Universidad Nacional de Quilmes (UNQ). Ambas diplomaturas, iniciadas en el corriente a\u00f1o, totalizan 277 personas inscriptas hasta la fecha, quienes se desempe\u00f1an en instituciones de educaci\u00f3n superior con sede en distintos puntos del pa\u00eds: Universidad Nacional Arturo Jauretche, Universidad Nacional de Avellaneda, Universidad Nacional de General Sarmiento, Universidad Nacional de Lan\u00fas, Universidad Nacional de Quilmes, Universidad Nacional de San Antonio de Areco, Universidad Nacional Guillermo Brown, Universidad Nacional de Tres de Febrero, Universidad Nacional de la Patagonia Austral, Universidad Nacional de Misiones, Universidad Nacional de La Rioja, Universidad Nacional del Comahue, Universidad Nacional del Chaco Austral, Universidad Nacional del Nordeste, Universidad Nacional de Chilecito, Universidad de la Defensa Nacional, Universidad Provincial de Ezeiza, Instituto Universitario Juan Vucetich, Consejo Interuniversitario Nacional y SIU.<\/p>\n\n\n\n<p>El trabajo realizado por el programa de Microcredenciales ha avanzado progresivamente hacia la conformaci\u00f3n de un marco institucional de alcance interprovincial, a trav\u00e9s del trabajo que viene realizando el Gobierno de la Provincia con universidades p\u00fablicas de todo el pa\u00eds.<\/p>\n","protected":false},"excerpt":{"rendered":"<p>La iniciativa sobre Microcredenciales impulsa la articulaci&oacute;n con las universidades, los municipios y el sistema productivo para el desarrollo de acciones de capacitaci&oacute;n, investigaci&oacute;n y cooperaci&oacute;n. El Gobierno de la Provincia de Buenos Aires llev&oacute; a cabo la jornada de trabajo &ldquo;Universidad, territorio y futuro: Microcredenciales para una nueva agenda universitaria&rdquo;, un encuentro para impulsar &hellip; <\/p>\n","protected":false},"author":5,"featured_media":37275,"comment_status":"closed","ping_status":"closed","sticky":false,"template":"","format":"standard","meta":{"om_disable_all_campaigns":false,"_joinchat":[]},"categories":[4,6],"tags":[46,43,569],"featured_image_urls":{"full":["https:\/\/infotep.com.ar\/wp-content\/uploads\/2026\/09\/cdf90e9c-8257-40f1-912d-b6d3fa0f31c4.jpeg",743,530,false],"thumbnail":["https:\/\/infotep.com.ar\/wp-content\/uploads\/2026\/09\/cdf90e9c-8257-40f1-912d-b6d3fa0f31c4-150x150.jpeg",150,150,true],"medium":["https:\/\/infotep.com.ar\/wp-content\/uploads\/2026\/09\/cdf90e9c-8257-40f1-912d-b6d3fa0f31c4-300x214.jpeg",300,214,true],"medium_large":["https:\/\/infotep.com.ar\/wp-content\/uploads\/2026\/09\/cdf90e9c-8257-40f1-912d-b6d3fa0f31c4.jpeg",743,530,false],"large":["https:\/\/infotep.com.ar\/wp-content\/uploads\/2026\/09\/cdf90e9c-8257-40f1-912d-b6d3fa0f31c4.jpeg",743,530,false],"1536x1536":["https:\/\/infotep.com.ar\/wp-content\/uploads\/2026\/09\/cdf90e9c-8257-40f1-912d-b6d3fa0f31c4.jpeg",743,530,false],"2048x2048":["https:\/\/infotep.com.ar\/wp-content\/uploads\/2026\/09\/cdf90e9c-8257-40f1-912d-b6d3fa0f31c4.jpeg",743,530,false],"blossom-feminine-slider":["https:\/\/infotep.com.ar\/wp-content\/uploads\/2026\/09\/cdf90e9c-8257-40f1-912d-b6d3fa0f31c4.jpeg",743,530,false],"blossom-feminine-featured":["https:\/\/infotep.com.ar\/wp-content\/uploads\/2026\/09\/cdf90e9c-8257-40f1-912d-b6d3fa0f31c4.jpeg",743,530,false],"blossom-feminine-with-sidebar":["https:\/\/infotep.com.ar\/wp-content\/uploads\/2026\/09\/cdf90e9c-8257-40f1-912d-b6d3fa0f31c4.jpeg",743,530,false],"blossom-feminine-blog":["https:\/\/infotep.com.ar\/wp-content\/uploads\/2026\/09\/cdf90e9c-8257-40f1-912d-b6d3fa0f31c4-435x435.jpeg",435,435,true],"blossom-feminine-cat":["https:\/\/infotep.com.ar\/wp-content\/uploads\/2026\/09\/cdf90e9c-8257-40f1-912d-b6d3fa0f31c4-450x300.jpeg",450,300,true],"blossom-feminine-related":["https:\/\/infotep.com.ar\/wp-content\/uploads\/2026\/09\/cdf90e9c-8257-40f1-912d-b6d3fa0f31c4-320x200.jpeg",320,200,true],"blossom-feminine-schema":["https:\/\/infotep.com.ar\/wp-content\/uploads\/2026\/09\/cdf90e9c-8257-40f1-912d-b6d3fa0f31c4-84x60.jpeg",84,60,true],"blossom-mommy-blog-slider-big":["https:\/\/infotep.com.ar\/wp-content\/uploads\/2026\/09\/cdf90e9c-8257-40f1-912d-b6d3fa0f31c4.jpeg",743,530,false],"blossom-mommy-blog-slider":["https:\/\/infotep.com.ar\/wp-content\/uploads\/2026\/09\/cdf90e9c-8257-40f1-912d-b6d3fa0f31c4-460x310.jpeg",460,310,true],"blossom-mommy-blog-two":["https:\/\/infotep.com.ar\/wp-content\/uploads\/2026\/09\/cdf90e9c-8257-40f1-912d-b6d3fa0f31c4-743x480.jpeg",743,480,true]},"author_info":{"info":["Angela Tobar"]},"category_info":"<a href=\"https:\/\/infotep.com.ar\/index.php\/category\/provinciales\/\" rel=\"category tag\">Provinciales<\/a> <a href=\"https:\/\/infotep.com.ar\/index.php\/category\/universitarias\/\" rel=\"category tag\">Universitarias<\/a>","tag_info":"Universitarias","comment_count":"0","_links":{"self":[{"href":"https:\/\/infotep.com.ar\/index.php\/wp-json\/wp\/v2\/posts\/37274"}],"collection":[{"href":"https:\/\/infotep.com.ar\/index.php\/wp-json\/wp\/v2\/posts"}],"about":[{"href":"https:\/\/infotep.com.ar\/index.php\/wp-json\/wp\/v2\/types\/post"}],"author":[{"embeddable":true,"href":"https:\/\/infotep.com.ar\/index.php\/wp-json\/wp\/v2\/users\/5"}],"replies":[{"embeddable":true,"href":"https:\/\/infotep.com.ar\/index.php\/wp-json\/wp\/v2\/comments?post=37274"}],"version-history":[{"count":1,"href":"https:\/\/infotep.com.ar\/index.php\/wp-json\/wp\/v2\/posts\/37274\/revisions"}],"predecessor-version":[{"id":37276,"href":"https:\/\/infotep.com.ar\/index.php\/wp-json\/wp\/v2\/posts\/37274\/revisions\/37276"}],"wp:featuredmedia":[{"embeddable":true,"href":"https:\/\/infotep.com.ar\/index.php\/wp-json\/wp\/v2\/media\/37275"}],"wp:attachment":[{"href":"https:\/\/infotep.com.ar\/index.php\/wp-json\/wp\/v2\/media?parent=37274"}],"wp:term":[{"taxonomy":"category","embeddable":true,"href":"https:\/\/infotep.com.ar\/index.php\/wp-json\/wp\/v2\/categories?post=37274"},{"taxonomy":"post_tag","embeddable":true,"href":"https:\/\/infotep.com.ar\/index.php\/wp-json\/wp\/v2\/tags?post=37274"}],"curies":[{"name":"wp","href":"https:\/\/api.w.org\/{rel}","templated":true}]}}