{"id":37277,"date":"2026-09-01T21:05:13","date_gmt":"2026-09-02T00:05:13","guid":{"rendered":"https:\/\/infotep.com.ar\/?p=37277"},"modified":"2026-09-01T21:05:14","modified_gmt":"2026-09-02T00:05:14","slug":"milei-anuncio-una-cadena-nacional-para-hablar-sobre-malvinas","status":"publish","type":"post","link":"https:\/\/infotep.com.ar\/index.php\/2026\/09\/01\/milei-anuncio-una-cadena-nacional-para-hablar-sobre-malvinas\/","title":{"rendered":"Milei anunci\u00f3 una cadena nacional para hablar sobre Malvinas"},"content":{"rendered":"\n<p>El presidente Javier Milei brindar\u00e1 este jueves a las 21 un mensaje en cadena nacional para referirse a la cuesti\u00f3n Malvinas y comunicar detalles de los que el Gobierno considera \u201cavances diplom\u00e1ticos\u201d vinculados con el reclamo de soberan\u00eda sobre las islas.<\/p>\n\n\n\n<p>La decisi\u00f3n fue tomada durante la reuni\u00f3n de Gabinete que el mandatario encabez\u00f3 este martes en la Casa Rosada. Seg\u00fan se inform\u00f3 oficialmente, el tema fue abordado durante el encuentro a partir de una exposici\u00f3n del canciller Pablo Quirno.<\/p>\n\n\n\n<p><strong>La definici\u00f3n se produjo luego de que el presidente de Estados Unidos, Donald Trump, se\u00f1alara que est\u00e1 dispuesto a \u201crevisar\u201d su postura sobre la cuesti\u00f3n Malvinas. \u201cSiempre reviso todas las posiciones. Esa es apenas una entre muchas\u201d, hab\u00eda expresado el mandatario estadounidense ante una consulta sobre un eventual cambio en el respaldo de Washington a la posici\u00f3n brit\u00e1nica sobre las islas.<\/strong><\/p>\n\n\n\n<p>Durante la reuni\u00f3n de Gabinete, Milei calific\u00f3 las declaraciones de Trump como \u201calgo muy fuerte\u201d y anticip\u00f3 que trasladar\u00eda el tema a su equipo de Gobierno.<\/p>\n\n\n\n<p>El mensaje presidencial se realizar\u00e1 en un contexto en el que la administraci\u00f3n libertaria busca destacar sus gestiones diplom\u00e1ticas en torno al reclamo argentino por la soberan\u00eda de las Islas Malvinas.<\/p>\n\n\n\n<p>Adem\u00e1s de la cuesti\u00f3n Malvinas, durante la reuni\u00f3n de Gabinete se analizaron la evoluci\u00f3n de los indicadores del mercado laboral, la inflaci\u00f3n y los datos que el Gobierno interpreta como se\u00f1ales de crecimiento de la econom\u00eda.<\/p>\n\n\n\n<p>Del encuentro participaron el jefe de Gabinete, Diego Santilli, y los ministros Federico Sturzenegger, Mario Lugones, Carlos Presti, Alejandra Monteoliva, Juan Bautista Mahiques y Pablo Quirno. Tambi\u00e9n estuvieron presentes funcionarios de la Secretar\u00eda General de la Presidencia, Comunicaci\u00f3n y Prensa y Legal y T\u00e9cnica, adem\u00e1s de legisladores y asesores del Ejecutivo.<\/p>\n\n\n\n<p>Los ministros de Econom\u00eda, Luis Caputo, y de Capital Humano, Sandra Pettovello, no participaron de la reuni\u00f3n. Caputo se encuentra en Estados Unidos por su participaci\u00f3n en la reuni\u00f3n del G20 de Finanzas.<\/p>\n","protected":false},"excerpt":{"rendered":"<p>El presidente Javier Milei brindar&aacute; este jueves a las 21 un mensaje en cadena nacional para referirse a la cuesti&oacute;n Malvinas y comunicar detalles de los que el Gobierno considera &ldquo;avances diplom&aacute;ticos&rdquo; vinculados con el reclamo de soberan&iacute;a sobre las islas. La decisi&oacute;n fue tomada durante la reuni&oacute;n de Gabinete que el mandatario encabez&oacute; este &hellip; <\/p>\n","protected":false},"author":5,"featured_media":11869,"comment_status":"closed","ping_status":"closed","sticky":false,"template":"","format":"standard","meta":{"om_disable_all_campaigns":false,"_joinchat":[]},"categories":[3],"tags":[46,43,569],"featured_image_urls":{"full":["https:\/\/infotep.com.ar\/wp-content\/uploads\/2024\/03\/milei.webp",640,353,false],"thumbnail":["https:\/\/infotep.com.ar\/wp-content\/uploads\/2024\/03\/milei-150x150.webp",150,150,true],"medium":["https:\/\/infotep.com.ar\/wp-content\/uploads\/2024\/03\/milei-300x165.webp",300,165,true],"medium_large":["https:\/\/infotep.com.ar\/wp-content\/uploads\/2024\/03\/milei.webp",640,353,false],"large":["https:\/\/infotep.com.ar\/wp-content\/uploads\/2024\/03\/milei.webp",640,353,false],"1536x1536":["https:\/\/infotep.com.ar\/wp-content\/uploads\/2024\/03\/milei.webp",640,353,false],"2048x2048":["https:\/\/infotep.com.ar\/wp-content\/uploads\/2024\/03\/milei.webp",640,353,false],"blossom-feminine-slider":["https:\/\/infotep.com.ar\/wp-content\/uploads\/2024\/03\/milei.webp",640,353,false],"blossom-feminine-featured":["https:\/\/infotep.com.ar\/wp-content\/uploads\/2024\/03\/milei.webp",640,353,false],"blossom-feminine-with-sidebar":["https:\/\/infotep.com.ar\/wp-content\/uploads\/2024\/03\/milei.webp",640,353,false],"blossom-feminine-blog":["https:\/\/infotep.com.ar\/wp-content\/uploads\/2024\/03\/milei-435x353.webp",435,353,true],"blossom-feminine-cat":["https:\/\/infotep.com.ar\/wp-content\/uploads\/2024\/03\/milei-450x300.webp",450,300,true],"blossom-feminine-related":["https:\/\/infotep.com.ar\/wp-content\/uploads\/2024\/03\/milei-320x200.webp",320,200,true],"blossom-feminine-schema":["https:\/\/infotep.com.ar\/wp-content\/uploads\/2024\/03\/milei-109x60.webp",109,60,true],"blossom-mommy-blog-slider-big":["https:\/\/infotep.com.ar\/wp-content\/uploads\/2024\/03\/milei.webp",640,353,false],"blossom-mommy-blog-slider":["https:\/\/infotep.com.ar\/wp-content\/uploads\/2024\/03\/milei-460x310.webp",460,310,true],"blossom-mommy-blog-two":["https:\/\/infotep.com.ar\/wp-content\/uploads\/2024\/03\/milei.webp",640,353,false]},"author_info":{"info":["Angela Tobar"]},"category_info":"<a href=\"https:\/\/infotep.com.ar\/index.php\/category\/nacionales\/\" rel=\"category tag\">Nacionales<\/a>","tag_info":"Nacionales","comment_count":"0","_links":{"self":[{"href":"https:\/\/infotep.com.ar\/index.php\/wp-json\/wp\/v2\/posts\/37277"}],"collection":[{"href":"https:\/\/infotep.com.ar\/index.php\/wp-json\/wp\/v2\/posts"}],"about":[{"href":"https:\/\/infotep.com.ar\/index.php\/wp-json\/wp\/v2\/types\/post"}],"author":[{"embeddable":true,"href":"https:\/\/infotep.com.ar\/index.php\/wp-json\/wp\/v2\/users\/5"}],"replies":[{"embeddable":true,"href":"https:\/\/infotep.com.ar\/index.php\/wp-json\/wp\/v2\/comments?post=37277"}],"version-history":[{"count":1,"href":"https:\/\/infotep.com.ar\/index.php\/wp-json\/wp\/v2\/posts\/37277\/revisions"}],"predecessor-version":[{"id":37278,"href":"https:\/\/infotep.com.ar\/index.php\/wp-json\/wp\/v2\/posts\/37277\/revisions\/37278"}],"wp:featuredmedia":[{"embeddable":true,"href":"https:\/\/infotep.com.ar\/index.php\/wp-json\/wp\/v2\/media\/11869"}],"wp:attachment":[{"href":"https:\/\/infotep.com.ar\/index.php\/wp-json\/wp\/v2\/media?parent=37277"}],"wp:term":[{"taxonomy":"category","embeddable":true,"href":"https:\/\/infotep.com.ar\/index.php\/wp-json\/wp\/v2\/categories?post=37277"},{"taxonomy":"post_tag","embeddable":true,"href":"https:\/\/infotep.com.ar\/index.php\/wp-json\/wp\/v2\/tags?post=37277"}],"curies":[{"name":"wp","href":"https:\/\/api.w.org\/{rel}","templated":true}]}}