{"id":37279,"date":"2026-09-01T21:06:30","date_gmt":"2026-09-02T00:06:30","guid":{"rendered":"https:\/\/infotep.com.ar\/?p=37279"},"modified":"2026-09-01T21:06:31","modified_gmt":"2026-09-02T00:06:31","slug":"paro-de-ate-afectara-a-aeropuertos-de-todo-el-pais-este-jueves-y-viernes","status":"publish","type":"post","link":"https:\/\/infotep.com.ar\/index.php\/2026\/09\/01\/paro-de-ate-afectara-a-aeropuertos-de-todo-el-pais-este-jueves-y-viernes\/","title":{"rendered":"Paro de ATE afectar\u00e1 a aeropuertos de todo el pa\u00eds este jueves y viernes."},"content":{"rendered":"\n<p>La medida incluye a casi 30 terminales a\u00e9reas y se llevar\u00e1 a cabo en dos tandas: de 9 a 12 y de 18 a 21<\/p>\n\n\n\n<p> Casi una treintena de aeropuertos de todo el pa\u00eds se ver\u00e1n afectados por una medida de fuerza impulsada por la Asociaci\u00f3n de Trabajadores del Estado (ATE), que incluye a empleados de la Administraci\u00f3n Nacional de Aviaci\u00f3n Civil (ANAC), y que est\u00e1 programada para este jueves y viernes.<\/p>\n\n\n\n<p><strong>La medida se llevar\u00e1 a cabo de 9 a 12 y de 18 a 21, y en esas franjas solamente estar\u00e1n garantizados los vuelos sanitarios, humanitarios, traslados de \u00f3rganos y oficiales.<\/strong><\/p>\n\n\n\n<p>Entre las estaciones a\u00e9reas involucradas aparecen el aeropuerto Internacional de Ezeiza, como as\u00ed tambi\u00e9n Aeroparque, por lo que se van a registrar demoras o cancelaciones en los vuelos programados durante esas 48 horas, seg\u00fan supo la agencia Noticias Argentinas.<\/p>\n\n\n\n<p>Por su parte, y en su cuenta de la red social X, Rodolfo Aguiar -titular de ATE- advirti\u00f3 que &#8220;si se producen demoras no es por culpa de los trabajadores. Comunicamos la medida de fuerza con suficiente antelaci\u00f3n para que el Gobierno pudiera responder a cada una de nuestras demandas&#8221;.<\/p>\n\n\n\n<p>&#8220;Los salarios se encuentran absolutamente deteriorados, y no se corresponden con las altas responsabilidades que se ejercen en el sector. Si no se abre una instancia de di\u00e1logo responsable y real, necesariamente el conflicto se va a profundizar&#8221;, a\u00f1adi\u00f3.<\/p>\n\n\n\n<p>La disputa se origin\u00f3 por un incumplimiento del gobierno, seg\u00fan afirmaron desde ATE, ya que no se abonaron los adicionales previstos en las paritarias y adem\u00e1s las negociaciones siguen estancadas; adem\u00e1s, el sindicato denunci\u00f3 el deterioro de las condiciones laborales y el desfinanciamiento en distintas \u00e1reas.<\/p>\n\n\n\n<p>En ese sentido, el sindicato remarc\u00f3 que los trabajadores de ATE perdieron cerca del 40 por ciento del poder adquisitivo desde que Javier Milei asumi\u00f3 el gobierno, mientras que la situaci\u00f3n de los empleados de ANAC es similar.<\/p>\n","protected":false},"excerpt":{"rendered":"<p>La medida incluye a casi 30 terminales a&eacute;reas y se llevar&aacute; a cabo en dos tandas: de 9 a 12 y de 18 a 21 Casi una treintena de aeropuertos de todo el pa&iacute;s se ver&aacute;n afectados por una medida de fuerza impulsada por la Asociaci&oacute;n de Trabajadores del Estado (ATE), que incluye a empleados &hellip; <\/p>\n","protected":false},"author":5,"featured_media":34261,"comment_status":"closed","ping_status":"closed","sticky":false,"template":"","format":"standard","meta":{"om_disable_all_campaigns":false,"_joinchat":[]},"categories":[7,3],"tags":[46,43,569],"featured_image_urls":{"full":["https:\/\/infotep.com.ar\/wp-content\/uploads\/2026\/05\/anac.webp",1200,675,false],"thumbnail":["https:\/\/infotep.com.ar\/wp-content\/uploads\/2026\/05\/anac-150x150.webp",150,150,true],"medium":["https:\/\/infotep.com.ar\/wp-content\/uploads\/2026\/05\/anac-300x169.webp",300,169,true],"medium_large":["https:\/\/infotep.com.ar\/wp-content\/uploads\/2026\/05\/anac-768x432.webp",768,432,true],"large":["https:\/\/infotep.com.ar\/wp-content\/uploads\/2026\/05\/anac-1024x576.webp",1020,574,true],"1536x1536":["https:\/\/infotep.com.ar\/wp-content\/uploads\/2026\/05\/anac.webp",1200,675,false],"2048x2048":["https:\/\/infotep.com.ar\/wp-content\/uploads\/2026\/05\/anac.webp",1200,675,false],"blossom-feminine-slider":["https:\/\/infotep.com.ar\/wp-content\/uploads\/2026\/05\/anac-1200x649.webp",1200,649,true],"blossom-feminine-featured":["https:\/\/infotep.com.ar\/wp-content\/uploads\/2026\/05\/anac-1200x600.webp",1200,600,true],"blossom-feminine-with-sidebar":["https:\/\/infotep.com.ar\/wp-content\/uploads\/2026\/05\/anac-1020x600.webp",1020,600,true],"blossom-feminine-blog":["https:\/\/infotep.com.ar\/wp-content\/uploads\/2026\/05\/anac-435x435.webp",435,435,true],"blossom-feminine-cat":["https:\/\/infotep.com.ar\/wp-content\/uploads\/2026\/05\/anac-450x300.webp",450,300,true],"blossom-feminine-related":["https:\/\/infotep.com.ar\/wp-content\/uploads\/2026\/05\/anac-320x200.webp",320,200,true],"blossom-feminine-schema":["https:\/\/infotep.com.ar\/wp-content\/uploads\/2026\/05\/anac-107x60.webp",107,60,true],"blossom-mommy-blog-slider-big":["https:\/\/infotep.com.ar\/wp-content\/uploads\/2026\/05\/anac-920x650.webp",920,650,true],"blossom-mommy-blog-slider":["https:\/\/infotep.com.ar\/wp-content\/uploads\/2026\/05\/anac-460x310.webp",460,310,true],"blossom-mommy-blog-two":["https:\/\/infotep.com.ar\/wp-content\/uploads\/2026\/05\/anac-768x480.webp",768,480,true]},"author_info":{"info":["Angela Tobar"]},"category_info":"<a href=\"https:\/\/infotep.com.ar\/index.php\/category\/gremios\/\" rel=\"category tag\">Gremios<\/a> <a href=\"https:\/\/infotep.com.ar\/index.php\/category\/nacionales\/\" rel=\"category tag\">Nacionales<\/a>","tag_info":"Nacionales","comment_count":"0","_links":{"self":[{"href":"https:\/\/infotep.com.ar\/index.php\/wp-json\/wp\/v2\/posts\/37279"}],"collection":[{"href":"https:\/\/infotep.com.ar\/index.php\/wp-json\/wp\/v2\/posts"}],"about":[{"href":"https:\/\/infotep.com.ar\/index.php\/wp-json\/wp\/v2\/types\/post"}],"author":[{"embeddable":true,"href":"https:\/\/infotep.com.ar\/index.php\/wp-json\/wp\/v2\/users\/5"}],"replies":[{"embeddable":true,"href":"https:\/\/infotep.com.ar\/index.php\/wp-json\/wp\/v2\/comments?post=37279"}],"version-history":[{"count":1,"href":"https:\/\/infotep.com.ar\/index.php\/wp-json\/wp\/v2\/posts\/37279\/revisions"}],"predecessor-version":[{"id":37280,"href":"https:\/\/infotep.com.ar\/index.php\/wp-json\/wp\/v2\/posts\/37279\/revisions\/37280"}],"wp:featuredmedia":[{"embeddable":true,"href":"https:\/\/infotep.com.ar\/index.php\/wp-json\/wp\/v2\/media\/34261"}],"wp:attachment":[{"href":"https:\/\/infotep.com.ar\/index.php\/wp-json\/wp\/v2\/media?parent=37279"}],"wp:term":[{"taxonomy":"category","embeddable":true,"href":"https:\/\/infotep.com.ar\/index.php\/wp-json\/wp\/v2\/categories?post=37279"},{"taxonomy":"post_tag","embeddable":true,"href":"https:\/\/infotep.com.ar\/index.php\/wp-json\/wp\/v2\/tags?post=37279"}],"curies":[{"name":"wp","href":"https:\/\/api.w.org\/{rel}","templated":true}]}}