{"id":37281,"date":"2026-09-01T09:07:00","date_gmt":"2026-09-01T12:07:00","guid":{"rendered":"https:\/\/infotep.com.ar\/?p=37281"},"modified":"2026-09-01T21:08:08","modified_gmt":"2026-09-02T00:08:08","slug":"a-cuatro-anos-del-atentado-a-cristina-maximo-kirchner-cuestiono-a-la-justicia","status":"publish","type":"post","link":"https:\/\/infotep.com.ar\/index.php\/2026\/09\/01\/a-cuatro-anos-del-atentado-a-cristina-maximo-kirchner-cuestiono-a-la-justicia\/","title":{"rendered":"A cuatro a\u00f1os del atentado a Cristina, M\u00e1ximo Kirchner cuestion\u00f3 a la Justicia"},"content":{"rendered":"\n<p><\/p>\n\n\n\n<p>A cuatro a\u00f1os del intento de asesinato contra Cristina Fern\u00e1ndez de Kirchner, M\u00e1ximo Kirchner encabez\u00f3 este martes un acto frente al domicilio de la exmandataria, donde cumple prisi\u00f3n domiciliaria, y cuestion\u00f3 al Poder Judicial por la investigaci\u00f3n sobre el atentado ocurrido el 1\u00b0 de septiembre de 2022.<\/p>\n\n\n\n<p>El dirigente de La C\u00e1mpora habl\u00f3 ante una multitud de militantes reunida frente a San Jos\u00e9 1111 y sostuvo que, si bien fueron juzgados los autores materiales del ataque, todav\u00eda no se determin\u00f3 qui\u00e9nes estuvieron detr\u00e1s de su organizaci\u00f3n y financiamiento.<\/p>\n\n\n\n<p>\u201cQuienes dise\u00f1aron el atentado y lo financiaron hoy est\u00e1n fuera del alcance del Poder Judicial\u201d, afirm\u00f3 M\u00e1ximo Kirchner, quien cuestion\u00f3 a la Justicia por no haber avanzado, seg\u00fan su interpretaci\u00f3n, en determinar c\u00f3mo se planific\u00f3 el ataque.<\/p>\n\n\n\n<p>Durante su discurso, el diputado nacional tambi\u00e9n record\u00f3 el contexto pol\u00edtico previo al atentado y mencion\u00f3 las movilizaciones que se hab\u00edan producido frente al domicilio de Cristina Kirchner durante los d\u00edas posteriores al pedido de condena formulado por el fiscal Diego Luciani en la causa conocida como Vialidad.<\/p>\n\n\n\n<p>En ese sentido, M\u00e1ximo Kirchner sostuvo que exist\u00eda un escenario de \u201chostigamiento permanente\u201d hacia la entonces vicepresidenta y cuestion\u00f3 el tratamiento que, seg\u00fan afirm\u00f3, recibi\u00f3 su figura por parte de sectores pol\u00edticos, medi\u00e1ticos y judiciales.<\/p>\n\n\n\n<p>El dirigente tambi\u00e9n se refiri\u00f3 a la situaci\u00f3n actual de Cristina Kirchner y destac\u00f3 que, pese a encontrarse bajo prisi\u00f3n domiciliaria, contin\u00faa prepar\u00e1ndose y participando de la discusi\u00f3n pol\u00edtica. En ese marco, cuestion\u00f3 a quienes sostienen que la expresidenta \u201cya fue\u201d y plante\u00f3 que deber\u00eda poder competir electoralmente.<\/p>\n\n\n\n<p>Durante el acto, adem\u00e1s, M\u00e1ximo Kirchner apunt\u00f3 contra el presidente Javier Milei por sus cr\u00edticas a periodistas y medios de comunicaci\u00f3n. Consider\u00f3 que el mandatario es \u201cun malagradecido\u201d con parte de la prensa que, seg\u00fan su interpretaci\u00f3n, contribuy\u00f3 a su llegada a la Presidencia.<\/p>\n\n\n\n<p>Al comienzo de su discurso, el titular de La C\u00e1mpora agradeci\u00f3 adem\u00e1s a los espacios pol\u00edticos que adhirieron al documento \u201cLa democracia no admite la eliminaci\u00f3n del adversario\u201d, elaborado en referencia al atentado contra Cristina Kirchner.<\/p>\n\n\n\n<p>El ataque ocurri\u00f3 el 1\u00b0 de septiembre de 2022 frente al domicilio de la entonces vicepresidenta en el barrio porte\u00f1o de Recoleta, cuando un hombre le apunt\u00f3 con un arma a corta distancia. El episodio no lleg\u00f3 a concretarse debido a que el arma no efectu\u00f3 el disparo.<\/p>\n","protected":false},"excerpt":{"rendered":"<p>A cuatro a&ntilde;os del intento de asesinato contra Cristina Fern&aacute;ndez de Kirchner, M&aacute;ximo Kirchner encabez&oacute; este martes un acto frente al domicilio de la exmandataria, donde cumple prisi&oacute;n domiciliaria, y cuestion&oacute; al Poder Judicial por la investigaci&oacute;n sobre el atentado ocurrido el 1&deg; de septiembre de 2022. El dirigente de La C&aacute;mpora habl&oacute; ante una &hellip; <\/p>\n","protected":false},"author":5,"featured_media":3933,"comment_status":"closed","ping_status":"closed","sticky":false,"template":"","format":"standard","meta":{"om_disable_all_campaigns":false,"_joinchat":[]},"categories":[3],"tags":[46,569],"featured_image_urls":{"full":["https:\/\/infotep.com.ar\/wp-content\/uploads\/2023\/03\/maximo.jpeg",470,313,false],"thumbnail":["https:\/\/infotep.com.ar\/wp-content\/uploads\/2023\/03\/maximo-150x150.jpeg",150,150,true],"medium":["https:\/\/infotep.com.ar\/wp-content\/uploads\/2023\/03\/maximo-300x200.jpeg",300,200,true],"medium_large":["https:\/\/infotep.com.ar\/wp-content\/uploads\/2023\/03\/maximo.jpeg",470,313,false],"large":["https:\/\/infotep.com.ar\/wp-content\/uploads\/2023\/03\/maximo.jpeg",470,313,false],"1536x1536":["https:\/\/infotep.com.ar\/wp-content\/uploads\/2023\/03\/maximo.jpeg",470,313,false],"2048x2048":["https:\/\/infotep.com.ar\/wp-content\/uploads\/2023\/03\/maximo.jpeg",470,313,false],"blossom-feminine-slider":["https:\/\/infotep.com.ar\/wp-content\/uploads\/2023\/03\/maximo.jpeg",470,313,false],"blossom-feminine-featured":["https:\/\/infotep.com.ar\/wp-content\/uploads\/2023\/03\/maximo.jpeg",470,313,false],"blossom-feminine-with-sidebar":["https:\/\/infotep.com.ar\/wp-content\/uploads\/2023\/03\/maximo.jpeg",470,313,false],"blossom-feminine-blog":["https:\/\/infotep.com.ar\/wp-content\/uploads\/2023\/03\/maximo-435x313.jpeg",435,313,true],"blossom-feminine-cat":["https:\/\/infotep.com.ar\/wp-content\/uploads\/2023\/03\/maximo-450x300.jpeg",450,300,true],"blossom-feminine-related":["https:\/\/infotep.com.ar\/wp-content\/uploads\/2023\/03\/maximo-320x200.jpeg",320,200,true],"blossom-feminine-schema":["https:\/\/infotep.com.ar\/wp-content\/uploads\/2023\/03\/maximo-90x60.jpeg",90,60,true],"blossom-mommy-blog-slider-big":["https:\/\/infotep.com.ar\/wp-content\/uploads\/2023\/03\/maximo.jpeg",470,313,false],"blossom-mommy-blog-slider":["https:\/\/infotep.com.ar\/wp-content\/uploads\/2023\/03\/maximo-460x310.jpeg",460,310,true],"blossom-mommy-blog-two":["https:\/\/infotep.com.ar\/wp-content\/uploads\/2023\/03\/maximo.jpeg",470,313,false]},"author_info":{"info":["Angela Tobar"]},"category_info":"<a href=\"https:\/\/infotep.com.ar\/index.php\/category\/nacionales\/\" rel=\"category tag\">Nacionales<\/a>","tag_info":"Nacionales","comment_count":"0","_links":{"self":[{"href":"https:\/\/infotep.com.ar\/index.php\/wp-json\/wp\/v2\/posts\/37281"}],"collection":[{"href":"https:\/\/infotep.com.ar\/index.php\/wp-json\/wp\/v2\/posts"}],"about":[{"href":"https:\/\/infotep.com.ar\/index.php\/wp-json\/wp\/v2\/types\/post"}],"author":[{"embeddable":true,"href":"https:\/\/infotep.com.ar\/index.php\/wp-json\/wp\/v2\/users\/5"}],"replies":[{"embeddable":true,"href":"https:\/\/infotep.com.ar\/index.php\/wp-json\/wp\/v2\/comments?post=37281"}],"version-history":[{"count":1,"href":"https:\/\/infotep.com.ar\/index.php\/wp-json\/wp\/v2\/posts\/37281\/revisions"}],"predecessor-version":[{"id":37282,"href":"https:\/\/infotep.com.ar\/index.php\/wp-json\/wp\/v2\/posts\/37281\/revisions\/37282"}],"wp:featuredmedia":[{"embeddable":true,"href":"https:\/\/infotep.com.ar\/index.php\/wp-json\/wp\/v2\/media\/3933"}],"wp:attachment":[{"href":"https:\/\/infotep.com.ar\/index.php\/wp-json\/wp\/v2\/media?parent=37281"}],"wp:term":[{"taxonomy":"category","embeddable":true,"href":"https:\/\/infotep.com.ar\/index.php\/wp-json\/wp\/v2\/categories?post=37281"},{"taxonomy":"post_tag","embeddable":true,"href":"https:\/\/infotep.com.ar\/index.php\/wp-json\/wp\/v2\/tags?post=37281"}],"curies":[{"name":"wp","href":"https:\/\/api.w.org\/{rel}","templated":true}]}}