{"id":37283,"date":"2026-09-01T21:14:51","date_gmt":"2026-09-02T00:14:51","guid":{"rendered":"https:\/\/infotep.com.ar\/?p=37283"},"modified":"2026-09-01T21:14:52","modified_gmt":"2026-09-02T00:14:52","slug":"moreno-la-uta-reclamo-garantias-laborales-para-los-trabajadores-de-la-perlita","status":"publish","type":"post","link":"https:\/\/infotep.com.ar\/index.php\/2026\/09\/01\/moreno-la-uta-reclamo-garantias-laborales-para-los-trabajadores-de-la-perlita\/","title":{"rendered":"Moreno: la UTA reclam\u00f3 garant\u00edas laborales para los trabajadores de La Perlita"},"content":{"rendered":"\n<p>La Uni\u00f3n Tranviarios Automotor (UTA) expres\u00f3 su preocupaci\u00f3n por el proceso de licitaci\u00f3n del transporte p\u00fablico impulsado en Moreno y reclam\u00f3 que se garantice la continuidad laboral de los m\u00e1s de 800 trabajadores que actualmente se desempe\u00f1an en la empresa La Perlita.<\/p>\n\n\n\n<p>El gremio cuestion\u00f3 que el pliego de licitaci\u00f3n aprobado por el Concejo Deliberante no incluya, seg\u00fan sostuvo, una garant\u00eda expl\u00edcita sobre la continuidad de los puestos de trabajo, el reconocimiento de la antig\u00fcedad y el mantenimiento de los derechos laborales adquiridos.<\/p>\n\n\n\n<p>La licitaci\u00f3n contempla la divisi\u00f3n del servicio de transporte del distrito en tres zonas, que quedar\u00edan a cargo de distintas empresas operadoras. El proyecto busca ampliar y mejorar la cobertura del transporte en el partido, incluyendo a barrios que actualmente presentan dificultades de conectividad.<\/p>\n\n\n\n<p>De acuerdo con lo establecido en el pliego, los trabajadores de La Perlita conservar\u00edan sus empleos y las nuevas empresas prestadoras deber\u00edan incorporar a la actual planta de personal. Sin embargo, la UTA sostiene que esa disposici\u00f3n no representa una garant\u00eda suficiente para preservar las condiciones laborales existentes.<\/p>\n\n\n\n<p>\u201cProfunda preocupaci\u00f3n\u201d expres\u00f3 el sindicato ante la falta de respuestas del Municipio frente a su reclamo y advirti\u00f3 que la situaci\u00f3n podr\u00eda derivar en un escenario de \u201ccreciente conflictividad\u201d.<\/p>\n\n\n\n<p>En ese sentido, la organizaci\u00f3n gremial reclam\u00f3 que se establezcan garant\u00edas antes de que se concrete la adjudicaci\u00f3n del servicio y se\u00f1al\u00f3 que no aceptar\u00e1 que la continuidad de los trabajadores quede condicionada al resultado de la licitaci\u00f3n o a las decisiones de las futuras empresas adjudicatarias.<\/p>\n\n\n\n<p>El reclamo se produce luego de distintas manifestaciones de trabajadores de La Perlita, quienes tambi\u00e9n expresaron cuestionamientos al proceso de licitaci\u00f3n y plantearon sus dudas sobre el impacto que tendr\u00e1 la divisi\u00f3n del servicio en distintas zonas.<\/p>\n\n\n\n<p>La UTA pidi\u00f3 una respuesta del Municipio de Moreno que permita garantizar los puestos de trabajo y el reconocimiento de los derechos laborales de los empleados involucrados. El gremio advirti\u00f3 que, de no obtener respuestas, podr\u00eda profundizar las medidas de reclamo, en un conflicto que eventualmente podr\u00eda afectar la prestaci\u00f3n del servicio de transporte p\u00fablico.<\/p>\n\n\n\n<figure class=\"wp-block-image size-large\"><img decoding=\"async\" loading=\"lazy\" width=\"724\" height=\"1024\" src=\"https:\/\/infotep.com.ar\/wp-content\/uploads\/2026\/09\/moreno-724x1024.png\" alt=\"\" class=\"wp-image-37284\" srcset=\"https:\/\/infotep.com.ar\/wp-content\/uploads\/2026\/09\/moreno-724x1024.png 724w, https:\/\/infotep.com.ar\/wp-content\/uploads\/2026\/09\/moreno-212x300.png 212w, https:\/\/infotep.com.ar\/wp-content\/uploads\/2026\/09\/moreno-768x1086.png 768w, https:\/\/infotep.com.ar\/wp-content\/uploads\/2026\/09\/moreno-42x60.png 42w, https:\/\/infotep.com.ar\/wp-content\/uploads\/2026\/09\/moreno.png 807w\" sizes=\"(max-width: 724px) 100vw, 724px\" \/><\/figure>\n","protected":false},"excerpt":{"rendered":"<p>La Uni&oacute;n Tranviarios Automotor (UTA) expres&oacute; su preocupaci&oacute;n por el proceso de licitaci&oacute;n del transporte p&uacute;blico impulsado en Moreno y reclam&oacute; que se garantice la continuidad laboral de los m&aacute;s de 800 trabajadores que actualmente se desempe&ntilde;an en la empresa La Perlita. El gremio cuestion&oacute; que el pliego de licitaci&oacute;n aprobado por el Concejo Deliberante &hellip; <\/p>\n","protected":false},"author":5,"featured_media":37285,"comment_status":"closed","ping_status":"closed","sticky":false,"template":"","format":"standard","meta":{"om_disable_all_campaigns":false,"_joinchat":[]},"categories":[7,85],"tags":[46,107,43,569],"featured_image_urls":{"full":["https:\/\/infotep.com.ar\/wp-content\/uploads\/2026\/09\/perlita-moreno.jpg",590,443,false],"thumbnail":["https:\/\/infotep.com.ar\/wp-content\/uploads\/2026\/09\/perlita-moreno-150x150.jpg",150,150,true],"medium":["https:\/\/infotep.com.ar\/wp-content\/uploads\/2026\/09\/perlita-moreno-300x225.jpg",300,225,true],"medium_large":["https:\/\/infotep.com.ar\/wp-content\/uploads\/2026\/09\/perlita-moreno.jpg",590,443,false],"large":["https:\/\/infotep.com.ar\/wp-content\/uploads\/2026\/09\/perlita-moreno.jpg",590,443,false],"1536x1536":["https:\/\/infotep.com.ar\/wp-content\/uploads\/2026\/09\/perlita-moreno.jpg",590,443,false],"2048x2048":["https:\/\/infotep.com.ar\/wp-content\/uploads\/2026\/09\/perlita-moreno.jpg",590,443,false],"blossom-feminine-slider":["https:\/\/infotep.com.ar\/wp-content\/uploads\/2026\/09\/perlita-moreno.jpg",590,443,false],"blossom-feminine-featured":["https:\/\/infotep.com.ar\/wp-content\/uploads\/2026\/09\/perlita-moreno.jpg",590,443,false],"blossom-feminine-with-sidebar":["https:\/\/infotep.com.ar\/wp-content\/uploads\/2026\/09\/perlita-moreno.jpg",590,443,false],"blossom-feminine-blog":["https:\/\/infotep.com.ar\/wp-content\/uploads\/2026\/09\/perlita-moreno-435x435.jpg",435,435,true],"blossom-feminine-cat":["https:\/\/infotep.com.ar\/wp-content\/uploads\/2026\/09\/perlita-moreno-450x300.jpg",450,300,true],"blossom-feminine-related":["https:\/\/infotep.com.ar\/wp-content\/uploads\/2026\/09\/perlita-moreno-320x200.jpg",320,200,true],"blossom-feminine-schema":["https:\/\/infotep.com.ar\/wp-content\/uploads\/2026\/09\/perlita-moreno-80x60.jpg",80,60,true],"blossom-mommy-blog-slider-big":["https:\/\/infotep.com.ar\/wp-content\/uploads\/2026\/09\/perlita-moreno.jpg",590,443,false],"blossom-mommy-blog-slider":["https:\/\/infotep.com.ar\/wp-content\/uploads\/2026\/09\/perlita-moreno-460x310.jpg",460,310,true],"blossom-mommy-blog-two":["https:\/\/infotep.com.ar\/wp-content\/uploads\/2026\/09\/perlita-moreno.jpg",590,443,false]},"author_info":{"info":["Angela Tobar"]},"category_info":"<a href=\"https:\/\/infotep.com.ar\/index.php\/category\/gremios\/\" rel=\"category tag\">Gremios<\/a> <a href=\"https:\/\/infotep.com.ar\/index.php\/category\/municipales\/moreno\/\" rel=\"category tag\">Moreno<\/a>","tag_info":"Moreno","comment_count":"0","_links":{"self":[{"href":"https:\/\/infotep.com.ar\/index.php\/wp-json\/wp\/v2\/posts\/37283"}],"collection":[{"href":"https:\/\/infotep.com.ar\/index.php\/wp-json\/wp\/v2\/posts"}],"about":[{"href":"https:\/\/infotep.com.ar\/index.php\/wp-json\/wp\/v2\/types\/post"}],"author":[{"embeddable":true,"href":"https:\/\/infotep.com.ar\/index.php\/wp-json\/wp\/v2\/users\/5"}],"replies":[{"embeddable":true,"href":"https:\/\/infotep.com.ar\/index.php\/wp-json\/wp\/v2\/comments?post=37283"}],"version-history":[{"count":1,"href":"https:\/\/infotep.com.ar\/index.php\/wp-json\/wp\/v2\/posts\/37283\/revisions"}],"predecessor-version":[{"id":37286,"href":"https:\/\/infotep.com.ar\/index.php\/wp-json\/wp\/v2\/posts\/37283\/revisions\/37286"}],"wp:featuredmedia":[{"embeddable":true,"href":"https:\/\/infotep.com.ar\/index.php\/wp-json\/wp\/v2\/media\/37285"}],"wp:attachment":[{"href":"https:\/\/infotep.com.ar\/index.php\/wp-json\/wp\/v2\/media?parent=37283"}],"wp:term":[{"taxonomy":"category","embeddable":true,"href":"https:\/\/infotep.com.ar\/index.php\/wp-json\/wp\/v2\/categories?post=37283"},{"taxonomy":"post_tag","embeddable":true,"href":"https:\/\/infotep.com.ar\/index.php\/wp-json\/wp\/v2\/tags?post=37283"}],"curies":[{"name":"wp","href":"https:\/\/api.w.org\/{rel}","templated":true}]}}