{"id":37301,"date":"2026-09-02T12:05:56","date_gmt":"2026-09-02T15:05:56","guid":{"rendered":"https:\/\/infotep.com.ar\/?p=37301"},"modified":"2026-09-02T12:06:45","modified_gmt":"2026-09-02T15:06:45","slug":"llega-la-4-expo-igualdad-bonaerense-al-hipodromo-de-la-plata","status":"publish","type":"post","link":"https:\/\/infotep.com.ar\/index.php\/2026\/09\/02\/llega-la-4-expo-igualdad-bonaerense-al-hipodromo-de-la-plata\/","title":{"rendered":"Llega la 4\u00b0 Expo Igualdad Bonaerense al Hip\u00f3dromo de La Plata"},"content":{"rendered":"\n<p>El Ministerio de Mujeres y Diversidad de la provincia de Buenos Aires realizar\u00e1 la cuarta edici\u00f3n de la Expo Igualdad Bonaerense el pr\u00f3ximo s\u00e1bado 5 y domingo 6 de septiembre en el Hip\u00f3dromo de La Plata.<\/p>\n\n\n\n<p>El Ministerio de Mujeres y Diversidad de la provincia de Buenos Aires realizar\u00e1 la cuarta edici\u00f3n de la Expo Igualdad Bonaerense el pr\u00f3ximo s\u00e1bado 5 y domingo 6 de septiembre en el Hip\u00f3dromo de La Plata. El encuentro es organizado junto a Expo@dise\u00f1o, Hip\u00f3dromo de La Plata, el Instituto Provincial de Loter\u00eda y Casinos y el Consejo Federal de Inversiones (CFI).<\/p>\n\n\n\n<p><strong>Las jornadas se desarrollar\u00e1n de 11 a 18 hs, con entrada libre y gratuita, y contar\u00e1n con la participaci\u00f3n de m\u00e1s de 300 productoras y productores bonaerenses, artesanas y emprendedoras que llevan adelante proyectos de dise\u00f1o de indumentaria, lencer\u00eda y calzado, producci\u00f3n artesanal de textiles, bijouterie y objetos de decoraci\u00f3n, elaboraci\u00f3n de dulces, conservas y alimentos, y muchos rubros m\u00e1s.<\/strong><\/p>\n\n\n\n<p>Tambi\u00e9n habr\u00e1 stands de Banco Provincia, de Mercados Bonaerenses del Ministerio de Asuntos Agrarios de la PBA y de ABSA, adem\u00e1s de actividades culturales, espacios de juego y cuidados para ni\u00f1eces y un gran patio gastron\u00f3mico con diversas propuestas para todos los gustos.<\/p>\n\n\n\n<p>En el marco de la Expo Igualdad Bonaerense tambi\u00e9n se realizar\u00e1n paneles con mujeres referentes de distintos \u00e1mbitos. Tras una conferencia de apertura sobre liderazgo, comunicaci\u00f3n y tecnolog\u00eda como motores del crecimiento profesional y empresarial, se desarrollar\u00e1n cuatro paneles tem\u00e1ticos: &#8216;Liderazgo que transforma organizaciones&#8217;; &#8216;Finanzas para crecer: construir patrimonio y potenciar proyectos&#8217; sobre educaci\u00f3n financiera, acceso al cr\u00e9dito e inversiones para emprendedoras y PyMEs; &#8216;Marca Personal: el valor de hacer visible el talento&#8217;, enfocado en la comunicaci\u00f3n como herramienta para transformar las experiencias en oportunidades; y &#8216;La Provincia de Buenos Aires y las Econom\u00edas Regionales: cadenas de valor que exportan al mundo&#8217;, que reunir\u00e1 a empresarias de distintos sectores productivos para debatir sobre internacionalizaci\u00f3n de PyMEs, financiamiento y articulaci\u00f3n entre provincias y sectores.<\/p>\n\n\n\n<p>La Expo Igualdad Bonaerense permite que diversas experiencias productivas de mujeres y diversidades que se fortalecen a trav\u00e9s del programa Organizadas y en Red del Ministerio se conozcan y crezcan. Por ejemplo, Roots Cooperativa, un emprendimiento gastron\u00f3mico autogestivo de j\u00f3venes; RUDA, un proyecto de cosm\u00e9tica natural de mujeres rurales; y las cer\u00e1micas, telares y joyer\u00eda del Frente de Mujeres Artesanas. Estos son s\u00f3lo algunos de los m\u00e1s de 300 emprendimientos que se podr\u00e1n recorrer para acompa\u00f1ar el trabajo de las productoras bonaerenses.<\/p>\n\n\n\n<p>A trav\u00e9s de esta iniciativa generamos un espacio de encuentro y crecimiento colectivo que busca potenciar la participaci\u00f3n de las mujeres y diversidades en los \u00e1mbitos de la producci\u00f3n y el trabajo, fortalecer las econom\u00edas regionales y reducir las brechas de desigualdad por razones de g\u00e9nero.<\/p>\n\n\n\n<p>En la provincia de Buenos Aires, seguimos trabajando para consolidar las pol\u00edticas p\u00fablicas con perspectiva de g\u00e9nero que nos permitan avanzar en la construcci\u00f3n de una sociedad con m\u00e1s oportunidades, derechos e igualdad.<\/p>\n","protected":false},"excerpt":{"rendered":"<p>El Ministerio de Mujeres y Diversidad de la provincia de Buenos Aires realizar&aacute; la cuarta edici&oacute;n de la Expo Igualdad Bonaerense el pr&oacute;ximo s&aacute;bado 5 y domingo 6 de septiembre en el Hip&oacute;dromo de La Plata. El Ministerio de Mujeres y Diversidad de la provincia de Buenos Aires realizar&aacute; la cuarta edici&oacute;n de la Expo &hellip; <\/p>\n","protected":false},"author":5,"featured_media":37304,"comment_status":"closed","ping_status":"closed","sticky":false,"template":"","format":"standard","meta":{"om_disable_all_campaigns":false,"_joinchat":[]},"categories":[4],"tags":[46,43,569],"featured_image_urls":{"full":["https:\/\/infotep.com.ar\/wp-content\/uploads\/2026\/09\/expo-igualdad.jpg",701,438,false],"thumbnail":["https:\/\/infotep.com.ar\/wp-content\/uploads\/2026\/09\/expo-igualdad-150x150.jpg",150,150,true],"medium":["https:\/\/infotep.com.ar\/wp-content\/uploads\/2026\/09\/expo-igualdad-300x187.jpg",300,187,true],"medium_large":["https:\/\/infotep.com.ar\/wp-content\/uploads\/2026\/09\/expo-igualdad.jpg",701,438,false],"large":["https:\/\/infotep.com.ar\/wp-content\/uploads\/2026\/09\/expo-igualdad.jpg",701,438,false],"1536x1536":["https:\/\/infotep.com.ar\/wp-content\/uploads\/2026\/09\/expo-igualdad.jpg",701,438,false],"2048x2048":["https:\/\/infotep.com.ar\/wp-content\/uploads\/2026\/09\/expo-igualdad.jpg",701,438,false],"blossom-feminine-slider":["https:\/\/infotep.com.ar\/wp-content\/uploads\/2026\/09\/expo-igualdad.jpg",701,438,false],"blossom-feminine-featured":["https:\/\/infotep.com.ar\/wp-content\/uploads\/2026\/09\/expo-igualdad.jpg",701,438,false],"blossom-feminine-with-sidebar":["https:\/\/infotep.com.ar\/wp-content\/uploads\/2026\/09\/expo-igualdad.jpg",701,438,false],"blossom-feminine-blog":["https:\/\/infotep.com.ar\/wp-content\/uploads\/2026\/09\/expo-igualdad-435x435.jpg",435,435,true],"blossom-feminine-cat":["https:\/\/infotep.com.ar\/wp-content\/uploads\/2026\/09\/expo-igualdad-450x300.jpg",450,300,true],"blossom-feminine-related":["https:\/\/infotep.com.ar\/wp-content\/uploads\/2026\/09\/expo-igualdad-320x200.jpg",320,200,true],"blossom-feminine-schema":["https:\/\/infotep.com.ar\/wp-content\/uploads\/2026\/09\/expo-igualdad-96x60.jpg",96,60,true],"blossom-mommy-blog-slider-big":["https:\/\/infotep.com.ar\/wp-content\/uploads\/2026\/09\/expo-igualdad.jpg",701,438,false],"blossom-mommy-blog-slider":["https:\/\/infotep.com.ar\/wp-content\/uploads\/2026\/09\/expo-igualdad-460x310.jpg",460,310,true],"blossom-mommy-blog-two":["https:\/\/infotep.com.ar\/wp-content\/uploads\/2026\/09\/expo-igualdad.jpg",701,438,false]},"author_info":{"info":["Angela Tobar"]},"category_info":"<a href=\"https:\/\/infotep.com.ar\/index.php\/category\/provinciales\/\" rel=\"category tag\">Provinciales<\/a>","tag_info":"Provinciales","comment_count":"0","_links":{"self":[{"href":"https:\/\/infotep.com.ar\/index.php\/wp-json\/wp\/v2\/posts\/37301"}],"collection":[{"href":"https:\/\/infotep.com.ar\/index.php\/wp-json\/wp\/v2\/posts"}],"about":[{"href":"https:\/\/infotep.com.ar\/index.php\/wp-json\/wp\/v2\/types\/post"}],"author":[{"embeddable":true,"href":"https:\/\/infotep.com.ar\/index.php\/wp-json\/wp\/v2\/users\/5"}],"replies":[{"embeddable":true,"href":"https:\/\/infotep.com.ar\/index.php\/wp-json\/wp\/v2\/comments?post=37301"}],"version-history":[{"count":1,"href":"https:\/\/infotep.com.ar\/index.php\/wp-json\/wp\/v2\/posts\/37301\/revisions"}],"predecessor-version":[{"id":37303,"href":"https:\/\/infotep.com.ar\/index.php\/wp-json\/wp\/v2\/posts\/37301\/revisions\/37303"}],"wp:featuredmedia":[{"embeddable":true,"href":"https:\/\/infotep.com.ar\/index.php\/wp-json\/wp\/v2\/media\/37304"}],"wp:attachment":[{"href":"https:\/\/infotep.com.ar\/index.php\/wp-json\/wp\/v2\/media?parent=37301"}],"wp:term":[{"taxonomy":"category","embeddable":true,"href":"https:\/\/infotep.com.ar\/index.php\/wp-json\/wp\/v2\/categories?post=37301"},{"taxonomy":"post_tag","embeddable":true,"href":"https:\/\/infotep.com.ar\/index.php\/wp-json\/wp\/v2\/tags?post=37301"}],"curies":[{"name":"wp","href":"https:\/\/api.w.org\/{rel}","templated":true}]}}