{"id":37305,"date":"2026-09-02T12:11:13","date_gmt":"2026-09-02T15:11:13","guid":{"rendered":"https:\/\/infotep.com.ar\/?p=37305"},"modified":"2026-09-02T12:11:14","modified_gmt":"2026-09-02T15:11:14","slug":"espinoza-acompano-la-celebracion-por-los-30-anos-del-colegio-de-abogados-de-la-matanza","status":"publish","type":"post","link":"https:\/\/infotep.com.ar\/index.php\/2026\/09\/02\/espinoza-acompano-la-celebracion-por-los-30-anos-del-colegio-de-abogados-de-la-matanza\/","title":{"rendered":"Espinoza acompa\u00f1\u00f3 la celebraci\u00f3n por los 30 a\u00f1os del Colegio de Abogados de La Matanza"},"content":{"rendered":"\n<p>El intendente de La Matanza y presidente de la Federaci\u00f3n Argentina de Municipios (FAM), Fernando Espinoza, particip\u00f3 del acto por el 30\u00b0 aniversario del Colegio de Abogados de La Matanza (CALM), realizado en el marco del D\u00eda de la Abogada y el Abogado.<\/p>\n\n\n\n<p>La ceremonia tuvo lugar en el sal\u00f3n de actos del Centro Cultural Valent\u00edn Barros, en San Justo, y cont\u00f3 con la presencia de representantes del \u00e1mbito jur\u00eddico, autoridades municipales y universitarias. Entre los asistentes estuvo el rector de la Universidad Nacional de La Matanza (UNLaM), Daniel Mart\u00ednez, adem\u00e1s de referentes de distintas instituciones.<\/p>\n\n\n\n<p>Durante el encuentro, Espinoza destac\u00f3 el rol de las y los profesionales del derecho en el acceso a la justicia y en la defensa de derechos. \u201cEjercer la abogac\u00eda significa asumir una responsabilidad muy noble e importante con nuestra sociedad, porque detr\u00e1s de cada expediente y de cada situaci\u00f3n hay derechos que deben ser defendidos\u201d, expres\u00f3.<\/p>\n\n\n\n<p>El intendente tambi\u00e9n se refiri\u00f3 al contexto social y econ\u00f3mico y sostuvo que, ante situaciones complejas, el trabajo de los profesionales del derecho adquiere mayor relevancia. En ese sentido, plante\u00f3 la necesidad de continuar trabajando en torno a la justicia, la solidaridad y el respeto por los derechos.<\/p>\n\n\n\n<p>Uno de los momentos centrales de la jornada fue el reconocimiento a profesionales que cumplieron 35 y 50 a\u00f1os de ejercicio de la abogac\u00eda, quienes recibieron placas, medallas y diplomas por su trayectoria.<\/p>\n\n\n\n<p>Tambi\u00e9n se realiz\u00f3 una menci\u00f3n especial a Justino \u201cPampi\u201d Rivas, fundador y primer presidente del Colegio de Abogados de La Matanza.<\/p>\n\n\n\n<p>Por su parte, el actual presidente del CALM, Mart\u00edn Rivas, destac\u00f3 la tarea de las y los abogados del distrito y su participaci\u00f3n en la defensa de los derechos de la comunidad.<\/p>\n\n\n\n<p>Durante la ceremonia, el Colegio entreg\u00f3 adem\u00e1s una distinci\u00f3n al Centro de Veteranos de Malvinas, en reconocimiento a su trabajo vinculado con la memoria y la soberan\u00eda nacional.<\/p>\n\n\n\n<p>Finalmente, el boxeador Brian Casta\u00f1o, ex campe\u00f3n mundial, fue distinguido como personalidad destacada por su trayectoria deportiva.<\/p>\n","protected":false},"excerpt":{"rendered":"<p>El intendente de La Matanza y presidente de la Federaci&oacute;n Argentina de Municipios (FAM), Fernando Espinoza, particip&oacute; del acto por el 30&deg; aniversario del Colegio de Abogados de La Matanza (CALM), realizado en el marco del D&iacute;a de la Abogada y el Abogado. La ceremonia tuvo lugar en el sal&oacute;n de actos del Centro Cultural &hellip; <\/p>\n","protected":false},"author":5,"featured_media":37306,"comment_status":"closed","ping_status":"closed","sticky":false,"template":"","format":"standard","meta":{"om_disable_all_campaigns":false,"_joinchat":[]},"categories":[31,26],"tags":[60,46,59,43,569],"featured_image_urls":{"full":["https:\/\/infotep.com.ar\/wp-content\/uploads\/2026\/09\/6.jpg",1600,1066,false],"thumbnail":["https:\/\/infotep.com.ar\/wp-content\/uploads\/2026\/09\/6-150x150.jpg",150,150,true],"medium":["https:\/\/infotep.com.ar\/wp-content\/uploads\/2026\/09\/6-300x200.jpg",300,200,true],"medium_large":["https:\/\/infotep.com.ar\/wp-content\/uploads\/2026\/09\/6-768x512.jpg",768,512,true],"large":["https:\/\/infotep.com.ar\/wp-content\/uploads\/2026\/09\/6-1024x682.jpg",1020,679,true],"1536x1536":["https:\/\/infotep.com.ar\/wp-content\/uploads\/2026\/09\/6-1536x1023.jpg",1536,1023,true],"2048x2048":["https:\/\/infotep.com.ar\/wp-content\/uploads\/2026\/09\/6.jpg",1600,1066,false],"blossom-feminine-slider":["https:\/\/infotep.com.ar\/wp-content\/uploads\/2026\/09\/6-1600x649.jpg",1600,649,true],"blossom-feminine-featured":["https:\/\/infotep.com.ar\/wp-content\/uploads\/2026\/09\/6-1410x600.jpg",1410,600,true],"blossom-feminine-with-sidebar":["https:\/\/infotep.com.ar\/wp-content\/uploads\/2026\/09\/6-1020x600.jpg",1020,600,true],"blossom-feminine-blog":["https:\/\/infotep.com.ar\/wp-content\/uploads\/2026\/09\/6-435x435.jpg",435,435,true],"blossom-feminine-cat":["https:\/\/infotep.com.ar\/wp-content\/uploads\/2026\/09\/6-450x300.jpg",450,300,true],"blossom-feminine-related":["https:\/\/infotep.com.ar\/wp-content\/uploads\/2026\/09\/6-320x200.jpg",320,200,true],"blossom-feminine-schema":["https:\/\/infotep.com.ar\/wp-content\/uploads\/2026\/09\/6-90x60.jpg",90,60,true],"blossom-mommy-blog-slider-big":["https:\/\/infotep.com.ar\/wp-content\/uploads\/2026\/09\/6-920x650.jpg",920,650,true],"blossom-mommy-blog-slider":["https:\/\/infotep.com.ar\/wp-content\/uploads\/2026\/09\/6-460x310.jpg",460,310,true],"blossom-mommy-blog-two":["https:\/\/infotep.com.ar\/wp-content\/uploads\/2026\/09\/6-768x480.jpg",768,480,true]},"author_info":{"info":["Angela Tobar"]},"category_info":"<a href=\"https:\/\/infotep.com.ar\/index.php\/category\/destacadas\/\" rel=\"category tag\">Destacadas<\/a> <a href=\"https:\/\/infotep.com.ar\/index.php\/category\/municipales\/la-matanza\/\" rel=\"category tag\">La Matanza<\/a>","tag_info":"La Matanza","comment_count":"0","_links":{"self":[{"href":"https:\/\/infotep.com.ar\/index.php\/wp-json\/wp\/v2\/posts\/37305"}],"collection":[{"href":"https:\/\/infotep.com.ar\/index.php\/wp-json\/wp\/v2\/posts"}],"about":[{"href":"https:\/\/infotep.com.ar\/index.php\/wp-json\/wp\/v2\/types\/post"}],"author":[{"embeddable":true,"href":"https:\/\/infotep.com.ar\/index.php\/wp-json\/wp\/v2\/users\/5"}],"replies":[{"embeddable":true,"href":"https:\/\/infotep.com.ar\/index.php\/wp-json\/wp\/v2\/comments?post=37305"}],"version-history":[{"count":1,"href":"https:\/\/infotep.com.ar\/index.php\/wp-json\/wp\/v2\/posts\/37305\/revisions"}],"predecessor-version":[{"id":37307,"href":"https:\/\/infotep.com.ar\/index.php\/wp-json\/wp\/v2\/posts\/37305\/revisions\/37307"}],"wp:featuredmedia":[{"embeddable":true,"href":"https:\/\/infotep.com.ar\/index.php\/wp-json\/wp\/v2\/media\/37306"}],"wp:attachment":[{"href":"https:\/\/infotep.com.ar\/index.php\/wp-json\/wp\/v2\/media?parent=37305"}],"wp:term":[{"taxonomy":"category","embeddable":true,"href":"https:\/\/infotep.com.ar\/index.php\/wp-json\/wp\/v2\/categories?post=37305"},{"taxonomy":"post_tag","embeddable":true,"href":"https:\/\/infotep.com.ar\/index.php\/wp-json\/wp\/v2\/tags?post=37305"}],"curies":[{"name":"wp","href":"https:\/\/api.w.org\/{rel}","templated":true}]}}