{"id":37308,"date":"2026-09-02T12:12:53","date_gmt":"2026-09-02T15:12:53","guid":{"rendered":"https:\/\/infotep.com.ar\/?p=37308"},"modified":"2026-09-02T12:12:54","modified_gmt":"2026-09-02T15:12:54","slug":"continuan-las-ferias-y-mercados-en-los-barrios-de-moron-2","status":"publish","type":"post","link":"https:\/\/infotep.com.ar\/index.php\/2026\/09\/02\/continuan-las-ferias-y-mercados-en-los-barrios-de-moron-2\/","title":{"rendered":"Contin\u00faan las Ferias y Mercados en los barrios de Mor\u00f3n"},"content":{"rendered":"\n<p>As\u00ed ser\u00e1 el cronograma de Mercados Bonaerenses para septiembre. Tambi\u00e9n sigue abierta la convocatoria para nuevos productores que quieran sumarse a las ferias.<\/p>\n\n\n\n<p>El Municipio de Mor\u00f3n actualiza el esquema de Ferias y Mercados de alimentos, que organiza junto al Ministerio de Desarrollo Agrario bonaerense, y recorre los barrios de todo el distrito, con una variada oferta de productos directo de productores y mayoristas, que incluye l\u00e1cteos, frutas y verduras, y pescader\u00eda, entre otros.<\/p>\n\n\n\n<p>Durante septiembre, los mercados continuar\u00e1n desarroll\u00e1ndose de mi\u00e9rcoles a viernes, de 9 a 13 h, alternativamente en 10 plazas de todo el distrito, y un s\u00e1bado a definir en el Mercado Frutihort\u00edcola Saropalca.<\/p>\n\n\n\n<p><strong>El siguiente es el cronograma de Mercados Bonaerenses en Mor\u00f3n para septiembre:<\/strong><\/p>\n\n\n\n<p>Mi\u00e9rcoles 2 \u2013 Plaza San Mart\u00edn (Buen Viaje y San Mart\u00edn, Mor\u00f3n)<\/p>\n\n\n\n<p>Jueves 3 \u2013 UGC 3 (Pedernera esquina Madariaga, El Palomar)<\/p>\n\n\n\n<p>Viernes 4 \u2013 Plaza de la Madre (Arrieta y S\u00e1nchez, Castelar norte)<\/p>\n\n\n\n<p>Mi\u00e9rcoles 9 \u2013 Polideportivo Municipal (Maza 2046, Mor\u00f3n sur)<\/p>\n\n\n\n<p>Jueves 10 \u2013 Plaza Alsina (Gelly y Obes y Ameghino, Villa Sarmiento)<\/p>\n\n\n\n<p>Viernes 11 \u2013 Plaza Ser\u00e9 (Revoredo y Alcorta, Castelar sur)<\/p>\n\n\n\n<p>Mi\u00e9rcoles 16 \u2013 Plaza San Jos\u00e9 (Pres. Ib\u00e1\u00f1ez y Grito de Alcorta, Mor\u00f3n sur)<\/p>\n\n\n\n<p>Jueves 17 \u2013 Plaza Rivadavia (Malaver y Magnasco, Haedo)<\/p>\n\n\n\n<p>Viernes 18 \u2013 Plaza San Mart\u00edn (Buen Viaje y San Mart\u00edn, Mor\u00f3n)<\/p>\n\n\n\n<p>Mi\u00e9rcoles 23 \u2013 Reserva Natural Urbana (Cnel. Arena y Prudan, Castelar sur)<\/p>\n\n\n\n<p>Jueves 24 \u2013 Plaza Alsina (Gelly y Obes y Ameghino, Villa Sarmiento)<\/p>\n\n\n\n<p>Viernes 25 \u2013 Plaza Belgrano (Maison y Anatole France, Castelar)<\/p>\n\n\n\n<p>Mi\u00e9rcoles 30 \u2013 Plaza San Mart\u00edn (Buen Viaje y San Mart\u00edn, Mor\u00f3n)<\/p>\n\n\n\n<p>Jueves 1 de octubre \u2013 Plaza de la Madre (Arrieta y S\u00e1nchez, Castelar norte)<\/p>\n\n\n\n<p>Viernes 2 de octubre \u2013 Plaza Rucci (R\u00edo Piedras y G. Silva, Mor\u00f3n)<\/p>\n\n\n\n<p>Adem\u00e1s, para facilitar la compra, el Municipio ofrece la posibilidad de hacer el pedido anticipado, completando un formulario, para luego retirar la mercader\u00eda en la feria de manera m\u00e1s \u00e1gil y r\u00e1pida. Para reservar, se debe enviar un mensaje de WhatsApp al 11 3213-0385 con la palabra \u00abALTA\u00bb y pedir el formulario, que se completa online. A trav\u00e9s de ese medio tambi\u00e9n se pueden realizar consultas sobre el cronograma y las promociones disponibles.<\/p>\n\n\n\n<p>Estas ferias est\u00e1n incluidas en el programa Ferias y Mercados Bonaerenses de Cuenta DNI de Banco Provincia, que ofrece un 40% de reintegro, con tope semanal, en las compras que all\u00ed se realicen.<\/p>\n\n\n\n<p>Por otra parte, el Municipio lleva adelante una convocatoria a productores y productoras de alimentos que quieran sumarse a las ferias. Las y los interesados pueden escribir al 11 3213-0385 y solicitar toda la informaci\u00f3n y los requisitos necesarios. La iniciativa apunta a potenciar el desarrollo local, permitiendo la expansi\u00f3n de los canales y el crecimiento de ventas de los productores, y al mismo tiempo fortalecer el esquema de ferias para que los vecinos y vecinas accedan cada vez a mayor cantidad y calidad de productos, a los mejores precios.<\/p>\n","protected":false},"excerpt":{"rendered":"<p>As&iacute; ser&aacute; el cronograma de Mercados Bonaerenses para septiembre. Tambi&eacute;n sigue abierta la convocatoria para nuevos productores que quieran sumarse a las ferias. El Municipio de Mor&oacute;n actualiza el esquema de Ferias y Mercados de alimentos, que organiza junto al Ministerio de Desarrollo Agrario bonaerense, y recorre los barrios de todo el distrito, con una &hellip; <\/p>\n","protected":false},"author":5,"featured_media":35288,"comment_status":"closed","ping_status":"closed","sticky":false,"template":"","format":"standard","meta":{"om_disable_all_campaigns":false,"_joinchat":[]},"categories":[31],"tags":[46,53,43,569],"featured_image_urls":{"full":["https:\/\/infotep.com.ar\/wp-content\/uploads\/2026\/06\/Mercados-1-1024x679.jpg.jpeg",1024,679,false],"thumbnail":["https:\/\/infotep.com.ar\/wp-content\/uploads\/2026\/06\/Mercados-1-1024x679.jpg-150x150.jpeg",150,150,true],"medium":["https:\/\/infotep.com.ar\/wp-content\/uploads\/2026\/06\/Mercados-1-1024x679.jpg-300x199.jpeg",300,199,true],"medium_large":["https:\/\/infotep.com.ar\/wp-content\/uploads\/2026\/06\/Mercados-1-1024x679.jpg-768x509.jpeg",768,509,true],"large":["https:\/\/infotep.com.ar\/wp-content\/uploads\/2026\/06\/Mercados-1-1024x679.jpg.jpeg",1020,676,false],"1536x1536":["https:\/\/infotep.com.ar\/wp-content\/uploads\/2026\/06\/Mercados-1-1024x679.jpg.jpeg",1024,679,false],"2048x2048":["https:\/\/infotep.com.ar\/wp-content\/uploads\/2026\/06\/Mercados-1-1024x679.jpg.jpeg",1024,679,false],"blossom-feminine-slider":["https:\/\/infotep.com.ar\/wp-content\/uploads\/2026\/06\/Mercados-1-1024x679.jpg-1024x649.jpeg",1024,649,true],"blossom-feminine-featured":["https:\/\/infotep.com.ar\/wp-content\/uploads\/2026\/06\/Mercados-1-1024x679.jpg-1024x600.jpeg",1024,600,true],"blossom-feminine-with-sidebar":["https:\/\/infotep.com.ar\/wp-content\/uploads\/2026\/06\/Mercados-1-1024x679.jpg-1020x600.jpeg",1020,600,true],"blossom-feminine-blog":["https:\/\/infotep.com.ar\/wp-content\/uploads\/2026\/06\/Mercados-1-1024x679.jpg-435x435.jpeg",435,435,true],"blossom-feminine-cat":["https:\/\/infotep.com.ar\/wp-content\/uploads\/2026\/06\/Mercados-1-1024x679.jpg-450x300.jpeg",450,300,true],"blossom-feminine-related":["https:\/\/infotep.com.ar\/wp-content\/uploads\/2026\/06\/Mercados-1-1024x679.jpg-320x200.jpeg",320,200,true],"blossom-feminine-schema":["https:\/\/infotep.com.ar\/wp-content\/uploads\/2026\/06\/Mercados-1-1024x679.jpg-90x60.jpeg",90,60,true],"blossom-mommy-blog-slider-big":["https:\/\/infotep.com.ar\/wp-content\/uploads\/2026\/06\/Mercados-1-1024x679.jpg-920x650.jpeg",920,650,true],"blossom-mommy-blog-slider":["https:\/\/infotep.com.ar\/wp-content\/uploads\/2026\/06\/Mercados-1-1024x679.jpg-460x310.jpeg",460,310,true],"blossom-mommy-blog-two":["https:\/\/infotep.com.ar\/wp-content\/uploads\/2026\/06\/Mercados-1-1024x679.jpg-768x480.jpeg",768,480,true]},"author_info":{"info":["Angela Tobar"]},"category_info":"<a href=\"https:\/\/infotep.com.ar\/index.php\/category\/destacadas\/\" rel=\"category tag\">Destacadas<\/a>","tag_info":"Destacadas","comment_count":"0","_links":{"self":[{"href":"https:\/\/infotep.com.ar\/index.php\/wp-json\/wp\/v2\/posts\/37308"}],"collection":[{"href":"https:\/\/infotep.com.ar\/index.php\/wp-json\/wp\/v2\/posts"}],"about":[{"href":"https:\/\/infotep.com.ar\/index.php\/wp-json\/wp\/v2\/types\/post"}],"author":[{"embeddable":true,"href":"https:\/\/infotep.com.ar\/index.php\/wp-json\/wp\/v2\/users\/5"}],"replies":[{"embeddable":true,"href":"https:\/\/infotep.com.ar\/index.php\/wp-json\/wp\/v2\/comments?post=37308"}],"version-history":[{"count":1,"href":"https:\/\/infotep.com.ar\/index.php\/wp-json\/wp\/v2\/posts\/37308\/revisions"}],"predecessor-version":[{"id":37309,"href":"https:\/\/infotep.com.ar\/index.php\/wp-json\/wp\/v2\/posts\/37308\/revisions\/37309"}],"wp:featuredmedia":[{"embeddable":true,"href":"https:\/\/infotep.com.ar\/index.php\/wp-json\/wp\/v2\/media\/35288"}],"wp:attachment":[{"href":"https:\/\/infotep.com.ar\/index.php\/wp-json\/wp\/v2\/media?parent=37308"}],"wp:term":[{"taxonomy":"category","embeddable":true,"href":"https:\/\/infotep.com.ar\/index.php\/wp-json\/wp\/v2\/categories?post=37308"},{"taxonomy":"post_tag","embeddable":true,"href":"https:\/\/infotep.com.ar\/index.php\/wp-json\/wp\/v2\/tags?post=37308"}],"curies":[{"name":"wp","href":"https:\/\/api.w.org\/{rel}","templated":true}]}}