{"id":37310,"date":"2026-09-02T00:14:00","date_gmt":"2026-09-02T03:14:00","guid":{"rendered":"https:\/\/infotep.com.ar\/?p=37310"},"modified":"2026-09-02T12:17:41","modified_gmt":"2026-09-02T15:17:41","slug":"continua-la-expo-industrial-hecho-en-merlo-con-debates-sobre-produccion-y-empleo","status":"publish","type":"post","link":"https:\/\/infotep.com.ar\/index.php\/2026\/09\/02\/continua-la-expo-industrial-hecho-en-merlo-con-debates-sobre-produccion-y-empleo\/","title":{"rendered":"Contin\u00faa la Expo Industrial \u201cHecho en Merlo\u201d con debates sobre producci\u00f3n y empleo"},"content":{"rendered":"\n<p>La Expo Industrial \u201cHecho en Merlo 2026\u201d contin\u00faa con una agenda de actividades que re\u00fane a empresas, comercios, emprendedores y escuelas t\u00e9cnicas del distrito. En una de las jornadas participaron el intendente de Castelli, Francisco Echarren, y el diputado nacional Miguel \u00c1ngel Pichetto, quienes brindaron exposiciones vinculadas al trabajo, la producci\u00f3n y la situaci\u00f3n de la industria.<\/p>\n\n\n\n<p>Echarren encabez\u00f3 la charla \u201cEl trabajo como ordenador social m\u00e1s all\u00e1 de los contextos\u201d, en la que plante\u00f3 la necesidad de fortalecer el sector industrial y recuperar el rol del trabajo dentro de un proyecto productivo nacional.<\/p>\n\n\n\n<p>\u201cTenemos que recuperar el valor del trabajo dentro de un proyecto nacional, en un camino que tenemos que hacer juntos, proponiendo un modelo industrial que tenga que ver con los valores que hicieron grande a nuestro pa\u00eds\u201d, sostuvo.<\/p>\n\n\n\n<p>Durante su exposici\u00f3n, el jefe comunal de Castelli tambi\u00e9n cuestion\u00f3 el rumbo de la pol\u00edtica econ\u00f3mica nacional. \u201cMilei no solo quebr\u00f3 a gran parte de la industria nacional; tambi\u00e9n est\u00e1 quebrando a los Estados en su rol de estimular la econom\u00eda\u201d, afirm\u00f3, y vincul\u00f3 la ca\u00edda del consumo y del empleo con una disminuci\u00f3n de la recaudaci\u00f3n.<\/p>\n\n\n\n<p>Por su parte, Miguel \u00c1ngel Pichetto brind\u00f3 la conferencia \u201cAgenda para el empleo y la producci\u00f3n\u201d, donde se refiri\u00f3 a las dificultades que atraviesan las industrias y las peque\u00f1as y medianas empresas.<\/p>\n\n\n\n<p>\u201cEn este modelo econ\u00f3mico nacional, las industrias est\u00e1n teniendo grandes dificultades para sobrevivir, por la apertura indiscriminada de las importaciones\u201d, sostuvo el diputado, quien adem\u00e1s afirm\u00f3 que durante los \u00faltimos a\u00f1os cerraron entre 22.000 y 30.000 empresas y PyMEs.<\/p>\n\n\n\n<p><strong>La Expo Industrial se desarrolla hasta este 2 de septiembre, de 12 a 20, en el Predio El Remanso, ubicado en Balbastro 2201, esquina Blanco Encalada, Parque San Mart\u00edn. La entrada es libre y gratuita.<\/strong><\/p>\n\n\n\n<p>La propuesta re\u00fane a m\u00e1s de 100 empresas, comercios, emprendedores y escuelas t\u00e9cnicas, con el objetivo de exhibir productos, proyectos y desarrollos vinculados con la producci\u00f3n local. La actividad es organizada por el \u00e1rea municipal de Desarrollo Econ\u00f3mico Sustentable, con el acompa\u00f1amiento de la Uni\u00f3n Industrial de Merlo.<\/p>\n","protected":false},"excerpt":{"rendered":"<p>La Expo Industrial &ldquo;Hecho en Merlo 2026&rdquo; contin&uacute;a con una agenda de actividades que re&uacute;ne a empresas, comercios, emprendedores y escuelas t&eacute;cnicas del distrito. En una de las jornadas participaron el intendente de Castelli, Francisco Echarren, y el diputado nacional Miguel &Aacute;ngel Pichetto, quienes brindaron exposiciones vinculadas al trabajo, la producci&oacute;n y la situaci&oacute;n de &hellip; <\/p>\n","protected":false},"author":5,"featured_media":37312,"comment_status":"closed","ping_status":"closed","sticky":false,"template":"","format":"standard","meta":{"om_disable_all_campaigns":false,"_joinchat":[]},"categories":[31],"tags":[46,569],"featured_image_urls":{"full":["https:\/\/infotep.com.ar\/wp-content\/uploads\/2026\/09\/menendez-pichetto-y-echarren-en-la-expo-hecho-en-merlo-2026-1-1.jpg",900,506,false],"thumbnail":["https:\/\/infotep.com.ar\/wp-content\/uploads\/2026\/09\/menendez-pichetto-y-echarren-en-la-expo-hecho-en-merlo-2026-1-1-150x150.jpg",150,150,true],"medium":["https:\/\/infotep.com.ar\/wp-content\/uploads\/2026\/09\/menendez-pichetto-y-echarren-en-la-expo-hecho-en-merlo-2026-1-1-300x169.jpg",300,169,true],"medium_large":["https:\/\/infotep.com.ar\/wp-content\/uploads\/2026\/09\/menendez-pichetto-y-echarren-en-la-expo-hecho-en-merlo-2026-1-1-768x432.jpg",768,432,true],"large":["https:\/\/infotep.com.ar\/wp-content\/uploads\/2026\/09\/menendez-pichetto-y-echarren-en-la-expo-hecho-en-merlo-2026-1-1.jpg",900,506,false],"1536x1536":["https:\/\/infotep.com.ar\/wp-content\/uploads\/2026\/09\/menendez-pichetto-y-echarren-en-la-expo-hecho-en-merlo-2026-1-1.jpg",900,506,false],"2048x2048":["https:\/\/infotep.com.ar\/wp-content\/uploads\/2026\/09\/menendez-pichetto-y-echarren-en-la-expo-hecho-en-merlo-2026-1-1.jpg",900,506,false],"blossom-feminine-slider":["https:\/\/infotep.com.ar\/wp-content\/uploads\/2026\/09\/menendez-pichetto-y-echarren-en-la-expo-hecho-en-merlo-2026-1-1.jpg",900,506,false],"blossom-feminine-featured":["https:\/\/infotep.com.ar\/wp-content\/uploads\/2026\/09\/menendez-pichetto-y-echarren-en-la-expo-hecho-en-merlo-2026-1-1.jpg",900,506,false],"blossom-feminine-with-sidebar":["https:\/\/infotep.com.ar\/wp-content\/uploads\/2026\/09\/menendez-pichetto-y-echarren-en-la-expo-hecho-en-merlo-2026-1-1.jpg",900,506,false],"blossom-feminine-blog":["https:\/\/infotep.com.ar\/wp-content\/uploads\/2026\/09\/menendez-pichetto-y-echarren-en-la-expo-hecho-en-merlo-2026-1-1-435x435.jpg",435,435,true],"blossom-feminine-cat":["https:\/\/infotep.com.ar\/wp-content\/uploads\/2026\/09\/menendez-pichetto-y-echarren-en-la-expo-hecho-en-merlo-2026-1-1-450x300.jpg",450,300,true],"blossom-feminine-related":["https:\/\/infotep.com.ar\/wp-content\/uploads\/2026\/09\/menendez-pichetto-y-echarren-en-la-expo-hecho-en-merlo-2026-1-1-320x200.jpg",320,200,true],"blossom-feminine-schema":["https:\/\/infotep.com.ar\/wp-content\/uploads\/2026\/09\/menendez-pichetto-y-echarren-en-la-expo-hecho-en-merlo-2026-1-1-107x60.jpg",107,60,true],"blossom-mommy-blog-slider-big":["https:\/\/infotep.com.ar\/wp-content\/uploads\/2026\/09\/menendez-pichetto-y-echarren-en-la-expo-hecho-en-merlo-2026-1-1.jpg",900,506,false],"blossom-mommy-blog-slider":["https:\/\/infotep.com.ar\/wp-content\/uploads\/2026\/09\/menendez-pichetto-y-echarren-en-la-expo-hecho-en-merlo-2026-1-1-460x310.jpg",460,310,true],"blossom-mommy-blog-two":["https:\/\/infotep.com.ar\/wp-content\/uploads\/2026\/09\/menendez-pichetto-y-echarren-en-la-expo-hecho-en-merlo-2026-1-1-768x480.jpg",768,480,true]},"author_info":{"info":["Angela Tobar"]},"category_info":"<a href=\"https:\/\/infotep.com.ar\/index.php\/category\/destacadas\/\" rel=\"category tag\">Destacadas<\/a>","tag_info":"Destacadas","comment_count":"0","_links":{"self":[{"href":"https:\/\/infotep.com.ar\/index.php\/wp-json\/wp\/v2\/posts\/37310"}],"collection":[{"href":"https:\/\/infotep.com.ar\/index.php\/wp-json\/wp\/v2\/posts"}],"about":[{"href":"https:\/\/infotep.com.ar\/index.php\/wp-json\/wp\/v2\/types\/post"}],"author":[{"embeddable":true,"href":"https:\/\/infotep.com.ar\/index.php\/wp-json\/wp\/v2\/users\/5"}],"replies":[{"embeddable":true,"href":"https:\/\/infotep.com.ar\/index.php\/wp-json\/wp\/v2\/comments?post=37310"}],"version-history":[{"count":1,"href":"https:\/\/infotep.com.ar\/index.php\/wp-json\/wp\/v2\/posts\/37310\/revisions"}],"predecessor-version":[{"id":37313,"href":"https:\/\/infotep.com.ar\/index.php\/wp-json\/wp\/v2\/posts\/37310\/revisions\/37313"}],"wp:featuredmedia":[{"embeddable":true,"href":"https:\/\/infotep.com.ar\/index.php\/wp-json\/wp\/v2\/media\/37312"}],"wp:attachment":[{"href":"https:\/\/infotep.com.ar\/index.php\/wp-json\/wp\/v2\/media?parent=37310"}],"wp:term":[{"taxonomy":"category","embeddable":true,"href":"https:\/\/infotep.com.ar\/index.php\/wp-json\/wp\/v2\/categories?post=37310"},{"taxonomy":"post_tag","embeddable":true,"href":"https:\/\/infotep.com.ar\/index.php\/wp-json\/wp\/v2\/tags?post=37310"}],"curies":[{"name":"wp","href":"https:\/\/api.w.org\/{rel}","templated":true}]}}