{"id":37314,"date":"2026-09-02T16:36:54","date_gmt":"2026-09-02T19:36:54","guid":{"rendered":"https:\/\/infotep.com.ar\/?p=37314"},"modified":"2026-09-02T16:36:55","modified_gmt":"2026-09-02T19:36:55","slug":"ituzaingo-mas-de-1-500-chicos-chicas-y-familias-participaron-de-una-bicicleteada-por-la-memoria","status":"publish","type":"post","link":"https:\/\/infotep.com.ar\/index.php\/2026\/09\/02\/ituzaingo-mas-de-1-500-chicos-chicas-y-familias-participaron-de-una-bicicleteada-por-la-memoria\/","title":{"rendered":"Ituzaing\u00f3: m\u00e1s de 1.500 chicos, chicas y familias participaron de una bicicleteada por la memoria"},"content":{"rendered":"\n<p>M\u00e1s de 1.500 chicos, chicas y familias participaron de la primera bicicleteada \u201cPor la Memoria\u201d, realizada el martes 1\u00b0 de septiembre en los barrios Los Cardales y Las Caba\u00f1as, en el marco de las actividades por los 50 a\u00f1os del \u00faltimo golpe de Estado c\u00edvico-militar.<\/p>\n\n\n\n<figure class=\"wp-block-image size-large\"><img decoding=\"async\" loading=\"lazy\" width=\"1024\" height=\"683\" src=\"https:\/\/infotep.com.ar\/wp-content\/uploads\/2026\/09\/WhatsApp-Image-2026-09-02-at-4.33.09-PM-1-1024x683.jpeg\" alt=\"\" class=\"wp-image-37315\" srcset=\"https:\/\/infotep.com.ar\/wp-content\/uploads\/2026\/09\/WhatsApp-Image-2026-09-02-at-4.33.09-PM-1-1024x683.jpeg 1024w, https:\/\/infotep.com.ar\/wp-content\/uploads\/2026\/09\/WhatsApp-Image-2026-09-02-at-4.33.09-PM-1-300x200.jpeg 300w, https:\/\/infotep.com.ar\/wp-content\/uploads\/2026\/09\/WhatsApp-Image-2026-09-02-at-4.33.09-PM-1-768x512.jpeg 768w, https:\/\/infotep.com.ar\/wp-content\/uploads\/2026\/09\/WhatsApp-Image-2026-09-02-at-4.33.09-PM-1-1536x1024.jpeg 1536w, https:\/\/infotep.com.ar\/wp-content\/uploads\/2026\/09\/WhatsApp-Image-2026-09-02-at-4.33.09-PM-1-450x300.jpeg 450w, https:\/\/infotep.com.ar\/wp-content\/uploads\/2026\/09\/WhatsApp-Image-2026-09-02-at-4.33.09-PM-1-90x60.jpeg 90w, https:\/\/infotep.com.ar\/wp-content\/uploads\/2026\/09\/WhatsApp-Image-2026-09-02-at-4.33.09-PM-1.jpeg 1600w\" sizes=\"(max-width: 1024px) 100vw, 1024px\" \/><\/figure>\n\n\n\n<p>La jornada comenz\u00f3 en la Escuela Primaria N\u00b018, ubicada en Los Cardales y Nicol\u00e1s Repetto, y finaliz\u00f3 en la Plaza Procrear, en Del Mate Amargo y Juli\u00e1n Agust\u00edn Garc\u00eda. All\u00ed se desarrollaron juegos, actividades recreativas y sorteos para las familias participantes.<\/p>\n\n\n\n<p>Durante el cierre, el intendente de Ituzaing\u00f3, Pablo Descalzo, se\u00f1al\u00f3: \u201cA 50 a\u00f1os del golpe, hoy nos parece m\u00e1s importante que nunca generar estos espacios de encuentro y participaci\u00f3n, ya que apuntan a fortalecer v\u00ednculos comunitarios y lazos de solidaridad\u201d.<\/p>\n\n\n\n<p>De la actividad tambi\u00e9n participaron el jefe de Gobierno, Pablo Piana; la jefa distrital de Inspectores de Educaci\u00f3n, Ver\u00f3nica Ram\u00edrez; el secretario de Deportes, Lucas Garc\u00eda; la presidenta del Consejo Escolar de Ituzaing\u00f3, Gabriela Alonso; concejales y representantes de la comunidad educativa del Jard\u00edn N\u00b0909, la Escuela Primaria N\u00b018 y el Colegio Secundario N\u00b03.<\/p>\n\n\n\n<figure class=\"wp-block-image size-full\"><img decoding=\"async\" loading=\"lazy\" width=\"1000\" height=\"667\" src=\"https:\/\/infotep.com.ar\/wp-content\/uploads\/2026\/09\/WhatsApp-Image-2026-09-02-at-4.33.09-PM-2.jpeg\" alt=\"\" class=\"wp-image-37318\" srcset=\"https:\/\/infotep.com.ar\/wp-content\/uploads\/2026\/09\/WhatsApp-Image-2026-09-02-at-4.33.09-PM-2.jpeg 1000w, https:\/\/infotep.com.ar\/wp-content\/uploads\/2026\/09\/WhatsApp-Image-2026-09-02-at-4.33.09-PM-2-300x200.jpeg 300w, https:\/\/infotep.com.ar\/wp-content\/uploads\/2026\/09\/WhatsApp-Image-2026-09-02-at-4.33.09-PM-2-768x512.jpeg 768w, https:\/\/infotep.com.ar\/wp-content\/uploads\/2026\/09\/WhatsApp-Image-2026-09-02-at-4.33.09-PM-2-450x300.jpeg 450w, https:\/\/infotep.com.ar\/wp-content\/uploads\/2026\/09\/WhatsApp-Image-2026-09-02-at-4.33.09-PM-2-90x60.jpeg 90w\" sizes=\"(max-width: 1000px) 100vw, 1000px\" \/><\/figure>\n\n\n\n<p>La propuesta continuar\u00e1 el martes 8 de septiembre con una nueva bicicleteada en Villa Udaondo. <\/p>\n","protected":false},"excerpt":{"rendered":"<p>M&aacute;s de 1.500 chicos, chicas y familias participaron de la primera bicicleteada &ldquo;Por la Memoria&rdquo;, realizada el martes 1&deg; de septiembre en los barrios Los Cardales y Las Caba&ntilde;as, en el marco de las actividades por los 50 a&ntilde;os del &uacute;ltimo golpe de Estado c&iacute;vico-militar. La jornada comenz&oacute; en la Escuela Primaria N&deg;18, ubicada en &hellip; <\/p>\n","protected":false},"author":5,"featured_media":37316,"comment_status":"closed","ping_status":"closed","sticky":false,"template":"","format":"standard","meta":{"om_disable_all_campaigns":false,"_joinchat":[]},"categories":[8],"tags":[46,51,43,569],"featured_image_urls":{"full":["https:\/\/infotep.com.ar\/wp-content\/uploads\/2026\/09\/WhatsApp-Image-2026-09-02-at-4.33.08-PM.jpeg",1600,1067,false],"thumbnail":["https:\/\/infotep.com.ar\/wp-content\/uploads\/2026\/09\/WhatsApp-Image-2026-09-02-at-4.33.08-PM-150x150.jpeg",150,150,true],"medium":["https:\/\/infotep.com.ar\/wp-content\/uploads\/2026\/09\/WhatsApp-Image-2026-09-02-at-4.33.08-PM-300x200.jpeg",300,200,true],"medium_large":["https:\/\/infotep.com.ar\/wp-content\/uploads\/2026\/09\/WhatsApp-Image-2026-09-02-at-4.33.08-PM-768x512.jpeg",768,512,true],"large":["https:\/\/infotep.com.ar\/wp-content\/uploads\/2026\/09\/WhatsApp-Image-2026-09-02-at-4.33.08-PM-1024x683.jpeg",1020,680,true],"1536x1536":["https:\/\/infotep.com.ar\/wp-content\/uploads\/2026\/09\/WhatsApp-Image-2026-09-02-at-4.33.08-PM-1536x1024.jpeg",1536,1024,true],"2048x2048":["https:\/\/infotep.com.ar\/wp-content\/uploads\/2026\/09\/WhatsApp-Image-2026-09-02-at-4.33.08-PM.jpeg",1600,1067,false],"blossom-feminine-slider":["https:\/\/infotep.com.ar\/wp-content\/uploads\/2026\/09\/WhatsApp-Image-2026-09-02-at-4.33.08-PM-1600x649.jpeg",1600,649,true],"blossom-feminine-featured":["https:\/\/infotep.com.ar\/wp-content\/uploads\/2026\/09\/WhatsApp-Image-2026-09-02-at-4.33.08-PM-1410x600.jpeg",1410,600,true],"blossom-feminine-with-sidebar":["https:\/\/infotep.com.ar\/wp-content\/uploads\/2026\/09\/WhatsApp-Image-2026-09-02-at-4.33.08-PM-1020x600.jpeg",1020,600,true],"blossom-feminine-blog":["https:\/\/infotep.com.ar\/wp-content\/uploads\/2026\/09\/WhatsApp-Image-2026-09-02-at-4.33.08-PM-435x435.jpeg",435,435,true],"blossom-feminine-cat":["https:\/\/infotep.com.ar\/wp-content\/uploads\/2026\/09\/WhatsApp-Image-2026-09-02-at-4.33.08-PM-450x300.jpeg",450,300,true],"blossom-feminine-related":["https:\/\/infotep.com.ar\/wp-content\/uploads\/2026\/09\/WhatsApp-Image-2026-09-02-at-4.33.08-PM-320x200.jpeg",320,200,true],"blossom-feminine-schema":["https:\/\/infotep.com.ar\/wp-content\/uploads\/2026\/09\/WhatsApp-Image-2026-09-02-at-4.33.08-PM-90x60.jpeg",90,60,true],"blossom-mommy-blog-slider-big":["https:\/\/infotep.com.ar\/wp-content\/uploads\/2026\/09\/WhatsApp-Image-2026-09-02-at-4.33.08-PM-920x650.jpeg",920,650,true],"blossom-mommy-blog-slider":["https:\/\/infotep.com.ar\/wp-content\/uploads\/2026\/09\/WhatsApp-Image-2026-09-02-at-4.33.08-PM-460x310.jpeg",460,310,true],"blossom-mommy-blog-two":["https:\/\/infotep.com.ar\/wp-content\/uploads\/2026\/09\/WhatsApp-Image-2026-09-02-at-4.33.08-PM-768x480.jpeg",768,480,true]},"author_info":{"info":["Angela Tobar"]},"category_info":"<a href=\"https:\/\/infotep.com.ar\/index.php\/category\/municipales\/ituzaingo\/\" rel=\"category tag\">Ituzaing\u00f3<\/a>","tag_info":"Ituzaing\u00f3","comment_count":"0","_links":{"self":[{"href":"https:\/\/infotep.com.ar\/index.php\/wp-json\/wp\/v2\/posts\/37314"}],"collection":[{"href":"https:\/\/infotep.com.ar\/index.php\/wp-json\/wp\/v2\/posts"}],"about":[{"href":"https:\/\/infotep.com.ar\/index.php\/wp-json\/wp\/v2\/types\/post"}],"author":[{"embeddable":true,"href":"https:\/\/infotep.com.ar\/index.php\/wp-json\/wp\/v2\/users\/5"}],"replies":[{"embeddable":true,"href":"https:\/\/infotep.com.ar\/index.php\/wp-json\/wp\/v2\/comments?post=37314"}],"version-history":[{"count":1,"href":"https:\/\/infotep.com.ar\/index.php\/wp-json\/wp\/v2\/posts\/37314\/revisions"}],"predecessor-version":[{"id":37319,"href":"https:\/\/infotep.com.ar\/index.php\/wp-json\/wp\/v2\/posts\/37314\/revisions\/37319"}],"wp:featuredmedia":[{"embeddable":true,"href":"https:\/\/infotep.com.ar\/index.php\/wp-json\/wp\/v2\/media\/37316"}],"wp:attachment":[{"href":"https:\/\/infotep.com.ar\/index.php\/wp-json\/wp\/v2\/media?parent=37314"}],"wp:term":[{"taxonomy":"category","embeddable":true,"href":"https:\/\/infotep.com.ar\/index.php\/wp-json\/wp\/v2\/categories?post=37314"},{"taxonomy":"post_tag","embeddable":true,"href":"https:\/\/infotep.com.ar\/index.php\/wp-json\/wp\/v2\/tags?post=37314"}],"curies":[{"name":"wp","href":"https:\/\/api.w.org\/{rel}","templated":true}]}}