{"id":37324,"date":"2026-09-03T08:25:00","date_gmt":"2026-09-03T11:25:00","guid":{"rendered":"https:\/\/infotep.com.ar\/?p=37324"},"modified":"2026-09-02T20:30:20","modified_gmt":"2026-09-02T23:30:20","slug":"la-pobreza-no-afloja-una-familia-necesito-156-millones-para-no-ser-pobre","status":"publish","type":"post","link":"https:\/\/infotep.com.ar\/index.php\/2026\/09\/03\/la-pobreza-no-afloja-una-familia-necesito-156-millones-para-no-ser-pobre\/","title":{"rendered":"La pobreza no afloja: una familia necesit\u00f3 $1,56 millones para no ser pobre"},"content":{"rendered":"\n<p>Una familia de cuatro integrantes necesit\u00f3 $1.564.716 en julio para superar el umbral de pobreza, seg\u00fan los datos difundidos por el Instituto Nacional de Estad\u00edstica y Censos (INDEC).<\/p>\n\n\n\n<p>El valor de la Canasta B\u00e1sica Total (CBT) aument\u00f3 un 2,2% respecto de junio y acumul\u00f3 una suba del 36,1% en los \u00faltimos doce meses. De esta manera, el costo necesario para cubrir los gastos b\u00e1sicos de una familia contin\u00faa creciendo por encima de los ingresos de numerosos hogares.<\/p>\n\n\n\n<p><strong>Para el mismo grupo familiar, compuesto por dos adultos y dos menores, la Canasta B\u00e1sica Alimentaria (CBA) alcanz\u00f3 los $708.016 en julio. Ese monto establece el l\u00edmite por debajo del cual el hogar se encuentra en situaci\u00f3n de indigencia.<\/strong><\/p>\n\n\n\n<p>En t\u00e9rminos interanuales, la CBA registr\u00f3 un incremento del 37,4%, mientras que en los primeros siete meses del a\u00f1o acumul\u00f3 una suba del 20,1%. La CBT, en tanto, aument\u00f3 19,6% en lo que va de 2026.<\/p>\n\n\n\n<p>Los datos oficiales reflejan el fuerte peso que tiene el costo de los alimentos y de los servicios b\u00e1sicos sobre los ingresos familiares, en un contexto de p\u00e9rdida del poder adquisitivo y dificultades para alcanzar los niveles de consumo necesarios para superar la l\u00ednea de pobreza.<\/p>\n","protected":false},"excerpt":{"rendered":"<p>Una familia de cuatro integrantes necesit&oacute; $1.564.716 en julio para superar el umbral de pobreza, seg&uacute;n los datos difundidos por el Instituto Nacional de Estad&iacute;stica y Censos (INDEC). El valor de la Canasta B&aacute;sica Total (CBT) aument&oacute; un 2,2% respecto de junio y acumul&oacute; una suba del 36,1% en los &uacute;ltimos doce meses. De esta &hellip; <\/p>\n","protected":false},"author":5,"featured_media":21830,"comment_status":"closed","ping_status":"closed","sticky":false,"template":"","format":"standard","meta":{"om_disable_all_campaigns":false,"_joinchat":[]},"categories":[3],"tags":[46,43,569],"featured_image_urls":{"full":["https:\/\/infotep.com.ar\/wp-content\/uploads\/2025\/03\/pobreza.jpg",300,168,false],"thumbnail":["https:\/\/infotep.com.ar\/wp-content\/uploads\/2025\/03\/pobreza-150x150.jpg",150,150,true],"medium":["https:\/\/infotep.com.ar\/wp-content\/uploads\/2025\/03\/pobreza.jpg",300,168,false],"medium_large":["https:\/\/infotep.com.ar\/wp-content\/uploads\/2025\/03\/pobreza.jpg",300,168,false],"large":["https:\/\/infotep.com.ar\/wp-content\/uploads\/2025\/03\/pobreza.jpg",300,168,false],"1536x1536":["https:\/\/infotep.com.ar\/wp-content\/uploads\/2025\/03\/pobreza.jpg",300,168,false],"2048x2048":["https:\/\/infotep.com.ar\/wp-content\/uploads\/2025\/03\/pobreza.jpg",300,168,false],"blossom-feminine-slider":["https:\/\/infotep.com.ar\/wp-content\/uploads\/2025\/03\/pobreza.jpg",300,168,false],"blossom-feminine-featured":["https:\/\/infotep.com.ar\/wp-content\/uploads\/2025\/03\/pobreza.jpg",300,168,false],"blossom-feminine-with-sidebar":["https:\/\/infotep.com.ar\/wp-content\/uploads\/2025\/03\/pobreza.jpg",300,168,false],"blossom-feminine-blog":["https:\/\/infotep.com.ar\/wp-content\/uploads\/2025\/03\/pobreza.jpg",300,168,false],"blossom-feminine-cat":["https:\/\/infotep.com.ar\/wp-content\/uploads\/2025\/03\/pobreza.jpg",300,168,false],"blossom-feminine-related":["https:\/\/infotep.com.ar\/wp-content\/uploads\/2025\/03\/pobreza.jpg",300,168,false],"blossom-feminine-schema":["https:\/\/infotep.com.ar\/wp-content\/uploads\/2025\/03\/pobreza-107x60.jpg",107,60,true],"blossom-mommy-blog-slider-big":["https:\/\/infotep.com.ar\/wp-content\/uploads\/2025\/03\/pobreza.jpg",300,168,false],"blossom-mommy-blog-slider":["https:\/\/infotep.com.ar\/wp-content\/uploads\/2025\/03\/pobreza.jpg",300,168,false],"blossom-mommy-blog-two":["https:\/\/infotep.com.ar\/wp-content\/uploads\/2025\/03\/pobreza.jpg",300,168,false]},"author_info":{"info":["Angela Tobar"]},"category_info":"<a href=\"https:\/\/infotep.com.ar\/index.php\/category\/nacionales\/\" rel=\"category tag\">Nacionales<\/a>","tag_info":"Nacionales","comment_count":"0","_links":{"self":[{"href":"https:\/\/infotep.com.ar\/index.php\/wp-json\/wp\/v2\/posts\/37324"}],"collection":[{"href":"https:\/\/infotep.com.ar\/index.php\/wp-json\/wp\/v2\/posts"}],"about":[{"href":"https:\/\/infotep.com.ar\/index.php\/wp-json\/wp\/v2\/types\/post"}],"author":[{"embeddable":true,"href":"https:\/\/infotep.com.ar\/index.php\/wp-json\/wp\/v2\/users\/5"}],"replies":[{"embeddable":true,"href":"https:\/\/infotep.com.ar\/index.php\/wp-json\/wp\/v2\/comments?post=37324"}],"version-history":[{"count":1,"href":"https:\/\/infotep.com.ar\/index.php\/wp-json\/wp\/v2\/posts\/37324\/revisions"}],"predecessor-version":[{"id":37325,"href":"https:\/\/infotep.com.ar\/index.php\/wp-json\/wp\/v2\/posts\/37324\/revisions\/37325"}],"wp:featuredmedia":[{"embeddable":true,"href":"https:\/\/infotep.com.ar\/index.php\/wp-json\/wp\/v2\/media\/21830"}],"wp:attachment":[{"href":"https:\/\/infotep.com.ar\/index.php\/wp-json\/wp\/v2\/media?parent=37324"}],"wp:term":[{"taxonomy":"category","embeddable":true,"href":"https:\/\/infotep.com.ar\/index.php\/wp-json\/wp\/v2\/categories?post=37324"},{"taxonomy":"post_tag","embeddable":true,"href":"https:\/\/infotep.com.ar\/index.php\/wp-json\/wp\/v2\/tags?post=37324"}],"curies":[{"name":"wp","href":"https:\/\/api.w.org\/{rel}","templated":true}]}}