{"id":37326,"date":"2026-09-03T00:31:00","date_gmt":"2026-09-03T03:31:00","guid":{"rendered":"https:\/\/infotep.com.ar\/?p=37326"},"modified":"2026-09-02T20:33:29","modified_gmt":"2026-09-02T23:33:29","slug":"a-casi-un-ano-del-triple-crimen-convocan-a-homenajear-a-morena-brenda-y-lara-con-un-mural","status":"publish","type":"post","link":"https:\/\/infotep.com.ar\/index.php\/2026\/09\/03\/a-casi-un-ano-del-triple-crimen-convocan-a-homenajear-a-morena-brenda-y-lara-con-un-mural\/","title":{"rendered":"A casi un a\u00f1o del triple crimen, convocan a homenajear a Morena, Brenda y Lara con un mural"},"content":{"rendered":"\n<p>Familiares y amigos de Morena Verdi (20), Brenda del Castillo (20) y Lara Guti\u00e9rrez (15) convocaron a realizar un mural en memoria de las tres j\u00f3venes, a pocos d\u00edas de cumplirse un a\u00f1o del triple crimen ocurrido en Florencio Varela.<\/p>\n\n\n\n<p>El 20 de septiembre de 2026 se cumplir\u00e1 un a\u00f1o de los asesinatos. Las j\u00f3venes hab\u00edan desaparecido durante la noche del 19 de septiembre de 2025 y fueron encontradas asesinadas d\u00edas despu\u00e9s, el 24 de septiembre, en una vivienda de Florencio Varela.<\/p>\n\n\n\n<p>La convocatoria para realizar el mural comenz\u00f3 a difundirse en redes sociales. \u201cEn la memoria nadie muere. Entre todos vamos a realizar un mural en su memoria\u201d, se\u00f1ala el flyer que invita a participar del homenaje.<\/p>\n\n\n\n<p>La investigaci\u00f3n sostiene que los asesinatos estuvieron vinculados a una disputa por el robo de droga y que las v\u00edctimas fueron captadas mediante una falsa convocatoria a una fiesta.<\/p>\n\n\n\n<p>La causa tiene actualmente 11 personas detenidas e imputadas, acusadas por el triple homicidio agravado, entre otros agravantes contemplados en la investigaci\u00f3n.<\/p>\n\n\n\n<p>A casi un a\u00f1o de los hechos, familiares y allegados mantienen el reclamo de memoria y aguardan nuevos avances en la causa judicial.<\/p>\n","protected":false},"excerpt":{"rendered":"<p>Familiares y amigos de Morena Verdi (20), Brenda del Castillo (20) y Lara Guti&eacute;rrez (15) convocaron a realizar un mural en memoria de las tres j&oacute;venes, a pocos d&iacute;as de cumplirse un a&ntilde;o del triple crimen ocurrido en Florencio Varela. El 20 de septiembre de 2026 se cumplir&aacute; un a&ntilde;o de los asesinatos. Las j&oacute;venes &hellip; <\/p>\n","protected":false},"author":5,"featured_media":33526,"comment_status":"closed","ping_status":"closed","sticky":false,"template":"","format":"standard","meta":{"om_disable_all_campaigns":false,"_joinchat":[]},"categories":[4],"tags":[46,43,569],"featured_image_urls":{"full":["https:\/\/infotep.com.ar\/wp-content\/uploads\/2026\/04\/triple.webp",1280,718,false],"thumbnail":["https:\/\/infotep.com.ar\/wp-content\/uploads\/2026\/04\/triple-150x150.webp",150,150,true],"medium":["https:\/\/infotep.com.ar\/wp-content\/uploads\/2026\/04\/triple-300x168.webp",300,168,true],"medium_large":["https:\/\/infotep.com.ar\/wp-content\/uploads\/2026\/04\/triple-768x431.webp",768,431,true],"large":["https:\/\/infotep.com.ar\/wp-content\/uploads\/2026\/04\/triple-1024x574.webp",1020,572,true],"1536x1536":["https:\/\/infotep.com.ar\/wp-content\/uploads\/2026\/04\/triple.webp",1280,718,false],"2048x2048":["https:\/\/infotep.com.ar\/wp-content\/uploads\/2026\/04\/triple.webp",1280,718,false],"blossom-feminine-slider":["https:\/\/infotep.com.ar\/wp-content\/uploads\/2026\/04\/triple-1280x649.webp",1280,649,true],"blossom-feminine-featured":["https:\/\/infotep.com.ar\/wp-content\/uploads\/2026\/04\/triple-1280x600.webp",1280,600,true],"blossom-feminine-with-sidebar":["https:\/\/infotep.com.ar\/wp-content\/uploads\/2026\/04\/triple-1020x600.webp",1020,600,true],"blossom-feminine-blog":["https:\/\/infotep.com.ar\/wp-content\/uploads\/2026\/04\/triple-435x435.webp",435,435,true],"blossom-feminine-cat":["https:\/\/infotep.com.ar\/wp-content\/uploads\/2026\/04\/triple-450x300.webp",450,300,true],"blossom-feminine-related":["https:\/\/infotep.com.ar\/wp-content\/uploads\/2026\/04\/triple-320x200.webp",320,200,true],"blossom-feminine-schema":["https:\/\/infotep.com.ar\/wp-content\/uploads\/2026\/04\/triple-107x60.webp",107,60,true],"blossom-mommy-blog-slider-big":["https:\/\/infotep.com.ar\/wp-content\/uploads\/2026\/04\/triple-920x650.webp",920,650,true],"blossom-mommy-blog-slider":["https:\/\/infotep.com.ar\/wp-content\/uploads\/2026\/04\/triple-460x310.webp",460,310,true],"blossom-mommy-blog-two":["https:\/\/infotep.com.ar\/wp-content\/uploads\/2026\/04\/triple-768x480.webp",768,480,true]},"author_info":{"info":["Angela Tobar"]},"category_info":"<a href=\"https:\/\/infotep.com.ar\/index.php\/category\/provinciales\/\" rel=\"category tag\">Provinciales<\/a>","tag_info":"Provinciales","comment_count":"0","_links":{"self":[{"href":"https:\/\/infotep.com.ar\/index.php\/wp-json\/wp\/v2\/posts\/37326"}],"collection":[{"href":"https:\/\/infotep.com.ar\/index.php\/wp-json\/wp\/v2\/posts"}],"about":[{"href":"https:\/\/infotep.com.ar\/index.php\/wp-json\/wp\/v2\/types\/post"}],"author":[{"embeddable":true,"href":"https:\/\/infotep.com.ar\/index.php\/wp-json\/wp\/v2\/users\/5"}],"replies":[{"embeddable":true,"href":"https:\/\/infotep.com.ar\/index.php\/wp-json\/wp\/v2\/comments?post=37326"}],"version-history":[{"count":1,"href":"https:\/\/infotep.com.ar\/index.php\/wp-json\/wp\/v2\/posts\/37326\/revisions"}],"predecessor-version":[{"id":37327,"href":"https:\/\/infotep.com.ar\/index.php\/wp-json\/wp\/v2\/posts\/37326\/revisions\/37327"}],"wp:featuredmedia":[{"embeddable":true,"href":"https:\/\/infotep.com.ar\/index.php\/wp-json\/wp\/v2\/media\/33526"}],"wp:attachment":[{"href":"https:\/\/infotep.com.ar\/index.php\/wp-json\/wp\/v2\/media?parent=37326"}],"wp:term":[{"taxonomy":"category","embeddable":true,"href":"https:\/\/infotep.com.ar\/index.php\/wp-json\/wp\/v2\/categories?post=37326"},{"taxonomy":"post_tag","embeddable":true,"href":"https:\/\/infotep.com.ar\/index.php\/wp-json\/wp\/v2\/tags?post=37326"}],"curies":[{"name":"wp","href":"https:\/\/api.w.org\/{rel}","templated":true}]}}