{"id":37328,"date":"2026-09-03T00:35:00","date_gmt":"2026-09-03T03:35:00","guid":{"rendered":"https:\/\/infotep.com.ar\/?p=37328"},"modified":"2026-09-02T20:36:44","modified_gmt":"2026-09-02T23:36:44","slug":"pidieron-elevar-a-juicio-al-policia-acusado-por-el-crimen-de-juan-cruz-leal","status":"publish","type":"post","link":"https:\/\/infotep.com.ar\/index.php\/2026\/09\/03\/pidieron-elevar-a-juicio-al-policia-acusado-por-el-crimen-de-juan-cruz-leal\/","title":{"rendered":"Pidieron elevar a juicio al polic\u00eda acusado por el crimen de Juan Cruz Leal"},"content":{"rendered":"\n<p>La fiscal Mar\u00eda Alejandra Bonini solicit\u00f3 la elevaci\u00f3n a juicio de la causa que investiga el crimen de Juan Cruz Leal, el joven de 20 a\u00f1os asesinado en Ituzaing\u00f3, y que tiene como \u00fanico acusado al polic\u00eda de la Ciudad Lucas Adri\u00e1n G\u00f3mez.<\/p>\n\n\n\n<p>La Fiscal\u00eda consider\u00f3 que G\u00f3mez debe responder como presunto autor del delito de homicidio agravado por ser cometido por un miembro de una fuerza de seguridad y por el uso de un arma de fuego, en concurso real con la tentativa de homicidio agravado de Daniel Kuhne, amigo de Leal.<\/p>\n\n\n\n<p>La querella, encabezada por el abogado Marcelo Biondi, respald\u00f3 el pedido, mientras que la defensa del acusado se opuso. Ahora, el juez Ricardo Fraga deber\u00e1 resolver si la investigaci\u00f3n queda formalmente elevada a juicio oral.<\/p>\n\n\n\n<p>G\u00f3mez permanece detenido con prisi\u00f3n preventiva y, en caso de ser condenado por el delito imputado, podr\u00eda recibir una pena de prisi\u00f3n perpetua.<\/p>\n\n\n\n<p>El hecho ocurri\u00f3 el 12 de marzo de 2026, en el cruce de Mart\u00edn Rodr\u00edguez y Perdomo, en el barrio San Alberto de Ituzaing\u00f3. Seg\u00fan la investigaci\u00f3n, el polic\u00eda se encontraba junto a su pareja a bordo de una moto cuando observ\u00f3 a dos j\u00f3venes que circulaban en un veh\u00edculo similar y crey\u00f3 que intentaban asaltarlo.<\/p>\n\n\n\n<p>El efectivo efectu\u00f3 dos disparos con su arma reglamentaria, que impactaron en Leal y Kuhne. Este \u00faltimo fue trasladado al Hospital Posadas y qued\u00f3 fuera de peligro, mientras que Leal fue derivado al Hospital Bicentenario de Ituzaing\u00f3 y muri\u00f3 luego de permanecer varias horas en estado cr\u00edtico.<\/p>\n\n\n\n<p>Con el pedido de elevaci\u00f3n a juicio, la Fiscal\u00eda dio por finalizada la etapa de investigaci\u00f3n y ser\u00e1 ahora la Justicia la que determine si el polic\u00eda deber\u00e1 enfrentar el debate oral.<\/p>\n","protected":false},"excerpt":{"rendered":"<p>La fiscal Mar&iacute;a Alejandra Bonini solicit&oacute; la elevaci&oacute;n a juicio de la causa que investiga el crimen de Juan Cruz Leal, el joven de 20 a&ntilde;os asesinado en Ituzaing&oacute;, y que tiene como &uacute;nico acusado al polic&iacute;a de la Ciudad Lucas Adri&aacute;n G&oacute;mez. La Fiscal&iacute;a consider&oacute; que G&oacute;mez debe responder como presunto autor del delito &hellip; <\/p>\n","protected":false},"author":5,"featured_media":32792,"comment_status":"closed","ping_status":"closed","sticky":false,"template":"","format":"standard","meta":{"om_disable_all_campaigns":false,"_joinchat":[]},"categories":[31,8],"tags":[46,51,43,569],"featured_image_urls":{"full":["https:\/\/infotep.com.ar\/wp-content\/uploads\/2026\/03\/cruz-leal.webp",540,304,false],"thumbnail":["https:\/\/infotep.com.ar\/wp-content\/uploads\/2026\/03\/cruz-leal-150x150.webp",150,150,true],"medium":["https:\/\/infotep.com.ar\/wp-content\/uploads\/2026\/03\/cruz-leal-300x169.webp",300,169,true],"medium_large":["https:\/\/infotep.com.ar\/wp-content\/uploads\/2026\/03\/cruz-leal.webp",540,304,false],"large":["https:\/\/infotep.com.ar\/wp-content\/uploads\/2026\/03\/cruz-leal.webp",540,304,false],"1536x1536":["https:\/\/infotep.com.ar\/wp-content\/uploads\/2026\/03\/cruz-leal.webp",540,304,false],"2048x2048":["https:\/\/infotep.com.ar\/wp-content\/uploads\/2026\/03\/cruz-leal.webp",540,304,false],"blossom-feminine-slider":["https:\/\/infotep.com.ar\/wp-content\/uploads\/2026\/03\/cruz-leal.webp",540,304,false],"blossom-feminine-featured":["https:\/\/infotep.com.ar\/wp-content\/uploads\/2026\/03\/cruz-leal.webp",540,304,false],"blossom-feminine-with-sidebar":["https:\/\/infotep.com.ar\/wp-content\/uploads\/2026\/03\/cruz-leal.webp",540,304,false],"blossom-feminine-blog":["https:\/\/infotep.com.ar\/wp-content\/uploads\/2026\/03\/cruz-leal-435x304.webp",435,304,true],"blossom-feminine-cat":["https:\/\/infotep.com.ar\/wp-content\/uploads\/2026\/03\/cruz-leal-450x300.webp",450,300,true],"blossom-feminine-related":["https:\/\/infotep.com.ar\/wp-content\/uploads\/2026\/03\/cruz-leal-320x200.webp",320,200,true],"blossom-feminine-schema":["https:\/\/infotep.com.ar\/wp-content\/uploads\/2026\/03\/cruz-leal-107x60.webp",107,60,true],"blossom-mommy-blog-slider-big":["https:\/\/infotep.com.ar\/wp-content\/uploads\/2026\/03\/cruz-leal.webp",540,304,false],"blossom-mommy-blog-slider":["https:\/\/infotep.com.ar\/wp-content\/uploads\/2026\/03\/cruz-leal-460x304.webp",460,304,true],"blossom-mommy-blog-two":["https:\/\/infotep.com.ar\/wp-content\/uploads\/2026\/03\/cruz-leal.webp",540,304,false]},"author_info":{"info":["Angela Tobar"]},"category_info":"<a href=\"https:\/\/infotep.com.ar\/index.php\/category\/destacadas\/\" rel=\"category tag\">Destacadas<\/a> <a href=\"https:\/\/infotep.com.ar\/index.php\/category\/municipales\/ituzaingo\/\" rel=\"category tag\">Ituzaing\u00f3<\/a>","tag_info":"Ituzaing\u00f3","comment_count":"0","_links":{"self":[{"href":"https:\/\/infotep.com.ar\/index.php\/wp-json\/wp\/v2\/posts\/37328"}],"collection":[{"href":"https:\/\/infotep.com.ar\/index.php\/wp-json\/wp\/v2\/posts"}],"about":[{"href":"https:\/\/infotep.com.ar\/index.php\/wp-json\/wp\/v2\/types\/post"}],"author":[{"embeddable":true,"href":"https:\/\/infotep.com.ar\/index.php\/wp-json\/wp\/v2\/users\/5"}],"replies":[{"embeddable":true,"href":"https:\/\/infotep.com.ar\/index.php\/wp-json\/wp\/v2\/comments?post=37328"}],"version-history":[{"count":1,"href":"https:\/\/infotep.com.ar\/index.php\/wp-json\/wp\/v2\/posts\/37328\/revisions"}],"predecessor-version":[{"id":37329,"href":"https:\/\/infotep.com.ar\/index.php\/wp-json\/wp\/v2\/posts\/37328\/revisions\/37329"}],"wp:featuredmedia":[{"embeddable":true,"href":"https:\/\/infotep.com.ar\/index.php\/wp-json\/wp\/v2\/media\/32792"}],"wp:attachment":[{"href":"https:\/\/infotep.com.ar\/index.php\/wp-json\/wp\/v2\/media?parent=37328"}],"wp:term":[{"taxonomy":"category","embeddable":true,"href":"https:\/\/infotep.com.ar\/index.php\/wp-json\/wp\/v2\/categories?post=37328"},{"taxonomy":"post_tag","embeddable":true,"href":"https:\/\/infotep.com.ar\/index.php\/wp-json\/wp\/v2\/tags?post=37328"}],"curies":[{"name":"wp","href":"https:\/\/api.w.org\/{rel}","templated":true}]}}