{"id":37330,"date":"2026-09-03T19:25:16","date_gmt":"2026-09-03T22:25:16","guid":{"rendered":"https:\/\/infotep.com.ar\/?p=37330"},"modified":"2026-09-03T19:51:22","modified_gmt":"2026-09-03T22:51:22","slug":"sandra-rey-participo-del-dia-de-la-industria-y-advirtio-sin-un-estado-presente-las-pymes-quedan-a-la-deriva","status":"publish","type":"post","link":"https:\/\/infotep.com.ar\/index.php\/2026\/09\/03\/sandra-rey-participo-del-dia-de-la-industria-y-advirtio-sin-un-estado-presente-las-pymes-quedan-a-la-deriva\/","title":{"rendered":"Sandra Rey particip\u00f3 del D\u00eda de la Industria y advirti\u00f3: \u201cSin un Estado presente, las PyMEs quedan a la deriva&#8221;"},"content":{"rendered":"\n<p>La secretaria de Innovaci\u00f3n, Tecnolog\u00eda, Transparencia y Asuntos Estrat\u00e9gicos de Ituzaing\u00f3 y referente de CGERA particip\u00f3 del encuentro por el D\u00eda de la Industria que se realiz\u00f3 en Mor\u00f3n y que encabez\u00f3 el gobernador Axel Kicillof. La jornada puso el foco en el impacto de la apertura de importaciones, la ca\u00edda del consumo y la p\u00e9rdida de empresas y puestos de trabajo.<br><br>La crisis que atraviesa el sector industrial volvi\u00f3 a quedar en el centro de la agenda bonaerense durante el encuentro por el D\u00eda de la Industria, realizado en el Parque Industrial Tecnol\u00f3gico Aeron\u00e1utico de Mor\u00f3n y encabezado por el gobernador Axel Kicillof. Entre los participantes estuvo Sandra Rey, secretaria de  innovaci\u00f3n, Tecnolog\u00eda, Transparencia y Asuntos Estrat\u00e9gicos de la Municipalidad de Ituzaing\u00f3 e integrante de la Confederaci\u00f3n General Empresaria de la Rep\u00fablica Argentina (CGERA).<br><br>El encuentro reuni\u00f3 a intendentes, representantes de c\u00e1maras empresariales, PyMEs, sindicatos y distintos sectores del entramado productivo bonaerense, bajo la consigna \u201cCon producci\u00f3n y trabajo, hay otro camino\u201d.<\/p>\n\n\n<div class=\"wp-block-image\">\n<figure class=\"alignleft size-full is-resized\"><img decoding=\"async\" loading=\"lazy\" src=\"https:\/\/infotep.com.ar\/wp-content\/uploads\/2026\/09\/WhatsApp-Image-2026-09-03-at-8.24.59-AM-2-1.jpeg\" alt=\"\" class=\"wp-image-37340\" width=\"518\" height=\"352\" srcset=\"https:\/\/infotep.com.ar\/wp-content\/uploads\/2026\/09\/WhatsApp-Image-2026-09-03-at-8.24.59-AM-2-1.jpeg 714w, https:\/\/infotep.com.ar\/wp-content\/uploads\/2026\/09\/WhatsApp-Image-2026-09-03-at-8.24.59-AM-2-1-300x204.jpeg 300w, https:\/\/infotep.com.ar\/wp-content\/uploads\/2026\/09\/WhatsApp-Image-2026-09-03-at-8.24.59-AM-2-1-88x60.jpeg 88w\" sizes=\"(max-width: 518px) 100vw, 518px\" \/><\/figure><\/div>\n\n\n<p>En este contexto Sandra Rey, alert\u00f3 sobre \u201cla situaci\u00f3n que atraviesa la industria\u201d y sostuvo que el esp\u00edritu del encuentro se centr\u00f3 en que \u201cno puede analizarse como un fen\u00f3meno aislado ni exclusivamente vinculado al contexto internacional, por eso se plante\u00f3 la necesidad de discutir el rumbo econ\u00f3mico y el rol del Estado frente a las dificultades que enfrentan las empresas productivas\u201d.<br><br>Adem\u00e1s, detall\u00f3 que \u201clos datos expuestos durante la jornada reflejan la magnitud del deterioro: Desde la asunci\u00f3n de Javier Milei cerraron 1.597 empresas en la provincia de Buenos Aires y se perdieron m\u00e1s de 46.000 puestos de trabajo industriales\u201d.<br><br>Y sum\u00f3 que \u201ca este escenario se suma, una combinaci\u00f3n de factores que afecta especialmente a las peque\u00f1as y medianas empresas: aumento de los costos de producci\u00f3n, apertura de importaciones y ca\u00edda del consumo interno\u201d. <br><br>La dirigente de CGERA sostuvo la importancia de \u201ccontar con pol\u00edticas p\u00fablicas que permitan a las empresas nacionales sostener la actividad, incorporar tecnolog\u00eda, innovar y preservar los puestos de trabajo\u201d.<br><br>\u201cEl planteo que atraves\u00f3 la jornada fue que la industria no puede quedar librada exclusivamente a las reglas del mercado, especialmente cuando las peque\u00f1as y medianas empresas enfrentan dificultades para acceder al financiamiento, sostener sus costos y competir con productos importados\u201d, marc\u00f3 Rey.<br><br>Y agreg\u00f3: \u201cLa discusi\u00f3n excede as\u00ed la celebraci\u00f3n del D\u00eda de la Industria y vuelve a instalar una cuesti\u00f3n de fondo: qu\u00e9 modelo productivo necesita la Argentina para generar empleo, desarrollar tecnolog\u00eda y gregar valor a lo que produce\u201d. <br><br>Y finaliz\u00f3 al resumir que \u201cen un contexto marcado por el cierre de empresas y la p\u00e9rdida de puestos de trabajo, la posici\u00f3n expresada desde el sector productivo apunta a recuperar un Estado con capacidad de acompa\u00f1ar a las PyMEs y promover pol\u00edticas industriales de largo plazo\u201d.<\/p>\n","protected":false},"excerpt":{"rendered":"<p>La secretaria de Innovaci&oacute;n, Tecnolog&iacute;a, Transparencia y Asuntos Estrat&eacute;gicos de Ituzaing&oacute; y referente de CGERA particip&oacute; del encuentro por el D&iacute;a de la Industria que se realiz&oacute; en Mor&oacute;n y que encabez&oacute; el gobernador Axel Kicillof. La jornada puso el foco en el impacto de la apertura de importaciones, la ca&iacute;da del consumo y la &hellip; <\/p>\n","protected":false},"author":5,"featured_media":37363,"comment_status":"closed","ping_status":"closed","sticky":false,"template":"","format":"standard","meta":{"om_disable_all_campaigns":false,"_joinchat":[]},"categories":[8],"tags":[46,43,569],"featured_image_urls":{"full":["https:\/\/infotep.com.ar\/wp-content\/uploads\/2026\/09\/dia-de-la-industria-3-1.jpg",1280,960,false],"thumbnail":["https:\/\/infotep.com.ar\/wp-content\/uploads\/2026\/09\/dia-de-la-industria-3-1-150x150.jpg",150,150,true],"medium":["https:\/\/infotep.com.ar\/wp-content\/uploads\/2026\/09\/dia-de-la-industria-3-1-300x225.jpg",300,225,true],"medium_large":["https:\/\/infotep.com.ar\/wp-content\/uploads\/2026\/09\/dia-de-la-industria-3-1-768x576.jpg",768,576,true],"large":["https:\/\/infotep.com.ar\/wp-content\/uploads\/2026\/09\/dia-de-la-industria-3-1-1024x768.jpg",1020,765,true],"1536x1536":["https:\/\/infotep.com.ar\/wp-content\/uploads\/2026\/09\/dia-de-la-industria-3-1.jpg",1280,960,false],"2048x2048":["https:\/\/infotep.com.ar\/wp-content\/uploads\/2026\/09\/dia-de-la-industria-3-1.jpg",1280,960,false],"blossom-feminine-slider":["https:\/\/infotep.com.ar\/wp-content\/uploads\/2026\/09\/dia-de-la-industria-3-1-1280x649.jpg",1280,649,true],"blossom-feminine-featured":["https:\/\/infotep.com.ar\/wp-content\/uploads\/2026\/09\/dia-de-la-industria-3-1-1280x600.jpg",1280,600,true],"blossom-feminine-with-sidebar":["https:\/\/infotep.com.ar\/wp-content\/uploads\/2026\/09\/dia-de-la-industria-3-1-1020x600.jpg",1020,600,true],"blossom-feminine-blog":["https:\/\/infotep.com.ar\/wp-content\/uploads\/2026\/09\/dia-de-la-industria-3-1-435x435.jpg",435,435,true],"blossom-feminine-cat":["https:\/\/infotep.com.ar\/wp-content\/uploads\/2026\/09\/dia-de-la-industria-3-1-450x300.jpg",450,300,true],"blossom-feminine-related":["https:\/\/infotep.com.ar\/wp-content\/uploads\/2026\/09\/dia-de-la-industria-3-1-320x200.jpg",320,200,true],"blossom-feminine-schema":["https:\/\/infotep.com.ar\/wp-content\/uploads\/2026\/09\/dia-de-la-industria-3-1-80x60.jpg",80,60,true],"blossom-mommy-blog-slider-big":["https:\/\/infotep.com.ar\/wp-content\/uploads\/2026\/09\/dia-de-la-industria-3-1-920x650.jpg",920,650,true],"blossom-mommy-blog-slider":["https:\/\/infotep.com.ar\/wp-content\/uploads\/2026\/09\/dia-de-la-industria-3-1-460x310.jpg",460,310,true],"blossom-mommy-blog-two":["https:\/\/infotep.com.ar\/wp-content\/uploads\/2026\/09\/dia-de-la-industria-3-1-768x480.jpg",768,480,true]},"author_info":{"info":["Angela Tobar"]},"category_info":"<a href=\"https:\/\/infotep.com.ar\/index.php\/category\/municipales\/ituzaingo\/\" rel=\"category tag\">Ituzaing\u00f3<\/a>","tag_info":"Ituzaing\u00f3","comment_count":"0","_links":{"self":[{"href":"https:\/\/infotep.com.ar\/index.php\/wp-json\/wp\/v2\/posts\/37330"}],"collection":[{"href":"https:\/\/infotep.com.ar\/index.php\/wp-json\/wp\/v2\/posts"}],"about":[{"href":"https:\/\/infotep.com.ar\/index.php\/wp-json\/wp\/v2\/types\/post"}],"author":[{"embeddable":true,"href":"https:\/\/infotep.com.ar\/index.php\/wp-json\/wp\/v2\/users\/5"}],"replies":[{"embeddable":true,"href":"https:\/\/infotep.com.ar\/index.php\/wp-json\/wp\/v2\/comments?post=37330"}],"version-history":[{"count":1,"href":"https:\/\/infotep.com.ar\/index.php\/wp-json\/wp\/v2\/posts\/37330\/revisions"}],"predecessor-version":[{"id":37341,"href":"https:\/\/infotep.com.ar\/index.php\/wp-json\/wp\/v2\/posts\/37330\/revisions\/37341"}],"wp:featuredmedia":[{"embeddable":true,"href":"https:\/\/infotep.com.ar\/index.php\/wp-json\/wp\/v2\/media\/37363"}],"wp:attachment":[{"href":"https:\/\/infotep.com.ar\/index.php\/wp-json\/wp\/v2\/media?parent=37330"}],"wp:term":[{"taxonomy":"category","embeddable":true,"href":"https:\/\/infotep.com.ar\/index.php\/wp-json\/wp\/v2\/categories?post=37330"},{"taxonomy":"post_tag","embeddable":true,"href":"https:\/\/infotep.com.ar\/index.php\/wp-json\/wp\/v2\/tags?post=37330"}],"curies":[{"name":"wp","href":"https:\/\/api.w.org\/{rel}","templated":true}]}}