{"id":37342,"date":"2026-09-03T19:26:49","date_gmt":"2026-09-03T22:26:49","guid":{"rendered":"https:\/\/infotep.com.ar\/?p=37342"},"modified":"2026-09-03T19:26:50","modified_gmt":"2026-09-03T22:26:50","slug":"kicillof-no-es-azar-ni-una-mala-coyuntura-el-gobierno-nacional-aplica-un-plan-sistematico-de-desindustrializacion","status":"publish","type":"post","link":"https:\/\/infotep.com.ar\/index.php\/2026\/09\/03\/kicillof-no-es-azar-ni-una-mala-coyuntura-el-gobierno-nacional-aplica-un-plan-sistematico-de-desindustrializacion\/","title":{"rendered":"Kicillof: \u201cNo es azar, ni una mala coyuntura: el Gobierno nacional aplica un plan sistem\u00e1tico de desindustrializaci\u00f3n\u201d"},"content":{"rendered":"\n<p>Fue en una jornada junto a representantes de c\u00e1maras empresariales, sindicatos y actores del entramado productivo bonaerense, en el Parque Industrial Tecnol\u00f3gico de Mor\u00f3n.<\/p>\n\n\n\n<p><br>El gobernador de la provincia de Buenos Aires, Axel Kicillof, encabez\u00f3 este mi\u00e9rcoles un encuentro con referentes de c\u00e1maras sectoriales, empresarios y representantes sindicales por el D\u00eda de la Industria. Fue en el Parque Industrial Tecnol\u00f3gico Aeron\u00e1utico de Mor\u00f3n, junto a la vicegobernadora Ver\u00f3nica Magario; el ministro de Producci\u00f3n, Ciencia e Innovaci\u00f3n Tecnol\u00f3gica, Augusto Costa; y el intendente local, Lucas Ghi.<\/p>\n\n\n\n<p>En ese marco, Kicillof afirm\u00f3: \u201cLo que estamos presenciando en la Argentina no es producto del azar ni de una mala coyuntura: hay una decisi\u00f3n pol\u00edtica del Gobierno nacional de aplicar un plan sistem\u00e1tico de desindustrializaci\u00f3n. Es una pol\u00edtica criminal que apunta contra nuestra historia, nuestra soberan\u00eda y el futuro del pa\u00eds\u201d. \u201cVivimos una etapa de quiebre en el entramado industrial que se profundiza mes a mes, sin perspectiva de mejora, porque los resultados son exactamente los que Milei buscaba: quebrar a la industria y cambiar de ra\u00edz la matriz productiva y la inserci\u00f3n internacional de la Argentina\u201d, agreg\u00f3.<\/p>\n\n\n\n<p>Adem\u00e1s, Kicillof se\u00f1al\u00f3 que \u201ca diferencia de otras experiencias similares, este programa econ\u00f3mico va a contramano de lo que sucede en el mundo: todos los pa\u00edses hacen pol\u00edtica industrial por razones productivas, estrat\u00e9gicas y de soberan\u00eda\u201d. \u201cQuieren construir un pa\u00eds primarizado, sin trabajo y sin derechos: todos, salvo Milei, han entendido que la industria es la base del desarrollo\u201d, expres\u00f3.<\/p>\n\n\n\n<p>Bajo la consigna &#8220;Con producci\u00f3n y trabajo, hay otro camino&#8221;, la jornada se orient\u00f3 a debatir y promover pol\u00edticas centradas en el desarrollo productivo y en la generaci\u00f3n de empleo genuino.<\/p>\n\n\n\n<p>Por su parte, Magario sostuvo: \u201cLa industria est\u00e1 viviendo la combinaci\u00f3n letal de costos de producci\u00f3n altos, apertura indiscriminada de importaciones y ca\u00edda del consumo: todos los rubros est\u00e1n quebrados debido a un Gobierno nacional que no piensa en el sector\u201d. \u201cTenemos que plantear un cambio profundo en nuestro pa\u00eds para recuperar la industria, el empleo argentino y el futuro de nuestro pa\u00eds\u201d, indic\u00f3.<\/p>\n\n\n\n<p>Por su parte, Costa sostuvo: \u201cLa industria vive una situaci\u00f3n muy cr\u00edtica: desde que asumi\u00f3 Milei cerraron 1.597 empresas bonaerenses y se perdieron m\u00e1s de 46.000 puestos de trabajo en el sector. El Gobierno nacional es el \u00fanico responsable de este proceso de desindustrializaci\u00f3n\u201d. \u201cMientras algunos celebran a los que evaden y especulan, nosotros creemos que los verdaderos h\u00e9roes est\u00e1n todos los d\u00edas en cada una de las f\u00e1bricas\u201d, manifest\u00f3 y agreg\u00f3: \u201cTenemos que seguir encontr\u00e1ndonos y organiz\u00e1ndonos para sacar adelante la industria y devolverle al pa\u00eds un futuro basado en la producci\u00f3n, el trabajo y la dignidad\u201d.<\/p>\n\n\n\n<p>\u201cPara nosotros no existe un modelo de pa\u00eds fruct\u00edfero sin industria: queremos una Argentina en donde esta actividad sea el eje central y el empleo un ordenador social que garantice condiciones de prosperidad para todas y todos\u201d, sostuvo Ghi y agreg\u00f3: \u201cVenimos a conmemorar este d\u00eda poniendo en valor las decisiones pol\u00edticas que lleva adelante el gobernador para acompa\u00f1ar a cada uno de los sectores bonaerenses\u201d.<\/p>\n\n\n\n<p>Por \u00faltimo, Kicillof remarc\u00f3: \u201cEsta situaci\u00f3n se puede revertir. Va a llevar tiempo y esfuerzo, pero el camino requiere pol\u00edticas inteligentes y soberanas que reindustrialicen la Argentina: nuestras pol\u00edticas no se pueden definir por ideolog\u00edas o afinidades personales de un gobernante, sino pensando siempre en favor del \u00fanico beneficiario que nos importa: el pueblo argentino&#8221;.<\/p>\n\n\n\n<p>Estuvieron presentes los ministros de Gobierno, Carlos Bianco; de Trabajo, Walter Correa; de Desarrollo Agrario, Javier Rodr\u00edguez; el presidente del Banco Provincia, Juan Cuattromo; el director Ejecutivo de ARBA, Cristian Girard; el subsecretario de Desarrollo Comercial y Promoci\u00f3n de Inversiones, Ariel Aguilar; su par de Industria y Pymes, Mariela Bembi; y la presidenta del FOGABA, Ver\u00f3nica Wejchenberg.<\/p>\n\n\n\n<p>Participaron tambi\u00e9n del encuentro los presidentes de Asociaci\u00f3n de Industriales Metal\u00fargicos de la Rep\u00fablica Argentina (ADIMRA), Elio Del Re; de la Uni\u00f3n Industrial de la provincia de Buenos Aires (UIPBA), Alejandro Gentile; de la C\u00e1mara Argentina de la Industria del Juguete, Mat\u00edas Furi\u00f3; de la Fundaci\u00f3n ProTejer, Luciano Galfione; de la C\u00e1mara de Industriales Fundidores de la Rep\u00fablica Argentina (CIFRA), Pablo Gaspari; su par de la Confederaci\u00f3n General Empresaria de la Rep\u00fablica Argentina (CGERA) seccional provincia, Nilda Brovida; los secretarios Generales de la C\u00e1mara de la Industria Cervecera Argentina, Juan Mitjans y de la C\u00e1mara de la Industria del Calzado (CIC), Santiago Quetglas; la secretaria de la Asociaci\u00f3n Bonaerense de la Industria Naval (ABIN), Sandra Cipolla; el representante de Fenaba S. R. L., Fernando Mutti; y el cofundador de ProFlight Academy, Rodrigo Fern\u00e1ndez; entre otros empresarios.<\/p>\n","protected":false},"excerpt":{"rendered":"<p>Fue en una jornada junto a representantes de c&aacute;maras empresariales, sindicatos y actores del entramado productivo bonaerense, en el Parque Industrial Tecnol&oacute;gico de Mor&oacute;n. El gobernador de la provincia de Buenos Aires, Axel Kicillof, encabez&oacute; este mi&eacute;rcoles un encuentro con referentes de c&aacute;maras sectoriales, empresarios y representantes sindicales por el D&iacute;a de la Industria. Fue &hellip; <\/p>\n","protected":false},"author":5,"featured_media":37343,"comment_status":"closed","ping_status":"closed","sticky":false,"template":"","format":"standard","meta":{"om_disable_all_campaigns":false,"_joinchat":[]},"categories":[4],"tags":[46,43,569],"featured_image_urls":{"full":["https:\/\/infotep.com.ar\/wp-content\/uploads\/2026\/09\/DSC2030.jpeg",700,466,false],"thumbnail":["https:\/\/infotep.com.ar\/wp-content\/uploads\/2026\/09\/DSC2030-150x150.jpeg",150,150,true],"medium":["https:\/\/infotep.com.ar\/wp-content\/uploads\/2026\/09\/DSC2030-300x200.jpeg",300,200,true],"medium_large":["https:\/\/infotep.com.ar\/wp-content\/uploads\/2026\/09\/DSC2030.jpeg",700,466,false],"large":["https:\/\/infotep.com.ar\/wp-content\/uploads\/2026\/09\/DSC2030.jpeg",700,466,false],"1536x1536":["https:\/\/infotep.com.ar\/wp-content\/uploads\/2026\/09\/DSC2030.jpeg",700,466,false],"2048x2048":["https:\/\/infotep.com.ar\/wp-content\/uploads\/2026\/09\/DSC2030.jpeg",700,466,false],"blossom-feminine-slider":["https:\/\/infotep.com.ar\/wp-content\/uploads\/2026\/09\/DSC2030.jpeg",700,466,false],"blossom-feminine-featured":["https:\/\/infotep.com.ar\/wp-content\/uploads\/2026\/09\/DSC2030.jpeg",700,466,false],"blossom-feminine-with-sidebar":["https:\/\/infotep.com.ar\/wp-content\/uploads\/2026\/09\/DSC2030.jpeg",700,466,false],"blossom-feminine-blog":["https:\/\/infotep.com.ar\/wp-content\/uploads\/2026\/09\/DSC2030-435x435.jpeg",435,435,true],"blossom-feminine-cat":["https:\/\/infotep.com.ar\/wp-content\/uploads\/2026\/09\/DSC2030-450x300.jpeg",450,300,true],"blossom-feminine-related":["https:\/\/infotep.com.ar\/wp-content\/uploads\/2026\/09\/DSC2030-320x200.jpeg",320,200,true],"blossom-feminine-schema":["https:\/\/infotep.com.ar\/wp-content\/uploads\/2026\/09\/DSC2030-90x60.jpeg",90,60,true],"blossom-mommy-blog-slider-big":["https:\/\/infotep.com.ar\/wp-content\/uploads\/2026\/09\/DSC2030.jpeg",700,466,false],"blossom-mommy-blog-slider":["https:\/\/infotep.com.ar\/wp-content\/uploads\/2026\/09\/DSC2030-460x310.jpeg",460,310,true],"blossom-mommy-blog-two":["https:\/\/infotep.com.ar\/wp-content\/uploads\/2026\/09\/DSC2030.jpeg",700,466,false]},"author_info":{"info":["Angela Tobar"]},"category_info":"<a href=\"https:\/\/infotep.com.ar\/index.php\/category\/provinciales\/\" rel=\"category tag\">Provinciales<\/a>","tag_info":"Provinciales","comment_count":"0","_links":{"self":[{"href":"https:\/\/infotep.com.ar\/index.php\/wp-json\/wp\/v2\/posts\/37342"}],"collection":[{"href":"https:\/\/infotep.com.ar\/index.php\/wp-json\/wp\/v2\/posts"}],"about":[{"href":"https:\/\/infotep.com.ar\/index.php\/wp-json\/wp\/v2\/types\/post"}],"author":[{"embeddable":true,"href":"https:\/\/infotep.com.ar\/index.php\/wp-json\/wp\/v2\/users\/5"}],"replies":[{"embeddable":true,"href":"https:\/\/infotep.com.ar\/index.php\/wp-json\/wp\/v2\/comments?post=37342"}],"version-history":[{"count":1,"href":"https:\/\/infotep.com.ar\/index.php\/wp-json\/wp\/v2\/posts\/37342\/revisions"}],"predecessor-version":[{"id":37344,"href":"https:\/\/infotep.com.ar\/index.php\/wp-json\/wp\/v2\/posts\/37342\/revisions\/37344"}],"wp:featuredmedia":[{"embeddable":true,"href":"https:\/\/infotep.com.ar\/index.php\/wp-json\/wp\/v2\/media\/37343"}],"wp:attachment":[{"href":"https:\/\/infotep.com.ar\/index.php\/wp-json\/wp\/v2\/media?parent=37342"}],"wp:term":[{"taxonomy":"category","embeddable":true,"href":"https:\/\/infotep.com.ar\/index.php\/wp-json\/wp\/v2\/categories?post=37342"},{"taxonomy":"post_tag","embeddable":true,"href":"https:\/\/infotep.com.ar\/index.php\/wp-json\/wp\/v2\/tags?post=37342"}],"curies":[{"name":"wp","href":"https:\/\/api.w.org\/{rel}","templated":true}]}}