{"id":37345,"date":"2026-09-03T19:29:20","date_gmt":"2026-09-03T22:29:20","guid":{"rendered":"https:\/\/infotep.com.ar\/?p=37345"},"modified":"2026-09-03T19:49:33","modified_gmt":"2026-09-03T22:49:33","slug":"la-provincia-se-prepara-para-la-peregrinacion-a-lujan-en-visperas-de-la-llegada-del-papa-leon-xiv","status":"publish","type":"post","link":"https:\/\/infotep.com.ar\/index.php\/2026\/09\/03\/la-provincia-se-prepara-para-la-peregrinacion-a-lujan-en-visperas-de-la-llegada-del-papa-leon-xiv\/","title":{"rendered":"La Provincia se prepara para la Peregrinaci\u00f3n a Luj\u00e1n en v\u00edsperas de la llegada del Papa Le\u00f3n XIV"},"content":{"rendered":"\n<p>Con la presencia de Kicillof, autoridades provinciales, municipales y religiosas pusieron en com\u00fan las tareas para acompa\u00f1ar a los peregrinos y recibir al Santo Padre.<\/p>\n\n\n\n<p><br>El gobernador de la provincia de Buenos Aires, Axel Kicillof encabez\u00f3 un espacio de trabajo junto a la jefa de Asesores Cristina Alvarez Rodr\u00edguez, intendentes, ministros y representantes de la iglesia; para coordinar las tareas de apoyo a la 52\u00b0 Peregrinaci\u00f3n Juvenil a Luj\u00e1n que se realizar\u00e1 el pr\u00f3ximo 3 y 4 de octubre. Adem\u00e1s, compartieron el avance del trabajo que se est\u00e1 llevando adelante para la visita del Papa Le\u00f3n XIV en noviembre.<\/p>\n\n\n\n<p>En ese marco, Kicillof afirm\u00f3: &#8220;La peregrinaci\u00f3n a Luj\u00e1n siempre ha sido un enorme acontecimiento de fe y encuentro para las familias de nuestra provincia y de todo el pa\u00eds, pero en esta oportunidad tiene un significado profundamente especial al ser previa a la hist\u00f3rica llegada del Papa Le\u00f3n XIV a la Argentina\u201d.<\/p>\n\n\n\n<p>\u201cAsumimos esta tarea con un compromiso y una responsabilidad gigantesca, poniendo a disposici\u00f3n para la organizaci\u00f3n todas las \u00e1reas del Gobierno bonaerense\u201d, sostuvo Kicillof, y a\u00f1adi\u00f3: \u201cLa magnitud de este acontecimiento nos exige trabajar a conciencia, articulando de manera generosa entre las distintas jurisdicciones y organismos con un \u00fanico objetivo: garantizar las condiciones para que nuestro pueblo pueda vivir y disfrutar de un verdadero hecho hist\u00f3rico&#8221;.<\/p>\n\n\n\n<p>Por su parte, Alvarez Rodr\u00edguez destac\u00f3: &#8220;lo que trae esta peregrinaci\u00f3n como mensaje central es la construcci\u00f3n de hermandad, fraternidad, comunidad de un pueblo. Un pueblo de fe que construye desde ese lugar profundos lazos de hermandad en un mundo que parece que va a para otro lado&#8221;.<\/p>\n\n\n\n<p>En 2022, el gobierno bonaerense estableci\u00f3 la normativa y requerimientos para que el Estado provincial asista la organizaci\u00f3n de peregrinaciones masivas en su territorio a trav\u00e9s de la resoluci\u00f3n 1.469. De este modo, se garantiza el desarrollo de las mismas en las mejores condiciones de seguridad, cuidado y acompa\u00f1amiento.<\/p>\n\n\n\n<p>Adem\u00e1s, la Provincia contin\u00faa trabajando junto a los municipios en las tareas de prevenci\u00f3n de los efectos del fen\u00f3meno clim\u00e1tico de \u201cEl Ni\u00f1o\u201d. La Peregrinaci\u00f3n contar\u00e1 tambi\u00e9n con un sistema de seguimiento meteorol\u00f3gico desde las dos semanas previas.<\/p>\n\n\n\n<p>Con la coordinaci\u00f3n de la Jefatura de Asesores y la Iglesia Cat\u00f3lica, los ministerios de Transporte, Salud, Seguridad, Infraestructura, Desarrollo de la Comunidad y Ambiente, ABSA e IOMA pondr\u00e1n a disposici\u00f3n hospitales m\u00f3viles, personal m\u00e9dico, ambulancias, ba\u00f1os qu\u00edmicos, patrulleros, polic\u00edas, controles de tr\u00e1nsito, Defensa Civil, stands para proveer agua y alimentos, puntos de reciclaje y un escenario equipado para la realizaci\u00f3n de las misas.<\/p>\n\n\n\n<p>La Peregrinaci\u00f3n Juvenil a Luj\u00e1n es el evento religioso m\u00e1s masivo del pa\u00eds y se realiza de forma ininterrumpida desde 1975. Atraviesa los municipios bonaerenses de Tres de Febrero, La Matanza, Mor\u00f3n, Ituzaing\u00f3, Merlo, Moreno y General Rodr\u00edguez.<\/p>\n\n\n\n<p>Del encuentro participaron los ministros de Gobierno, Carlos Bianco; de Desarrollo de la Comunidad, Andr\u00e9s Larroque; de Seguridad, Javier Alonso y de Ambiente, Daniela Vilar; los intendentes de Luj\u00e1n, Leonardo Boto; de General Rodr\u00edguez, Mauro Garc\u00eda; de Mor\u00f3n, Lucas Ghi y de Ituzaing\u00f3, Pablo Descalzo; adem\u00e1s del director de Cultos, Juan Torreiro; el diputado Mariano Cascallares y el rector de la Bas\u00edlica de Luj\u00e1n, padre Lucas Garc\u00eda; el asesor de la Comisi\u00f3n de Piedad Popular de la Arquidi\u00f3cesis de Buenos Aires, padre Mario Miceli y el representante de la Arquidi\u00f3cesis de Mercedes &#8211; Luj\u00e1n, padre Manuel Asenzo entre otras autoridades provinciales, municipales y religiosas.<\/p>\n","protected":false},"excerpt":{"rendered":"<p>Con la presencia de Kicillof, autoridades provinciales, municipales y religiosas pusieron en com&uacute;n las tareas para acompa&ntilde;ar a los peregrinos y recibir al Santo Padre. El gobernador de la provincia de Buenos Aires, Axel Kicillof encabez&oacute; un espacio de trabajo junto a la jefa de Asesores Cristina Alvarez Rodr&iacute;guez, intendentes, ministros y representantes de la &hellip; <\/p>\n","protected":false},"author":5,"featured_media":37362,"comment_status":"closed","ping_status":"closed","sticky":false,"template":"","format":"standard","meta":{"om_disable_all_campaigns":false,"_joinchat":[]},"categories":[4],"tags":[46,43,569],"featured_image_urls":{"full":["https:\/\/infotep.com.ar\/wp-content\/uploads\/2026\/09\/WhatsApp-Image-2026-09-03-at-7.11.21-PM.jpeg",1600,1066,false],"thumbnail":["https:\/\/infotep.com.ar\/wp-content\/uploads\/2026\/09\/WhatsApp-Image-2026-09-03-at-7.11.21-PM-150x150.jpeg",150,150,true],"medium":["https:\/\/infotep.com.ar\/wp-content\/uploads\/2026\/09\/WhatsApp-Image-2026-09-03-at-7.11.21-PM-300x200.jpeg",300,200,true],"medium_large":["https:\/\/infotep.com.ar\/wp-content\/uploads\/2026\/09\/WhatsApp-Image-2026-09-03-at-7.11.21-PM-768x512.jpeg",768,512,true],"large":["https:\/\/infotep.com.ar\/wp-content\/uploads\/2026\/09\/WhatsApp-Image-2026-09-03-at-7.11.21-PM-1024x682.jpeg",1020,679,true],"1536x1536":["https:\/\/infotep.com.ar\/wp-content\/uploads\/2026\/09\/WhatsApp-Image-2026-09-03-at-7.11.21-PM-1536x1023.jpeg",1536,1023,true],"2048x2048":["https:\/\/infotep.com.ar\/wp-content\/uploads\/2026\/09\/WhatsApp-Image-2026-09-03-at-7.11.21-PM.jpeg",1600,1066,false],"blossom-feminine-slider":["https:\/\/infotep.com.ar\/wp-content\/uploads\/2026\/09\/WhatsApp-Image-2026-09-03-at-7.11.21-PM-1600x649.jpeg",1600,649,true],"blossom-feminine-featured":["https:\/\/infotep.com.ar\/wp-content\/uploads\/2026\/09\/WhatsApp-Image-2026-09-03-at-7.11.21-PM-1410x600.jpeg",1410,600,true],"blossom-feminine-with-sidebar":["https:\/\/infotep.com.ar\/wp-content\/uploads\/2026\/09\/WhatsApp-Image-2026-09-03-at-7.11.21-PM-1020x600.jpeg",1020,600,true],"blossom-feminine-blog":["https:\/\/infotep.com.ar\/wp-content\/uploads\/2026\/09\/WhatsApp-Image-2026-09-03-at-7.11.21-PM-435x435.jpeg",435,435,true],"blossom-feminine-cat":["https:\/\/infotep.com.ar\/wp-content\/uploads\/2026\/09\/WhatsApp-Image-2026-09-03-at-7.11.21-PM-450x300.jpeg",450,300,true],"blossom-feminine-related":["https:\/\/infotep.com.ar\/wp-content\/uploads\/2026\/09\/WhatsApp-Image-2026-09-03-at-7.11.21-PM-320x200.jpeg",320,200,true],"blossom-feminine-schema":["https:\/\/infotep.com.ar\/wp-content\/uploads\/2026\/09\/WhatsApp-Image-2026-09-03-at-7.11.21-PM-90x60.jpeg",90,60,true],"blossom-mommy-blog-slider-big":["https:\/\/infotep.com.ar\/wp-content\/uploads\/2026\/09\/WhatsApp-Image-2026-09-03-at-7.11.21-PM-920x650.jpeg",920,650,true],"blossom-mommy-blog-slider":["https:\/\/infotep.com.ar\/wp-content\/uploads\/2026\/09\/WhatsApp-Image-2026-09-03-at-7.11.21-PM-460x310.jpeg",460,310,true],"blossom-mommy-blog-two":["https:\/\/infotep.com.ar\/wp-content\/uploads\/2026\/09\/WhatsApp-Image-2026-09-03-at-7.11.21-PM-768x480.jpeg",768,480,true]},"author_info":{"info":["Angela Tobar"]},"category_info":"<a href=\"https:\/\/infotep.com.ar\/index.php\/category\/provinciales\/\" rel=\"category tag\">Provinciales<\/a>","tag_info":"Provinciales","comment_count":"0","_links":{"self":[{"href":"https:\/\/infotep.com.ar\/index.php\/wp-json\/wp\/v2\/posts\/37345"}],"collection":[{"href":"https:\/\/infotep.com.ar\/index.php\/wp-json\/wp\/v2\/posts"}],"about":[{"href":"https:\/\/infotep.com.ar\/index.php\/wp-json\/wp\/v2\/types\/post"}],"author":[{"embeddable":true,"href":"https:\/\/infotep.com.ar\/index.php\/wp-json\/wp\/v2\/users\/5"}],"replies":[{"embeddable":true,"href":"https:\/\/infotep.com.ar\/index.php\/wp-json\/wp\/v2\/comments?post=37345"}],"version-history":[{"count":1,"href":"https:\/\/infotep.com.ar\/index.php\/wp-json\/wp\/v2\/posts\/37345\/revisions"}],"predecessor-version":[{"id":37347,"href":"https:\/\/infotep.com.ar\/index.php\/wp-json\/wp\/v2\/posts\/37345\/revisions\/37347"}],"wp:featuredmedia":[{"embeddable":true,"href":"https:\/\/infotep.com.ar\/index.php\/wp-json\/wp\/v2\/media\/37362"}],"wp:attachment":[{"href":"https:\/\/infotep.com.ar\/index.php\/wp-json\/wp\/v2\/media?parent=37345"}],"wp:term":[{"taxonomy":"category","embeddable":true,"href":"https:\/\/infotep.com.ar\/index.php\/wp-json\/wp\/v2\/categories?post=37345"},{"taxonomy":"post_tag","embeddable":true,"href":"https:\/\/infotep.com.ar\/index.php\/wp-json\/wp\/v2\/tags?post=37345"}],"curies":[{"name":"wp","href":"https:\/\/api.w.org\/{rel}","templated":true}]}}