{"id":37348,"date":"2026-09-03T19:32:27","date_gmt":"2026-09-03T22:32:27","guid":{"rendered":"https:\/\/infotep.com.ar\/?p=37348"},"modified":"2026-09-03T19:32:27","modified_gmt":"2026-09-03T22:32:27","slug":"se-organizo-la-jornada-como-nos-estamos-preparando-para-el-nino","status":"publish","type":"post","link":"https:\/\/infotep.com.ar\/index.php\/2026\/09\/03\/se-organizo-la-jornada-como-nos-estamos-preparando-para-el-nino\/","title":{"rendered":"Se organiz\u00f3 la jornada \u201c\u00bfC\u00f3mo nos estamos preparando para El Ni\u00f1o?&#8221;"},"content":{"rendered":"\n<p>El evento estuvo destinada a fortalecer las capacidades locales y la articulaci\u00f3n para la implementaci\u00f3n de estrategias de acci\u00f3n anticipatorias frente a eventos clim\u00e1ticos.<br><br>El Ministerio de Infraestructura y Servicios P\u00fablicos realiz\u00f3 en la Universidad de San Mart\u00edn el encuentro \u00bfC\u00f3mo nos estamos preparando para El Ni\u00f1o?, una jornada en donde se debatieron las capacidades locales y la articulaci\u00f3n para la implementaci\u00f3n de estrategias de acci\u00f3n anticipatorias frente a eventos clim\u00e1ticos.<\/p>\n\n\n\n<p>El encuentro estuvo encabezado por el Ministro Gabriel Katopodis junto a la subsecretaria de Planificaci\u00f3n y Coordinaci\u00f3n para el Desarrollo Territorial Sostenible del MISP, Cecilia Cardini; la directora Provincial de Planificaci\u00f3n y Gesti\u00f3n para el Desarrollo Sostenible, D\u00e9bora Guerra; y el secretario de Gobierno y Relaciones Institucionales de la UNSAM, H\u00e9ctor Guerra.<\/p>\n\n\n\n<p>La jornada se realiz\u00f3 en el marco del Plan de Gesti\u00f3n del Riesgo frente al Cambio Clim\u00e1tico que lleva adelante el Ministerio y cont\u00f3 con la presencia de representantes de distintos municipios y equipos t\u00e9cnicos de la provincia. El encuentro de trabajo estuvo dividido en dos bloques y un taller.<\/p>\n\n\n\n<p>Durante la apertura se plante\u00f3 la necesidad de fortalecer las capacidades de la Provincia y los municipios para anticiparse a los efectos de El Ni\u00f1o, consolidando una agenda basada en la planificaci\u00f3n, la coordinaci\u00f3n territorial y la infraestructura como herramienta central para la adaptaci\u00f3n al cambio clim\u00e1tico.<\/p>\n\n\n\n<p>En ese sentido, Katopodis expres\u00f3: \u201cPara enfrentar estos fen\u00f3menos clim\u00e1ticos cada vez m\u00e1s extremos estamos construyendo un visor \u00fanico provincial que integrar\u00e1 informaci\u00f3n en tiempo real de m\u00e1s de 400 estaciones meteorol\u00f3gicas, para que cada municipio pueda saber qu\u00e9 est\u00e1 pasando en su cuenca, sus r\u00edos y arroyos. Tener datos, medir y compartir informaci\u00f3n es fundamental para tomar mejores decisiones\u201d.<\/p>\n\n\n\n<p>Adem\u00e1s, el Ministro asegur\u00f3: \u201cEste es un contexto muy dif\u00edcil, donde el Gobierno Nacional paraliz\u00f3 la obra p\u00fablica, fren\u00f3 la infraestructura hidr\u00e1ulica y no ejecut\u00f3 los recursos espec\u00edficos del Fondo H\u00eddrico, incumpliendo la ley\u201d.<\/p>\n\n\n\n<p>\u201cAnte este contexto la decisi\u00f3n de Axel Kicillof es otra, que es seguir priorizando y planificando d\u00f3nde tenemos que invertir los recursos para prepararnos mejor y enfrentar esta situaci\u00f3n\u201d, concluy\u00f3.<\/p>\n\n\n\n<p>El primer panel se centr\u00f3 en las herramientas de monitoreo hidrometeorol\u00f3gico y la sistematizaci\u00f3n de datos como insumos clave para la acci\u00f3n anticipatoria. Las exposiciones presentaron experiencias provinciales e internacionales orientadas a fortalecer la generaci\u00f3n de informaci\u00f3n en tiempo real y mejorar la capacidad de respuesta frente a eventos clim\u00e1ticos extremos. De esta mesa, participaron Maximiliana Muller en representaci\u00f3n de Autoridad del Agua (ADA); la directora de Monitoreo H\u00eddrico del MISP, Paula Ram\u00edrez y las especialistas Eugenia Rallo y Mercedes Cabanas del proyecto ProCLIM-AR.<\/p>\n\n\n\n<p>El segundo, denominado Gesti\u00f3n del riesgo: experiencias regionales, provinciales y locales, reuni\u00f3 a referentes de la Subsecretar\u00eda de Emergencias del Ministerio de Seguridad de la Provincia, representantes de los municipios de San Antonio de Areco y Bah\u00eda Blanca, al especialista Roberto Pizarro Tapia (C\u00e1tedra UNESCO en Hidrolog\u00eda de Superficie) y al director provincial de Planificaci\u00f3n del MIPS, Juli\u00e1n Gonz\u00e1lez Dur\u00e1n.<\/p>\n\n\n\n<p>A partir de experiencias concretas de gesti\u00f3n territorial, el panel puso en com\u00fan aprendizajes sobre planificaci\u00f3n local, protocolos de emergencia e infraestructura resiliente, destacando la necesidad de integrar las obras p\u00fablicas y las pol\u00edticas de reducci\u00f3n del riesgo de desastres en una estrategia coordinada entre Provincia y municipios.<\/p>\n\n\n\n<p>Como cierre de la jornada, el Instituto Interamericano para la Reducci\u00f3n del Riesgo de Desastres (IIARRD) coordin\u00f3 un taller de trabajo con equipos municipales de toda la provincia. La actividad permiti\u00f3 que los gobiernos locales realizaran un diagn\u00f3stico inicial de sus capacidades de respuesta, revisaran sus protocolos de manejo de emergencias h\u00eddricas e identificaran brechas y acciones prioritarias para fortalecer la implementaci\u00f3n de estrategias de anticipaci\u00f3n frente al fen\u00f3meno de El Ni\u00f1o.<\/p>\n\n\n\n<p>El Ministerio de Infraestructura y Servicios P\u00fablicos puso en marcha un Plan de Gesti\u00f3n del Riesgo frente al Cambio Clim\u00e1tico, ante un escenario de alerta por la alta acumulaci\u00f3n h\u00eddrica y la creciente exposici\u00f3n a fen\u00f3menos extremos como El Ni\u00f1o y el S\u00faper Ni\u00f1o, cuya magnitud ser\u00eda hist\u00f3rica en la segunda mitad de 2026 y en 2027.<\/p>\n\n\n\n<p>El plan articula a todas las subsecretar\u00edas del Ministerio junto con sus empresas y organismos, e incluye acciones de prevenci\u00f3n, preparaci\u00f3n y respuesta orientadas a proteger el territorio, la seguridad de la poblaci\u00f3n y la continuidad de las actividades productivas.<\/p>\n\n\n\n<p>Asimismo, tiene como objetivo ejecutar medidas estructurales y no estructurales que permitan fortalecer la capacidad de respuesta ante los efectos del cambio clim\u00e1tico, a trav\u00e9s de tres ejes de acci\u00f3n principales: monitoreo hidrometeorol\u00f3gico y coordinaci\u00f3n; acciones de prevenci\u00f3n y respuesta; y medidas estructurales.<\/p>\n\n\n\n<p>En materia de monitoreo hidrometeorol\u00f3gico y coordinaci\u00f3n, el Plan contempla herramientas y \u00e1mbitos de gesti\u00f3n como el Sistema Inteligente de Monitoreo para la Prevenci\u00f3n y An\u00e1lisis del Riesgo Hidrometeorol\u00f3gico (SIMPARH), una herramienta, basada en la integraci\u00f3n de modelos y datos, clave para la toma de decisiones en la gesti\u00f3n h\u00eddrica. Actualmente, hay 42 Estaciones de Monitoreo Autom\u00e1tico (EMAs) funcionando y reportando datos sobre la lluvia, la calidad y los niveles de agua. Se proyecta alcanzar un total de 250 estaciones en el per\u00edodo 2026-2030.<\/p>\n\n\n\n<p>Este eje, tambi\u00e9n incluye el Comit\u00e9 de Gesti\u00f3n de Riesgo y Emergencia (CORE), la Mesa de Riesgo H\u00eddrico y los informes de humedad del suelo y precipitaci\u00f3n acumulada elaborados por la Autoridad del Agua (ADA). Todas estas herramientas permiten contar con informaci\u00f3n hidrometeorol\u00f3gica oportuna y confiable para anticipar la evoluci\u00f3n de las condiciones h\u00eddricas, optimizar la planificaci\u00f3n de intervenciones y orientar recursos en el territorio.<\/p>\n\n\n\n<p>El segundo eje prev\u00e9 acciones de prevenci\u00f3n y respuesta inmediata, entre ellas la limpieza y mantenimiento de arroyos para mejorar la capacidad de escurrimiento y gestionar excedentes h\u00eddricos; la reparaci\u00f3n de v\u00edas de acceso y tramos anegados para garantizar la transitabilidad y la salida de la producci\u00f3n; y la implementaci\u00f3n de planes de contingencia frente a olas de calor para asegurar el acceso al agua potable y la energ\u00eda el\u00e9ctrica ante interrupciones de los servicios p\u00fablicos.<\/p>\n\n\n\n<p>Y un \u00faltimo eje, que incorpora medidas estructurales orientadas a la adaptaci\u00f3n y mitigaci\u00f3n de los impactos clim\u00e1ticos que incluye la prevenci\u00f3n del riesgo h\u00eddrico en ciudades a trav\u00e9s del cual se prev\u00e9 139 obras y proyectos, y 7 estudios vinculados a drenajes urbanos y defensas costeras. Adem\u00e1s, la adaptaci\u00f3n productiva a extremos clim\u00e1ticos con 10 intervenciones de infraestructura hidr\u00e1ulica regional destinadas a fortalecer la resiliencia del sector agropecuario frente a inundaciones y sequ\u00edas.<\/p>\n\n\n\n<p>Seg\u00fan los pron\u00f3sticos del Servicio Meteorol\u00f3gico Nacional (SMN), en la Provincia de Buenos Aires se esperan m\u00e1s lluvias de lo habitual, aunque node manera uniforme: entre agosto y octubre, el este y el sudeste bonaerense tendr\u00edan un poco m\u00e1s de lluvia que lo normal, mientras que el sudoeste y el centro-oeste estar\u00edan m\u00e1s secos; entre noviembre y enero, en cambio, se espera que llueva por encima de lo que com\u00fanmente sucede, en toda la provincia y, sin excepciones.<\/p>\n\n\n\n<p>Entre los efectos principales, se encuentran los riesgos de inundaciones urbanas y rurales, la erosi\u00f3n h\u00eddrica y la saturaci\u00f3n de la infraestructura hidr\u00e1ulica y de servicios. En este sentido, resulta fundamental abordar esta problem\u00e1tica desde la Gesti\u00f3n Integral del Riesgo de Desastres (GIRD) que entiende la gesti\u00f3n del riesgo como un proceso continuo, articulado y multidimensional.<\/p>\n\n\n\n<p>Con este Plan, el Ministerio de Infraestructura y Servicios P\u00fablicos consolida una agenda de trabajo orientada a anticipar riesgos, proteger a las comunidades y fortalecer la resiliencia de la Provincia frente a los desaf\u00edos que plantea el cambio clim\u00e1tico.<\/p>\n","protected":false},"excerpt":{"rendered":"<p>El evento estuvo destinada a fortalecer las capacidades locales y la articulaci&oacute;n para la implementaci&oacute;n de estrategias de acci&oacute;n anticipatorias frente a eventos clim&aacute;ticos. El Ministerio de Infraestructura y Servicios P&uacute;blicos realiz&oacute; en la Universidad de San Mart&iacute;n el encuentro &iquest;C&oacute;mo nos estamos preparando para El Ni&ntilde;o?, una jornada en donde se debatieron las capacidades &hellip; <\/p>\n","protected":false},"author":5,"featured_media":37349,"comment_status":"closed","ping_status":"closed","sticky":false,"template":"","format":"standard","meta":{"om_disable_all_campaigns":false,"_joinchat":[]},"categories":[4],"tags":[46,43,569],"featured_image_urls":{"full":["https:\/\/infotep.com.ar\/wp-content\/uploads\/2026\/09\/IMG_7046.JPG.jpeg",700,467,false],"thumbnail":["https:\/\/infotep.com.ar\/wp-content\/uploads\/2026\/09\/IMG_7046.JPG-150x150.jpeg",150,150,true],"medium":["https:\/\/infotep.com.ar\/wp-content\/uploads\/2026\/09\/IMG_7046.JPG-300x200.jpeg",300,200,true],"medium_large":["https:\/\/infotep.com.ar\/wp-content\/uploads\/2026\/09\/IMG_7046.JPG.jpeg",700,467,false],"large":["https:\/\/infotep.com.ar\/wp-content\/uploads\/2026\/09\/IMG_7046.JPG.jpeg",700,467,false],"1536x1536":["https:\/\/infotep.com.ar\/wp-content\/uploads\/2026\/09\/IMG_7046.JPG.jpeg",700,467,false],"2048x2048":["https:\/\/infotep.com.ar\/wp-content\/uploads\/2026\/09\/IMG_7046.JPG.jpeg",700,467,false],"blossom-feminine-slider":["https:\/\/infotep.com.ar\/wp-content\/uploads\/2026\/09\/IMG_7046.JPG.jpeg",700,467,false],"blossom-feminine-featured":["https:\/\/infotep.com.ar\/wp-content\/uploads\/2026\/09\/IMG_7046.JPG.jpeg",700,467,false],"blossom-feminine-with-sidebar":["https:\/\/infotep.com.ar\/wp-content\/uploads\/2026\/09\/IMG_7046.JPG.jpeg",700,467,false],"blossom-feminine-blog":["https:\/\/infotep.com.ar\/wp-content\/uploads\/2026\/09\/IMG_7046.JPG-435x435.jpeg",435,435,true],"blossom-feminine-cat":["https:\/\/infotep.com.ar\/wp-content\/uploads\/2026\/09\/IMG_7046.JPG-450x300.jpeg",450,300,true],"blossom-feminine-related":["https:\/\/infotep.com.ar\/wp-content\/uploads\/2026\/09\/IMG_7046.JPG-320x200.jpeg",320,200,true],"blossom-feminine-schema":["https:\/\/infotep.com.ar\/wp-content\/uploads\/2026\/09\/IMG_7046.JPG-90x60.jpeg",90,60,true],"blossom-mommy-blog-slider-big":["https:\/\/infotep.com.ar\/wp-content\/uploads\/2026\/09\/IMG_7046.JPG.jpeg",700,467,false],"blossom-mommy-blog-slider":["https:\/\/infotep.com.ar\/wp-content\/uploads\/2026\/09\/IMG_7046.JPG-460x310.jpeg",460,310,true],"blossom-mommy-blog-two":["https:\/\/infotep.com.ar\/wp-content\/uploads\/2026\/09\/IMG_7046.JPG.jpeg",700,467,false]},"author_info":{"info":["Angela Tobar"]},"category_info":"<a href=\"https:\/\/infotep.com.ar\/index.php\/category\/provinciales\/\" rel=\"category tag\">Provinciales<\/a>","tag_info":"Provinciales","comment_count":"0","_links":{"self":[{"href":"https:\/\/infotep.com.ar\/index.php\/wp-json\/wp\/v2\/posts\/37348"}],"collection":[{"href":"https:\/\/infotep.com.ar\/index.php\/wp-json\/wp\/v2\/posts"}],"about":[{"href":"https:\/\/infotep.com.ar\/index.php\/wp-json\/wp\/v2\/types\/post"}],"author":[{"embeddable":true,"href":"https:\/\/infotep.com.ar\/index.php\/wp-json\/wp\/v2\/users\/5"}],"replies":[{"embeddable":true,"href":"https:\/\/infotep.com.ar\/index.php\/wp-json\/wp\/v2\/comments?post=37348"}],"version-history":[{"count":1,"href":"https:\/\/infotep.com.ar\/index.php\/wp-json\/wp\/v2\/posts\/37348\/revisions"}],"predecessor-version":[{"id":37350,"href":"https:\/\/infotep.com.ar\/index.php\/wp-json\/wp\/v2\/posts\/37348\/revisions\/37350"}],"wp:featuredmedia":[{"embeddable":true,"href":"https:\/\/infotep.com.ar\/index.php\/wp-json\/wp\/v2\/media\/37349"}],"wp:attachment":[{"href":"https:\/\/infotep.com.ar\/index.php\/wp-json\/wp\/v2\/media?parent=37348"}],"wp:term":[{"taxonomy":"category","embeddable":true,"href":"https:\/\/infotep.com.ar\/index.php\/wp-json\/wp\/v2\/categories?post=37348"},{"taxonomy":"post_tag","embeddable":true,"href":"https:\/\/infotep.com.ar\/index.php\/wp-json\/wp\/v2\/tags?post=37348"}],"curies":[{"name":"wp","href":"https:\/\/api.w.org\/{rel}","templated":true}]}}