{"id":37357,"date":"2026-09-03T19:42:52","date_gmt":"2026-09-03T22:42:52","guid":{"rendered":"https:\/\/infotep.com.ar\/?p=37357"},"modified":"2026-09-03T19:42:53","modified_gmt":"2026-09-03T22:42:53","slug":"aprobaron-una-ley-que-establece-la-obligatoriedad-escolar-a-partir-de-los-3-anos-en-la-ciudad-de-buenos-aires","status":"publish","type":"post","link":"https:\/\/infotep.com.ar\/index.php\/2026\/09\/03\/aprobaron-una-ley-que-establece-la-obligatoriedad-escolar-a-partir-de-los-3-anos-en-la-ciudad-de-buenos-aires\/","title":{"rendered":"Aprobaron una ley que establece la obligatoriedad escolar a partir de los 3 a\u00f1os en la Ciudad de Buenos Aires"},"content":{"rendered":"\n<p>El reglamento de Inscripci\u00f3n en L\u00ednea decretar\u00e1 que los nenes matriculados en sala de 2 tendr\u00e1n prioridad en la asignaci\u00f3n de vacantes para 2027.<br><br>La Legislatura porte\u00f1a aprob\u00f3 este jueves por unanimidad una ley que establece la obligatoriedad escolar para los ni\u00f1os a partir de los 3 a\u00f1os en los colegios de la Ciudad de Buenos Aires.<\/p>\n\n\n\n<p>Fuentes oficiales informaron a la Agencia Noticias Argentinas que el reglamento de Inscripci\u00f3n en L\u00ednea decretar\u00e1 que los nenes matriculados en sala de 2 tendr\u00e1n prioridad en la asignaci\u00f3n de vacantes para 2027.<\/p>\n\n\n\n<p>Entre los fundamentos de la ley se destaca que la Ciudad se encuentra hoy \u201cen un contexto demogr\u00e1fico singular que abre una ventana de oportunidad para avanzar\u201d con esta legislaci\u00f3n.<\/p>\n\n\n\n<p>\u201cLa sostenida ca\u00edda de la tasa de natalidad registrada en los \u00faltimos a\u00f1os (una reducci\u00f3n del 50% en 2024 respecto a 2014) \u2014que profundiza la tendencia descendente iniciada en la d\u00e9cada anterior\u2014 genera condiciones favorables para planificar la expansi\u00f3n de la cobertura educativa en el nivel inicial, optimizando la infraestructura existente y fortaleciendo la calidad de la oferta\u201d, sostiene el texto.<\/p>\n\n\n\n<p>La ley entrar\u00e1 en vigencia en 2027 y contemplar\u00e1 un plazo de dos a\u00f1os para adecuar la oferta en sala de 3 a\u00f1os e incorporar a la ense\u00f1anza oficial a los ni\u00f1os que asisten a Centros de Primera Infancia, Centros de Desarrollo Infantil y jardines inscriptos en el Registro de Instituciones Educativas Asistenciales.<\/p>\n\n\n\n<p>En este contexto, el jefe de Gobierno, Jorge Macri, celebr\u00f3 la aprobaci\u00f3n del proyecto a trav\u00e9s de un posteo en la red social X: &#8220;Aprobamos una ley para que la sala de 3 sea obligatoria en la Ciudad. Los primeros a\u00f1os son decisivos para el desarrollo de cada chico. Es cuando se forman el lenguaje, la curiosidad, la capacidad de convivir, de jugar, de expresarse y de aprender&#8221;.<br><br>Se trata de una medida que busca ampliar el acceso al Nivel Inicial y garantizar una oferta educativa gratuita y universal, as\u00ed como tambi\u00e9n afianzar el acompa\u00f1amiento a las familias.<\/p>\n\n\n\n<p>A su vez, la ministra de Educaci\u00f3n, Mercedes Miguel, afirm\u00f3: \u201cTenemos el compromiso de poner siempre el aprendizaje y el bienestar de los chicos en el centro. El inicio de la trayectoria educativa a temprana edad es una prioridad clave; por eso, la obligatoriedad de la sala de 3 a\u00f1os es un paso fundamental que garantiza de manera equitativa mejores oportunidades de desarrollo integral para toda la vida\u201d.<\/p>\n","protected":false},"excerpt":{"rendered":"<p>El reglamento de Inscripci&oacute;n en L&iacute;nea decretar&aacute; que los nenes matriculados en sala de 2 tendr&aacute;n prioridad en la asignaci&oacute;n de vacantes para 2027. La Legislatura porte&ntilde;a aprob&oacute; este jueves por unanimidad una ley que establece la obligatoriedad escolar para los ni&ntilde;os a partir de los 3 a&ntilde;os en los colegios de la Ciudad de &hellip; <\/p>\n","protected":false},"author":5,"featured_media":28779,"comment_status":"closed","ping_status":"closed","sticky":false,"template":"","format":"standard","meta":{"om_disable_all_campaigns":false,"_joinchat":[]},"categories":[4],"tags":[46,43,569],"featured_image_urls":{"full":["https:\/\/infotep.com.ar\/wp-content\/uploads\/2025\/10\/jardin.jpg",1000,666,false],"thumbnail":["https:\/\/infotep.com.ar\/wp-content\/uploads\/2025\/10\/jardin-150x150.jpg",150,150,true],"medium":["https:\/\/infotep.com.ar\/wp-content\/uploads\/2025\/10\/jardin-300x200.jpg",300,200,true],"medium_large":["https:\/\/infotep.com.ar\/wp-content\/uploads\/2025\/10\/jardin-768x511.jpg",768,511,true],"large":["https:\/\/infotep.com.ar\/wp-content\/uploads\/2025\/10\/jardin.jpg",1000,666,false],"1536x1536":["https:\/\/infotep.com.ar\/wp-content\/uploads\/2025\/10\/jardin.jpg",1000,666,false],"2048x2048":["https:\/\/infotep.com.ar\/wp-content\/uploads\/2025\/10\/jardin.jpg",1000,666,false],"blossom-feminine-slider":["https:\/\/infotep.com.ar\/wp-content\/uploads\/2025\/10\/jardin-1000x649.jpg",1000,649,true],"blossom-feminine-featured":["https:\/\/infotep.com.ar\/wp-content\/uploads\/2025\/10\/jardin-1000x600.jpg",1000,600,true],"blossom-feminine-with-sidebar":["https:\/\/infotep.com.ar\/wp-content\/uploads\/2025\/10\/jardin-1000x600.jpg",1000,600,true],"blossom-feminine-blog":["https:\/\/infotep.com.ar\/wp-content\/uploads\/2025\/10\/jardin-435x435.jpg",435,435,true],"blossom-feminine-cat":["https:\/\/infotep.com.ar\/wp-content\/uploads\/2025\/10\/jardin-450x300.jpg",450,300,true],"blossom-feminine-related":["https:\/\/infotep.com.ar\/wp-content\/uploads\/2025\/10\/jardin-320x200.jpg",320,200,true],"blossom-feminine-schema":["https:\/\/infotep.com.ar\/wp-content\/uploads\/2025\/10\/jardin-90x60.jpg",90,60,true],"blossom-mommy-blog-slider-big":["https:\/\/infotep.com.ar\/wp-content\/uploads\/2025\/10\/jardin-920x650.jpg",920,650,true],"blossom-mommy-blog-slider":["https:\/\/infotep.com.ar\/wp-content\/uploads\/2025\/10\/jardin-460x310.jpg",460,310,true],"blossom-mommy-blog-two":["https:\/\/infotep.com.ar\/wp-content\/uploads\/2025\/10\/jardin-768x480.jpg",768,480,true]},"author_info":{"info":["Angela Tobar"]},"category_info":"<a href=\"https:\/\/infotep.com.ar\/index.php\/category\/provinciales\/\" rel=\"category tag\">Provinciales<\/a>","tag_info":"Provinciales","comment_count":"0","_links":{"self":[{"href":"https:\/\/infotep.com.ar\/index.php\/wp-json\/wp\/v2\/posts\/37357"}],"collection":[{"href":"https:\/\/infotep.com.ar\/index.php\/wp-json\/wp\/v2\/posts"}],"about":[{"href":"https:\/\/infotep.com.ar\/index.php\/wp-json\/wp\/v2\/types\/post"}],"author":[{"embeddable":true,"href":"https:\/\/infotep.com.ar\/index.php\/wp-json\/wp\/v2\/users\/5"}],"replies":[{"embeddable":true,"href":"https:\/\/infotep.com.ar\/index.php\/wp-json\/wp\/v2\/comments?post=37357"}],"version-history":[{"count":1,"href":"https:\/\/infotep.com.ar\/index.php\/wp-json\/wp\/v2\/posts\/37357\/revisions"}],"predecessor-version":[{"id":37358,"href":"https:\/\/infotep.com.ar\/index.php\/wp-json\/wp\/v2\/posts\/37357\/revisions\/37358"}],"wp:featuredmedia":[{"embeddable":true,"href":"https:\/\/infotep.com.ar\/index.php\/wp-json\/wp\/v2\/media\/28779"}],"wp:attachment":[{"href":"https:\/\/infotep.com.ar\/index.php\/wp-json\/wp\/v2\/media?parent=37357"}],"wp:term":[{"taxonomy":"category","embeddable":true,"href":"https:\/\/infotep.com.ar\/index.php\/wp-json\/wp\/v2\/categories?post=37357"},{"taxonomy":"post_tag","embeddable":true,"href":"https:\/\/infotep.com.ar\/index.php\/wp-json\/wp\/v2\/tags?post=37357"}],"curies":[{"name":"wp","href":"https:\/\/api.w.org\/{rel}","templated":true}]}}