{"id":37359,"date":"2026-09-03T19:48:30","date_gmt":"2026-09-03T22:48:30","guid":{"rendered":"https:\/\/infotep.com.ar\/?p=37359"},"modified":"2026-09-03T19:48:31","modified_gmt":"2026-09-03T22:48:31","slug":"descalzo-en-momentos-donde-muchos-instan-a-fragmentar-y-dividir-necesitamos-reconstruir-colectivamente","status":"publish","type":"post","link":"https:\/\/infotep.com.ar\/index.php\/2026\/09\/03\/descalzo-en-momentos-donde-muchos-instan-a-fragmentar-y-dividir-necesitamos-reconstruir-colectivamente\/","title":{"rendered":"Descalzo: \u201cEn momentos donde muchos instan a fragmentar y dividir, necesitamos reconstruir colectivamente\u201d"},"content":{"rendered":"\n<p>El Intendente de Ituzaing\u00f3, Pablo Descalzo, particip\u00f3 del espacio de trabajo convocado por el gobernador de la provincia de Buenos Aires, Axel Kicillof junto a la jefa de Asesores Cristina \u00c1lvarez Rodr\u00edguez, intendentes, ministros y representantes de la iglesia; para coordinar las tareas de apoyo en la realizaci\u00f3n de la 52\u00b0 Peregrinaci\u00f3n Juvenil a Luj\u00e1n que se realizar\u00e1 el pr\u00f3ximo 3 y 4 de octubre.<\/p>\n\n\n\n<p>Durante la jornada, el gobierno provincial explic\u00f3 tambi\u00e9n el avance del trabajo que se est\u00e1 llevando adelante para la visita del Papa Le\u00f3n XIV en noviembre.<\/p>\n\n\n\n<p>&#8220;La peregrinaci\u00f3n a Luj\u00e1n siempre ha sido un enorme acontecimiento de fe y encuentro para las familias de nuestra provincia y de todo el pa\u00eds, pero en esta oportunidad tiene un significado profundamente especial al ser previa a la hist\u00f3rica llegada del Papa Le\u00f3n XIV a la Argentina\u201d, resalt\u00f3 el mandatario bonaerense.<\/p>\n\n\n\n<p><strong>En ese marco, se\u00f1al\u00f3: \u201cAsumimos esta tarea con un compromiso y una responsabilidad gigantesca, poniendo a disposici\u00f3n para la organizaci\u00f3n todas las \u00e1reas del Gobierno bonaerense\u201d, sostuvo Kicillof, y a\u00f1adi\u00f3: \u201cLa magnitud de este acontecimiento nos exige trabajar a conciencia, articulando de manera generosa entre las distintas jurisdicciones y organismos con un \u00fanico objetivo: garantizar las condiciones para que nuestro pueblo pueda vivir y disfrutar de un verdadero hecho hist\u00f3rico&#8221;.<\/strong><\/p>\n\n\n\n<p>Por su parte, Alvarez Rodr\u00edguez destac\u00f3: &#8220;lo que trae esta peregrinaci\u00f3n como mensaje central es la construcci\u00f3n de hermandad, fraternidad, comunidad de un pueblo. Un pueblo de fe que construye desde ese lugar profundos lazos de hermandad en un mundo que parece que va a para otro lado&#8221;.<\/p>\n\n\n\n<p class=\"has-light-green-cyan-background-color has-background\">En tanto, Pablo Descalzo destac\u00f3 que \u201cla Peregrinaci\u00f3n es uno de los pocos espacios de encuentro que nos acercan a todos al camino de la fe, de la esperanza, y sobre todo en momentos donde muchos instan a fragmentar y dividir, lo que hace el gobierno bonaerense y los distintos gobiernos municipales que estuvimos reunidos hoy junto con la Iglesia y las organizaciones sociales es buscar que este acto de Fe sea el principio de la reconstrucci\u00f3n colectiva, de los lazos solidarios y la fraternidad\u201d.<\/p>\n\n\n\n<p>\u201cImaginamos adem\u00e1s, que ser\u00e1 multitudinaria, no s\u00f3lo por el momento que vivimos, sino porque es la antesala de la visita del Papa a la Argentina y motiva aun m\u00e1s\u201d, agreg\u00f3.<\/p>\n\n\n\n<p>En 2022, el gobierno bonaerense estableci\u00f3 la normativa y requerimientos para que el Estado provincial asista la organizaci\u00f3n de peregrinaciones masivas en su territorio a trav\u00e9s de la resoluci\u00f3n 1.469. De este modo, se garantiza el desarrollo de las mismas en las mejores condiciones de seguridad, cuidado y acompa\u00f1amiento.<\/p>\n\n\n\n<p>La Peregrinaci\u00f3n Juvenil a Luj\u00e1n es el evento religioso m\u00e1s masivo del pa\u00eds y se realiza de forma ininterrumpida desde 1975. Atraviesa los municipios bonaerenses de Tres de Febrero, La Matanza, Mor\u00f3n, Ituzaing\u00f3, Merlo, Moreno y General Rodr\u00edguez.<\/p>\n","protected":false},"excerpt":{"rendered":"<p>El Intendente de Ituzaing&oacute;, Pablo Descalzo, particip&oacute; del espacio de trabajo convocado por el gobernador de la provincia de Buenos Aires, Axel Kicillof junto a la jefa de Asesores Cristina &Aacute;lvarez Rodr&iacute;guez, intendentes, ministros y representantes de la iglesia; para coordinar las tareas de apoyo en la realizaci&oacute;n de la 52&deg; Peregrinaci&oacute;n Juvenil a Luj&aacute;n &hellip; <\/p>\n","protected":false},"author":5,"featured_media":37346,"comment_status":"closed","ping_status":"closed","sticky":false,"template":"","format":"standard","meta":{"om_disable_all_campaigns":false,"_joinchat":[]},"categories":[31,8],"tags":[46,51,43,569],"featured_image_urls":{"full":["https:\/\/infotep.com.ar\/wp-content\/uploads\/2026\/09\/reunion-organizativa.jpg",650,432,false],"thumbnail":["https:\/\/infotep.com.ar\/wp-content\/uploads\/2026\/09\/reunion-organizativa-150x150.jpg",150,150,true],"medium":["https:\/\/infotep.com.ar\/wp-content\/uploads\/2026\/09\/reunion-organizativa-300x199.jpg",300,199,true],"medium_large":["https:\/\/infotep.com.ar\/wp-content\/uploads\/2026\/09\/reunion-organizativa.jpg",650,432,false],"large":["https:\/\/infotep.com.ar\/wp-content\/uploads\/2026\/09\/reunion-organizativa.jpg",650,432,false],"1536x1536":["https:\/\/infotep.com.ar\/wp-content\/uploads\/2026\/09\/reunion-organizativa.jpg",650,432,false],"2048x2048":["https:\/\/infotep.com.ar\/wp-content\/uploads\/2026\/09\/reunion-organizativa.jpg",650,432,false],"blossom-feminine-slider":["https:\/\/infotep.com.ar\/wp-content\/uploads\/2026\/09\/reunion-organizativa.jpg",650,432,false],"blossom-feminine-featured":["https:\/\/infotep.com.ar\/wp-content\/uploads\/2026\/09\/reunion-organizativa.jpg",650,432,false],"blossom-feminine-with-sidebar":["https:\/\/infotep.com.ar\/wp-content\/uploads\/2026\/09\/reunion-organizativa.jpg",650,432,false],"blossom-feminine-blog":["https:\/\/infotep.com.ar\/wp-content\/uploads\/2026\/09\/reunion-organizativa-435x432.jpg",435,432,true],"blossom-feminine-cat":["https:\/\/infotep.com.ar\/wp-content\/uploads\/2026\/09\/reunion-organizativa-450x300.jpg",450,300,true],"blossom-feminine-related":["https:\/\/infotep.com.ar\/wp-content\/uploads\/2026\/09\/reunion-organizativa-320x200.jpg",320,200,true],"blossom-feminine-schema":["https:\/\/infotep.com.ar\/wp-content\/uploads\/2026\/09\/reunion-organizativa-90x60.jpg",90,60,true],"blossom-mommy-blog-slider-big":["https:\/\/infotep.com.ar\/wp-content\/uploads\/2026\/09\/reunion-organizativa.jpg",650,432,false],"blossom-mommy-blog-slider":["https:\/\/infotep.com.ar\/wp-content\/uploads\/2026\/09\/reunion-organizativa-460x310.jpg",460,310,true],"blossom-mommy-blog-two":["https:\/\/infotep.com.ar\/wp-content\/uploads\/2026\/09\/reunion-organizativa.jpg",650,432,false]},"author_info":{"info":["Angela Tobar"]},"category_info":"<a href=\"https:\/\/infotep.com.ar\/index.php\/category\/destacadas\/\" rel=\"category tag\">Destacadas<\/a> <a href=\"https:\/\/infotep.com.ar\/index.php\/category\/municipales\/ituzaingo\/\" rel=\"category tag\">Ituzaing\u00f3<\/a>","tag_info":"Ituzaing\u00f3","comment_count":"0","_links":{"self":[{"href":"https:\/\/infotep.com.ar\/index.php\/wp-json\/wp\/v2\/posts\/37359"}],"collection":[{"href":"https:\/\/infotep.com.ar\/index.php\/wp-json\/wp\/v2\/posts"}],"about":[{"href":"https:\/\/infotep.com.ar\/index.php\/wp-json\/wp\/v2\/types\/post"}],"author":[{"embeddable":true,"href":"https:\/\/infotep.com.ar\/index.php\/wp-json\/wp\/v2\/users\/5"}],"replies":[{"embeddable":true,"href":"https:\/\/infotep.com.ar\/index.php\/wp-json\/wp\/v2\/comments?post=37359"}],"version-history":[{"count":1,"href":"https:\/\/infotep.com.ar\/index.php\/wp-json\/wp\/v2\/posts\/37359\/revisions"}],"predecessor-version":[{"id":37361,"href":"https:\/\/infotep.com.ar\/index.php\/wp-json\/wp\/v2\/posts\/37359\/revisions\/37361"}],"wp:featuredmedia":[{"embeddable":true,"href":"https:\/\/infotep.com.ar\/index.php\/wp-json\/wp\/v2\/media\/37346"}],"wp:attachment":[{"href":"https:\/\/infotep.com.ar\/index.php\/wp-json\/wp\/v2\/media?parent=37359"}],"wp:term":[{"taxonomy":"category","embeddable":true,"href":"https:\/\/infotep.com.ar\/index.php\/wp-json\/wp\/v2\/categories?post=37359"},{"taxonomy":"post_tag","embeddable":true,"href":"https:\/\/infotep.com.ar\/index.php\/wp-json\/wp\/v2\/tags?post=37359"}],"curies":[{"name":"wp","href":"https:\/\/api.w.org\/{rel}","templated":true}]}}