{"id":37376,"date":"2026-09-04T09:45:05","date_gmt":"2026-09-04T12:45:05","guid":{"rendered":"https:\/\/infotep.com.ar\/?p=37376"},"modified":"2026-09-04T09:45:06","modified_gmt":"2026-09-04T12:45:06","slug":"criticas-de-la-oposicion-a-milei-por-el-mensaje-de-malvinas-busca-galtierizar-su-figura","status":"publish","type":"post","link":"https:\/\/infotep.com.ar\/index.php\/2026\/09\/04\/criticas-de-la-oposicion-a-milei-por-el-mensaje-de-malvinas-busca-galtierizar-su-figura\/","title":{"rendered":"Cr\u00edticas de la oposici\u00f3n a Milei por el mensaje de Malvinas: busca \u201cgaltierizar\u201d su figura"},"content":{"rendered":"\n<p>En referencia a Leopoldo Fortunato Galtieri, \u00faltimo mandatario de la dictadura militar que le declar\u00f3 la guerra a Gran Breta\u00f1a por la toma del archipi\u00e9lago.<br><br>Referentes del arco opositor al Gobierno nacional criticaron noche el mensaje en cadena nacional que dio el presidente Javier Milei por el reclamo de soberan\u00eda de las Islas Malvinas, <strong>tras acusarlo de &#8220;prestar servicios para los Estados Unidos&#8221; y querer &#8220;galtierizar&#8221; su figura, en referencia a Leopoldo Fortunato Galtieri, \u00faltimo mandatario de la dictadura militar que le declar\u00f3 la guerra a Gran Breta\u00f1a por la toma del archipi\u00e9lago.<\/strong><\/p>\n\n\n\n<p class=\"has-light-green-cyan-background-color has-background\">El ex canciller Jorge Taiana asegur\u00f3 en su cuenta de X que &#8220;tras 3 a\u00f1os de persistente desmalvinizaci\u00f3n, Milei anuncia medidas que llegan tarde, despu\u00e9s de haber flexibilizado normas y hecho concesiones que facilitaron el avance del Reino Unido sobre nuestros intereses&#8221;.<\/p>\n\n\n\n<p><strong>&#8220;Con este posicionamiento, Milei busca \u2018galtierizar\u2019 su figura para recuperar espacio ante el pueblo argentino. Utilizar la Causa Malvinas para crear un Consejo de Seguridad, en el marco de la estrategia contrainsurgente del \u2018Escudo de las Am\u00e9ricas\u2019, resulta peligroso. Las actividades de exploraci\u00f3n y explotaci\u00f3n en Malvinas ya tienen previstas sanciones en las leyes 26.659 y 26.915&#8221;, indic\u00f3 Taiana.<\/strong><\/p>\n\n\n\n<p>Cr\u00edticas de la oposici\u00f3n a Milei por el mensaje de Malvinas: busca \u201cgaltierizar\u201d su figura<br>El tambi\u00e9n ex titular de la cartera castrense durante la gesti\u00f3n de Alberto Fern\u00e1ndez entre 2021 y 2023, agreg\u00f3: &#8220;<strong>Sobre la Base Naval Integrada de Ushuaia: la comenzamos a construir en 2022, cuando era ministro de Defensa, y nunca fue pensada para compartir con ning\u00fan pa\u00eds extranjero&#8221;.<\/strong><\/p>\n\n\n\n<p>Por su parte, la diputada nacional del Frente de Izquierda Myriam Bregman tambi\u00e9n cuestion\u00f3 a Milei en X al graficar: &#8220;Le hackearon las neuronas o <strong>Estados Unidos lo est\u00e1 usando como enviado para provocar a Gran Breta\u00f1a en su actual disputa entre piratas<\/strong>. Se lo escribieron en el Pent\u00e1gono&#8221;.<\/p>\n\n\n\n<p><br>En tanto, su colega partidario Nicol\u00e1s del Ca\u00f1o asegur\u00f3 que el jefe de Estado<strong> &#8220;quiere utilizar el leg\u00edtimo reclamo de soberan\u00eda sobre las Islas Malvinas para recuperar terreno de cara al a\u00f1o electoral <\/strong>y prestar sus servicios a Estados Unidos en su disputa con Gran Breta\u00f1a&#8221;.<\/p>\n\n\n\n<p>&#8220;El admirador confeso de la criminal de guerra Margaret Thatcher es un t\u00edtere de Trump. Fuera ingleses de Malvinas. Fuera yanquis de Am\u00e9rica Latina&#8221;, a\u00f1adi\u00f3 en su cuenta de X.<br><br>El ministro de Gobierno bonaerense Carlos &#8220;Carli&#8221; Bianco remarc\u00f3 que <strong>&#8220;267 d\u00edas tard\u00f3 el fan de Thatcher en cumplir la ley&#8221; y sostuvo que &#8220;ahora lo hace de manera oportunista&#8221;.<\/strong><\/p>\n\n\n\n<p><br>Desde la Provincia de Buenos Aires denunciamos desde el primer d\u00eda la decisi\u00f3n de Navitas y Rockhopper de invertir en la explotaci\u00f3n de Sea Lion en la Cuenca Malvinas Norte, anunciada el 10 de diciembre de 2025. El proyecto avanz\u00f3 con una inversi\u00f3n prevista de US$1.800 millones, cerr\u00f3 su financiamiento, inici\u00f3 obras en las Islas y prepar\u00f3 un buque para producir unos 50.000 barriles diarios, con posibilidad de ampliarlo a 180.000, seg\u00fan public\u00f3 el funcionario en su cuenta de X.<\/p>\n\n\n\n<p><strong>Bianco record\u00f3 que la ley 26.659 proh\u00edbe participar, financiar o prestar servicios para actividades hidrocarbur\u00edferas no autorizadas en la plataforma continental argentina y permite inhabilitar a quienes la infrinjan por hasta 20 a\u00f1os. Se\u00f1al\u00f3 que en 2022 el Estado aplic\u00f3 esa ley contra Navitas, inhabilit\u00e1ndola por veinte a\u00f1os.<\/strong><\/p>\n\n\n\n<p>El funcionario cuestion\u00f3 que, casi nueve meses despu\u00e9s, el Gobierno nacional anunciara reci\u00e9n ahora una medida administrativa y pregunt\u00f3 por qu\u00e9 se dej\u00f3 pasar tanto tiempo mientras el proyecto avanzaba: <strong>\u201c\u00bfSer\u00e1 porque durante su gobierno se dedic\u00f3 a expresar su admiraci\u00f3n por Margaret Thatcher, recibir a Boris Johnson en la Casa Rosada, firmar el pacto Mondino-Lammy para cooperar con la potencia ocupante y aliarse incondicionalmente con Netanyahu?\u201d.<\/strong><\/p>\n\n\n\n<p>Bianco sostuvo que la defensa de la soberan\u00eda en el Atl\u00e1ntico Sur requiere \u201cresponsabilidad e inteligencia estrat\u00e9gica\u201d, anticipaci\u00f3n y uso de las herramientas del Estado. A\u00f1adi\u00f3 que desde diciembre de 2027 la Argentina debe enfocarse en \u201cromper el statu quo de la ocupaci\u00f3n brit\u00e1nica, elevar en todos los frentes el costo material, pol\u00edtico, diplom\u00e1tico y simb\u00f3lico de esa ocupaci\u00f3n, desarmar el andamiaje econ\u00f3mico y comercial que la sostiene y aumentar la presi\u00f3n bilateral, regional y global sobre el Reino Unido para que cumpla con el derecho internacional\u201d.<\/p>\n\n\n\n<p><strong>Por su parte, Hern\u00e1n Reyes, miembro de la Mesa Nacional de la Coalici\u00f3n C\u00edvica ARI y ex legislador porte\u00f1o, afirm\u00f3 que \u201cse viene el libertonacionalismo\u201d,<\/strong> con \u201csobreactuaciones de todo tipo, promesas de resistencia y delirios de grandeza\u201d. Critic\u00f3 la pol\u00edtica exterior del presidente: <strong>\u201cNo hay pol\u00edtica exterior: hay obediencia a Trump, que, l\u00f3gicamente, piensa en sus intereses y no en los nuestros. Milei no es cre\u00edble. Pero es el presidente. Su postura no es seria, pero el tema es sensible\u201d.<\/strong><br><br>Reyes indic\u00f3 que, ante este escenario, la pol\u00edtica deber\u00e1 actuar con responsabilidad e inteligencia, debatir y fijar posiciones que defiendan el inter\u00e9s nacional sin caer en especulaciones de corto plazo, y reiter\u00f3: \u201cLas Malvinas son y ser\u00e1n argentinas\u201d.<\/p>\n\n\n\n<p>En tanto, el diputado nacional por Provincias Unidas Pablo Juliano afirm\u00f3: <strong>&#8220;Bienvenido a la defensa de la soberan\u00eda, se\u00f1or presidente. Llega 3 a\u00f1os tard<\/strong>e, para ponerse al d\u00eda primero <strong>le pedimos que: 1) Convoque al Consejo Nacional de Malvinas, creado por la Ley 27.558 y que usted mismo debe presidir (lleva m\u00e1s de 2 a\u00f1os sin funcionar); 2) D\u00e9 marcha atr\u00e1s con la venta de los predios de la Armada en Ushuaia y con el vaciamiento operativo de la Base Aeronaval Punta Indio; 3) Restituya el financiamiento espec\u00edfico del Fondo Nacional de Defensa (FONDEF), que su Presupuesto 2026 elimin\u00f3; 4) Y deje de desfinanciar nuestra presencia cient\u00edfica y log\u00edstica en la Ant\u00e1rtida. Garantice el abastecimiento y las obras de nuestras bases&#8221;.<\/strong><\/p>\n\n\n\n<p>Cr\u00edticas de la oposici\u00f3n a Milei por el mensaje de Malvinas: busca \u201cgaltierizar\u201d su figura<br>&#8220;Respecto del proyecto de ley anunciado, lo estudiaremos con seriedad. Le pedimos al oficialismo un debate sereno. Sin empujones ni victorias p\u00edrricas. Una pol\u00edtica de Estado exige acuerdos amplios y duraderos&#8221;, cerr\u00f3 Juliano.<\/p>\n","protected":false},"excerpt":{"rendered":"<p>En referencia a Leopoldo Fortunato Galtieri, &uacute;ltimo mandatario de la dictadura militar que le declar&oacute; la guerra a Gran Breta&ntilde;a por la toma del archipi&eacute;lago. Referentes del arco opositor al Gobierno nacional criticaron noche el mensaje en cadena nacional que dio el presidente Javier Milei por el reclamo de soberan&iacute;a de las Islas Malvinas, tras &hellip; <\/p>\n","protected":false},"author":5,"featured_media":33902,"comment_status":"closed","ping_status":"closed","sticky":false,"template":"","format":"standard","meta":{"om_disable_all_campaigns":false,"_joinchat":[]},"categories":[31,3],"tags":[569],"featured_image_urls":{"full":["https:\/\/infotep.com.ar\/wp-content\/uploads\/2026\/04\/milei-puteando-a-periodistas.webp",1080,720,false],"thumbnail":["https:\/\/infotep.com.ar\/wp-content\/uploads\/2026\/04\/milei-puteando-a-periodistas-150x150.webp",150,150,true],"medium":["https:\/\/infotep.com.ar\/wp-content\/uploads\/2026\/04\/milei-puteando-a-periodistas-300x200.webp",300,200,true],"medium_large":["https:\/\/infotep.com.ar\/wp-content\/uploads\/2026\/04\/milei-puteando-a-periodistas-768x512.webp",768,512,true],"large":["https:\/\/infotep.com.ar\/wp-content\/uploads\/2026\/04\/milei-puteando-a-periodistas-1024x683.webp",1020,680,true],"1536x1536":["https:\/\/infotep.com.ar\/wp-content\/uploads\/2026\/04\/milei-puteando-a-periodistas.webp",1080,720,false],"2048x2048":["https:\/\/infotep.com.ar\/wp-content\/uploads\/2026\/04\/milei-puteando-a-periodistas.webp",1080,720,false],"blossom-feminine-slider":["https:\/\/infotep.com.ar\/wp-content\/uploads\/2026\/04\/milei-puteando-a-periodistas-1080x649.webp",1080,649,true],"blossom-feminine-featured":["https:\/\/infotep.com.ar\/wp-content\/uploads\/2026\/04\/milei-puteando-a-periodistas-1080x600.webp",1080,600,true],"blossom-feminine-with-sidebar":["https:\/\/infotep.com.ar\/wp-content\/uploads\/2026\/04\/milei-puteando-a-periodistas-1020x600.webp",1020,600,true],"blossom-feminine-blog":["https:\/\/infotep.com.ar\/wp-content\/uploads\/2026\/04\/milei-puteando-a-periodistas-435x435.webp",435,435,true],"blossom-feminine-cat":["https:\/\/infotep.com.ar\/wp-content\/uploads\/2026\/04\/milei-puteando-a-periodistas-450x300.webp",450,300,true],"blossom-feminine-related":["https:\/\/infotep.com.ar\/wp-content\/uploads\/2026\/04\/milei-puteando-a-periodistas-320x200.webp",320,200,true],"blossom-feminine-schema":["https:\/\/infotep.com.ar\/wp-content\/uploads\/2026\/04\/milei-puteando-a-periodistas-90x60.webp",90,60,true],"blossom-mommy-blog-slider-big":["https:\/\/infotep.com.ar\/wp-content\/uploads\/2026\/04\/milei-puteando-a-periodistas-920x650.webp",920,650,true],"blossom-mommy-blog-slider":["https:\/\/infotep.com.ar\/wp-content\/uploads\/2026\/04\/milei-puteando-a-periodistas-460x310.webp",460,310,true],"blossom-mommy-blog-two":["https:\/\/infotep.com.ar\/wp-content\/uploads\/2026\/04\/milei-puteando-a-periodistas-768x480.webp",768,480,true]},"author_info":{"info":["Angela Tobar"]},"category_info":"<a href=\"https:\/\/infotep.com.ar\/index.php\/category\/destacadas\/\" rel=\"category tag\">Destacadas<\/a> <a href=\"https:\/\/infotep.com.ar\/index.php\/category\/nacionales\/\" rel=\"category tag\">Nacionales<\/a>","tag_info":"Nacionales","comment_count":"0","_links":{"self":[{"href":"https:\/\/infotep.com.ar\/index.php\/wp-json\/wp\/v2\/posts\/37376"}],"collection":[{"href":"https:\/\/infotep.com.ar\/index.php\/wp-json\/wp\/v2\/posts"}],"about":[{"href":"https:\/\/infotep.com.ar\/index.php\/wp-json\/wp\/v2\/types\/post"}],"author":[{"embeddable":true,"href":"https:\/\/infotep.com.ar\/index.php\/wp-json\/wp\/v2\/users\/5"}],"replies":[{"embeddable":true,"href":"https:\/\/infotep.com.ar\/index.php\/wp-json\/wp\/v2\/comments?post=37376"}],"version-history":[{"count":1,"href":"https:\/\/infotep.com.ar\/index.php\/wp-json\/wp\/v2\/posts\/37376\/revisions"}],"predecessor-version":[{"id":37377,"href":"https:\/\/infotep.com.ar\/index.php\/wp-json\/wp\/v2\/posts\/37376\/revisions\/37377"}],"wp:featuredmedia":[{"embeddable":true,"href":"https:\/\/infotep.com.ar\/index.php\/wp-json\/wp\/v2\/media\/33902"}],"wp:attachment":[{"href":"https:\/\/infotep.com.ar\/index.php\/wp-json\/wp\/v2\/media?parent=37376"}],"wp:term":[{"taxonomy":"category","embeddable":true,"href":"https:\/\/infotep.com.ar\/index.php\/wp-json\/wp\/v2\/categories?post=37376"},{"taxonomy":"post_tag","embeddable":true,"href":"https:\/\/infotep.com.ar\/index.php\/wp-json\/wp\/v2\/tags?post=37376"}],"curies":[{"name":"wp","href":"https:\/\/api.w.org\/{rel}","templated":true}]}}