{"id":37382,"date":"2026-09-05T00:05:00","date_gmt":"2026-09-05T03:05:00","guid":{"rendered":"https:\/\/infotep.com.ar\/?p=37382"},"modified":"2026-09-04T22:29:37","modified_gmt":"2026-09-05T01:29:37","slug":"alerta-en-ituzaingo-aumento-el-pedido-de-asistencia-alimentaria-y-preparan-un-operativo-ante-el-supernino","status":"publish","type":"post","link":"https:\/\/infotep.com.ar\/index.php\/2026\/09\/05\/alerta-en-ituzaingo-aumento-el-pedido-de-asistencia-alimentaria-y-preparan-un-operativo-ante-el-supernino\/","title":{"rendered":"Alerta en Ituzaing\u00f3: aument\u00f3 el pedido de asistencia alimentaria y preparan un operativo ante el Superni\u00f1o"},"content":{"rendered":"\n<p>El municipio asiste a 35.000 personas a trav\u00e9s del Plan Alimentario Municipal y recibi\u00f3 1.200 nuevas solicitudes durante el \u00faltimo mes. El dato que encendi\u00f3 la alarma es que la demanda crece en barrios de clase media y media-baja, entre familias que tienen trabajo o realizan changas pero no logran llegar a fin de mes. En paralelo, el distrito refuerza recursos ante la posibilidad de temporales intensos asociados al fen\u00f3meno de El Ni\u00f1o.<\/p>\n\n\n\n<p>La crisis econ\u00f3mica est\u00e1 modificando el mapa de la asistencia social en Ituzaing\u00f3. A las familias que hist\u00f3ricamente requirieron ayuda se suman ahora hogares de sectores de clase media y media-baja, cuyos ingresos ya no alcanzan para cubrir los gastos b\u00e1sicos.<\/p>\n\n\n\n<p><strong>El municipio actualmente brinda asistencia alimentaria a 35.000 personas y trabaja adem\u00e1s con 50 centros comunitarios. Durante el \u00faltimo mes se registraron 1.200 nuevas solicitudes de ingreso al programa.<\/strong><\/p>\n\n\n\n<p class=\"has-light-green-cyan-background-color has-background\">El secretario de Desarrollo Humano de Ituzaing\u00f3, Nahuel Segovia, destac\u00f3 en di\u00e1logo con Todo es Pol\u00edtica que el crecimiento de la demanda comienza a observarse en zonas que anteriormente presentaban menores niveles de requerimiento alimentario.<\/p>\n\n\n\n<p>\u201cLas nuevas familias que ingresan\u2026 Nosotros venimos haciendo un trabajo de censo donde se nos incrementa la demanda y, por ejemplo, porcentualmente ha crecido mucho la demanda en la zona de Villa Ariza, en Pilar, que son sectores, si se quiere, m\u00e1s de clase media o media-baja respectivamente\u201d, explic\u00f3.<\/p>\n\n\n\n<p>Segovia diferenci\u00f3 esta situaci\u00f3n de la que se registra en barrios donde la vulnerabilidad social hist\u00f3ricamente es mayor. \u201cEs diferente, por ejemplo, a zonas m\u00e1s cr\u00edticas como San Alberto o Barrio Nuevo Villa Udaondo. Porcentualmente, en los sectores de clase media o media-baja se viene incrementando la demanda alimentaria\u201d, se\u00f1al\u00f3.<\/p>\n\n\n\n<p class=\"has-light-green-cyan-background-color has-background\"><strong>Familias con trabajo que no llegan a fin de mes<\/strong><\/p>\n\n\n\n<p>Uno de los datos centrales del relevamiento municipal es que muchas de las nuevas familias que solicitan asistencia no est\u00e1n desocupadas. Se trata de personas con empleos, changas o alg\u00fan ingreso que, ante el aumento del costo de vida, ya no pueden garantizar la alimentaci\u00f3n de sus hogares.<\/p>\n\n\n\n<p>\u201cS\u00ed, son personas que en general tienen un trabajo, changas, y ya se les hace muy dif\u00edcil\u201d, sostuvo Segovia.<\/p>\n\n\n\n<p>El funcionario explic\u00f3 que los ingresos familiares quedan cada vez m\u00e1s comprometidos por los gastos fijos. \u201cMuchas familias que tienen alg\u00fan tipo de ingreso tienen que tambi\u00e9n solicitar esta ayuda alimentaria porque la mayor parte de los ingresos se les va en los servicios\u201d, afirm\u00f3.<\/p>\n\n\n\n<p>Alquileres, servicios y transporte forman parte de los gastos que reducen el dinero disponible para comprar alimentos. \u201cParte de su ingreso se va en los servicios y les cuesta llegar alimentariamente a fin de mes. Estamos hablando de que no son solo desocupados o familias que no encuentran trabajo las que est\u00e1n pidiendo esta asistencia\u201d, remarc\u00f3.<\/p>\n\n\n\n<p>El incremento de la demanda tambi\u00e9n representa un desaf\u00edo para el municipio. \u201cEs much\u00edsimo m\u00e1s la asistencia que estamos dando. Se viene incrementando progresivamente. Este mes tuvimos una solicitud de 1.200 nuevos ingresos al programa alimentario municipal\u201d, detall\u00f3.<\/p>\n\n\n\n<p class=\"has-light-green-cyan-background-color has-background\"><strong>La preparaci\u00f3n ante el Superni\u00f1o<\/strong><\/p>\n\n\n\n<p>Mientras crece la demanda social, el municipio tambi\u00e9n comenz\u00f3 a prepararse ante la posibilidad de que el fen\u00f3meno de El Ni\u00f1o, denominado Superni\u00f1o en algunos pron\u00f3sticos, genere condiciones clim\u00e1ticas m\u00e1s intensas de lo habitual.<\/p>\n\n\n\n<p>La preocupaci\u00f3n est\u00e1 vinculada a la posibilidad de fuertes lluvias y temporales y al antecedente del tornado que afect\u00f3 al distrito. Por eso, Desarrollo Humano trabaja junto con Defensa Civil y Servicios P\u00fablicos en un esquema de respuesta coordinada.<\/p>\n\n\n\n<p><strong>\u201cTodos sabemos que se est\u00e1 por venir el fen\u00f3meno del Ni\u00f1o, o el Superni\u00f1o, como le dicen. Es un fen\u00f3meno clim\u00e1tico de todos los a\u00f1os, pareciera que este a\u00f1o va a ser m\u00e1s fuerte de lo normal, y nosotros desde nuestra secretar\u00eda nos estamos preparando para afrontar en caso de que este fen\u00f3meno nos pegue en Ituzaing\u00f3\u201d, explic\u00f3 Segovia.<\/strong><\/p>\n\n\n\n<p>El municipio busca contar con un stock de chapas, membranas y colchones para responder ante posibles da\u00f1os y asistir a las familias afectadas.<\/p>\n\n\n\n<p>\u201cA pesar de eso, nosotros con un esfuerzo y con una decisi\u00f3n de Pablo Descalzo, nuestro intendente, estamos poniendo una parte de nuestro presupuesto municipal tambi\u00e9n en poder comprar estas cosas. No queremos estar desprevenidos\u201d, afirm\u00f3.<\/p>\n\n\n\n<p>La estrategia contempla adem\u00e1s la articulaci\u00f3n con la Provincia de Buenos Aires, que incrementar\u00e1 los recursos destinados a la compra de materiales de asistencia.<\/p>\n\n\n\n<p>\u201cEstamos articulando con Defensa Civil del municipio y con Servicios P\u00fablicos, en un comando \u00fanico, si se quiere, que en caso de que pase lo que no queremos que pase, poder estar coordinados para asistir a los vecinos y a las vecinas\u201d, explic\u00f3 el funcionario.<\/p>\n\n\n\n<p>El objetivo es disponer de recursos suficientes para responder r\u00e1pidamente ante una emergencia. \u201cLa idea es poder estar articulados y tener un stock suficiente como para asistir a much\u00edsimas familias, a miles de familias\u201d, sostuvo.<\/p>\n\n\n\n<p class=\"has-light-green-cyan-background-color has-background\"><strong>Menos recursos para atender una demanda que crece<\/strong><\/p>\n\n\n\n<p>Segovia tambi\u00e9n cuestion\u00f3 la falta de asistencia del Gobierno nacional y advirti\u00f3 que la situaci\u00f3n econ\u00f3mica impacta directamente sobre las cuentas municipales.<\/p>\n\n\n\n<p>\u201cEstamos hablando de un gobierno nacional que se corri\u00f3 demasiado, se corri\u00f3 para asistir, pero est\u00e1 presente para reprimir. Hay plata para balas de goma, gases lacrim\u00f3genos, para los operativos de seguridad, pero no hay plata, por ejemplo, para mandarnos chapas, membranas o colchones\u201d, cuestion\u00f3.<\/p>\n\n\n\n<p>A la vez, explic\u00f3 que la crisis econ\u00f3mica tambi\u00e9n reduce los ingresos propios del municipio. \u201cSabemos que el municipio, con toda esta crisis, recauda menos. Sabemos que lo primero que dejan de pagar nuestros vecinos son las tasas municipales. Entonces, la crisis afecta a todos, al municipio tambi\u00e9n\u201d, se\u00f1al\u00f3.<\/p>\n\n\n\n<p>Sobre la situaci\u00f3n provincial, sostuvo que la reducci\u00f3n de recursos obliga a administrar con mayor precisi\u00f3n. \u201cLa coparticipaci\u00f3n se ha reducido, es casi nula. Eso hace que haya que pensar bien siempre y hay que ser muy fino a la hora de utilizar los recursos que sabemos que son los recursos de nuestros vecinos\u201d, afirm\u00f3.<\/p>\n\n\n\n<figure class=\"wp-block-embed is-type-video is-provider-youtube wp-block-embed-youtube wp-embed-aspect-16-9 wp-has-aspect-ratio\"><div class=\"wp-block-embed__wrapper\">\n<iframe loading=\"lazy\" title=\"\ud83d\udd34Todo Es Pol\u00edtica | La Radio P\u00fablica del Oeste 89.3\" width=\"1020\" height=\"574\" src=\"https:\/\/www.youtube.com\/embed\/IqRShjtFNyo?start=342&#038;feature=oembed\" frameborder=\"0\" allow=\"accelerometer; autoplay; clipboard-write; encrypted-media; gyroscope; picture-in-picture; web-share\" referrerpolicy=\"strict-origin-when-cross-origin\" allowfullscreen><\/iframe>\n<\/div><\/figure>\n","protected":false},"excerpt":{"rendered":"<p>El municipio asiste a 35.000 personas a trav&eacute;s del Plan Alimentario Municipal y recibi&oacute; 1.200 nuevas solicitudes durante el &uacute;ltimo mes. El dato que encendi&oacute; la alarma es que la demanda crece en barrios de clase media y media-baja, entre familias que tienen trabajo o realizan changas pero no logran llegar a fin de mes. &hellip; <\/p>\n","protected":false},"author":5,"featured_media":37383,"comment_status":"closed","ping_status":"closed","sticky":false,"template":"","format":"standard","meta":{"om_disable_all_campaigns":false,"_joinchat":[]},"categories":[31,8],"tags":[46,51,43,569],"featured_image_urls":{"full":["https:\/\/infotep.com.ar\/wp-content\/uploads\/2026\/09\/WhatsApp-Image-2026-09-04-at-10.28.41-PM.jpeg",1125,627,false],"thumbnail":["https:\/\/infotep.com.ar\/wp-content\/uploads\/2026\/09\/WhatsApp-Image-2026-09-04-at-10.28.41-PM-150x150.jpeg",150,150,true],"medium":["https:\/\/infotep.com.ar\/wp-content\/uploads\/2026\/09\/WhatsApp-Image-2026-09-04-at-10.28.41-PM-300x167.jpeg",300,167,true],"medium_large":["https:\/\/infotep.com.ar\/wp-content\/uploads\/2026\/09\/WhatsApp-Image-2026-09-04-at-10.28.41-PM-768x428.jpeg",768,428,true],"large":["https:\/\/infotep.com.ar\/wp-content\/uploads\/2026\/09\/WhatsApp-Image-2026-09-04-at-10.28.41-PM-1024x571.jpeg",1020,569,true],"1536x1536":["https:\/\/infotep.com.ar\/wp-content\/uploads\/2026\/09\/WhatsApp-Image-2026-09-04-at-10.28.41-PM.jpeg",1125,627,false],"2048x2048":["https:\/\/infotep.com.ar\/wp-content\/uploads\/2026\/09\/WhatsApp-Image-2026-09-04-at-10.28.41-PM.jpeg",1125,627,false],"blossom-feminine-slider":["https:\/\/infotep.com.ar\/wp-content\/uploads\/2026\/09\/WhatsApp-Image-2026-09-04-at-10.28.41-PM.jpeg",1125,627,false],"blossom-feminine-featured":["https:\/\/infotep.com.ar\/wp-content\/uploads\/2026\/09\/WhatsApp-Image-2026-09-04-at-10.28.41-PM-1125x600.jpeg",1125,600,true],"blossom-feminine-with-sidebar":["https:\/\/infotep.com.ar\/wp-content\/uploads\/2026\/09\/WhatsApp-Image-2026-09-04-at-10.28.41-PM-1020x600.jpeg",1020,600,true],"blossom-feminine-blog":["https:\/\/infotep.com.ar\/wp-content\/uploads\/2026\/09\/WhatsApp-Image-2026-09-04-at-10.28.41-PM-435x435.jpeg",435,435,true],"blossom-feminine-cat":["https:\/\/infotep.com.ar\/wp-content\/uploads\/2026\/09\/WhatsApp-Image-2026-09-04-at-10.28.41-PM-450x300.jpeg",450,300,true],"blossom-feminine-related":["https:\/\/infotep.com.ar\/wp-content\/uploads\/2026\/09\/WhatsApp-Image-2026-09-04-at-10.28.41-PM-320x200.jpeg",320,200,true],"blossom-feminine-schema":["https:\/\/infotep.com.ar\/wp-content\/uploads\/2026\/09\/WhatsApp-Image-2026-09-04-at-10.28.41-PM-108x60.jpeg",108,60,true],"blossom-mommy-blog-slider-big":["https:\/\/infotep.com.ar\/wp-content\/uploads\/2026\/09\/WhatsApp-Image-2026-09-04-at-10.28.41-PM-920x627.jpeg",920,627,true],"blossom-mommy-blog-slider":["https:\/\/infotep.com.ar\/wp-content\/uploads\/2026\/09\/WhatsApp-Image-2026-09-04-at-10.28.41-PM-460x310.jpeg",460,310,true],"blossom-mommy-blog-two":["https:\/\/infotep.com.ar\/wp-content\/uploads\/2026\/09\/WhatsApp-Image-2026-09-04-at-10.28.41-PM-768x480.jpeg",768,480,true]},"author_info":{"info":["Angela Tobar"]},"category_info":"<a href=\"https:\/\/infotep.com.ar\/index.php\/category\/destacadas\/\" rel=\"category tag\">Destacadas<\/a> <a href=\"https:\/\/infotep.com.ar\/index.php\/category\/municipales\/ituzaingo\/\" rel=\"category tag\">Ituzaing\u00f3<\/a>","tag_info":"Ituzaing\u00f3","comment_count":"0","_links":{"self":[{"href":"https:\/\/infotep.com.ar\/index.php\/wp-json\/wp\/v2\/posts\/37382"}],"collection":[{"href":"https:\/\/infotep.com.ar\/index.php\/wp-json\/wp\/v2\/posts"}],"about":[{"href":"https:\/\/infotep.com.ar\/index.php\/wp-json\/wp\/v2\/types\/post"}],"author":[{"embeddable":true,"href":"https:\/\/infotep.com.ar\/index.php\/wp-json\/wp\/v2\/users\/5"}],"replies":[{"embeddable":true,"href":"https:\/\/infotep.com.ar\/index.php\/wp-json\/wp\/v2\/comments?post=37382"}],"version-history":[{"count":1,"href":"https:\/\/infotep.com.ar\/index.php\/wp-json\/wp\/v2\/posts\/37382\/revisions"}],"predecessor-version":[{"id":37384,"href":"https:\/\/infotep.com.ar\/index.php\/wp-json\/wp\/v2\/posts\/37382\/revisions\/37384"}],"wp:featuredmedia":[{"embeddable":true,"href":"https:\/\/infotep.com.ar\/index.php\/wp-json\/wp\/v2\/media\/37383"}],"wp:attachment":[{"href":"https:\/\/infotep.com.ar\/index.php\/wp-json\/wp\/v2\/media?parent=37382"}],"wp:term":[{"taxonomy":"category","embeddable":true,"href":"https:\/\/infotep.com.ar\/index.php\/wp-json\/wp\/v2\/categories?post=37382"},{"taxonomy":"post_tag","embeddable":true,"href":"https:\/\/infotep.com.ar\/index.php\/wp-json\/wp\/v2\/tags?post=37382"}],"curies":[{"name":"wp","href":"https:\/\/api.w.org\/{rel}","templated":true}]}}