{"id":37389,"date":"2026-09-05T00:54:00","date_gmt":"2026-09-05T03:54:00","guid":{"rendered":"https:\/\/infotep.com.ar\/?p=37389"},"modified":"2026-09-04T22:56:42","modified_gmt":"2026-09-05T01:56:42","slug":"el-modelo-educativo-de-la-matanza-un-circulo-virtuoso-para-chicas-chicos-y-jovenes","status":"publish","type":"post","link":"https:\/\/infotep.com.ar\/index.php\/2026\/09\/05\/el-modelo-educativo-de-la-matanza-un-circulo-virtuoso-para-chicas-chicos-y-jovenes\/","title":{"rendered":"El modelo educativo de La Matanza: un c\u00edrculo virtuoso para chicas, chicos y j\u00f3venes"},"content":{"rendered":"\n<p><\/p>\n\n\n\n<p>Materiales escolares gratuitos, alfabetizaci\u00f3n digital temprana, formaci\u00f3n universitaria y la creaci\u00f3n de un Polo Cient\u00edfico y Tecnol\u00f3gico garantizan el desarrollo integral y la inserci\u00f3n laboral de las y los j\u00f3venes matanceros.<\/p>\n\n\n\n<p>El sistema educativo de La Matanza fortalece cada a\u00f1o y en cada ciclo lectivo un modelo integral que acompa\u00f1a a estudiantes desde la primera infancia hasta su inserci\u00f3n en el mercado laboral, con iniciativas que llevaron al distrito a ser reconocido por la UNESCO, como Ciudad del Aprendizaje.<\/p>\n\n\n\n<p>Comenzando con la <strong>alfabetizaci\u00f3n digital<\/strong> desde el nivel inicial, a trav\u00e9s de la ense\u00f1anza en los jardines de infantes con computadoras y tablets a partir de los 3 a\u00f1os, la pol\u00edtica municipal articula el derecho a la educaci\u00f3n p\u00fablica, con el acceso a la tecnolog\u00eda, becas escolares, formaci\u00f3n en oficios y educaci\u00f3n universitaria en el CUDI y la UNLAM, cerrando un c\u00edrculo virtuoso que se completa con la construcci\u00f3n del Polo Cient\u00edfico Tecnol\u00f3gico para vincular a m\u00e1s de 10 mil j\u00f3venes con la innovaci\u00f3n y la rob\u00f3tica.<\/p>\n\n\n\n<p>Entre las iniciativas de mayor alcance territorial se destaca el programa<strong> A la Escuela, Mejor con Libros<\/strong>, una pol\u00edtica que beneficia cada a\u00f1o a m\u00e1s de 1 mill\u00f3n de alumnas y alumnos con libros y manuales, y se complementa con la entrega de m\u00e1s de 300 mil kits de \u00fatiles escolares generando un alivio econ\u00f3mico para las familias, al comienzo del ciclo lectivo.<\/p>\n\n\n\n<p><strong>Las Becas Estudiar<\/strong> acompa\u00f1an la permanencia escolar de chicas y chicos en situaci\u00f3n de vulnerabilidad, brindando asistencia econ\u00f3mica directa, actualmente a m\u00e1s de 8 mil estudiantes. Adem\u00e1s, el programa tambi\u00e9n provee insumos y pintura para el mantenimiento del edificio escolar.<\/p>\n\n\n\n<p><strong>El aprendizaje tecnol\u00f3gico incluye capacitaciones en rob\u00f3tica<\/strong> para todos los niveles educativos, con m\u00e1s de 250 mil laboratorios escolares y se profundiza con el Centro de Innovaci\u00f3n Tecnol\u00f3gica (CITLAM) con cursos gratuitos de programaci\u00f3n web, impresi\u00f3n 3D, microscop\u00eda, entre otros, para docentes, chicos y personas mayores.<\/p>\n\n\n\n<p><strong>El Centro Universitario de la Innovaci\u00f3n (CUDI)<\/strong> fue construido 100% por el Municipio para generar en la zona sur de La Matanza una universidad de excelencia con carreras de tecnolog\u00eda y salud con alta demanda laboral, brindando la posibilidad a j\u00f3venes de acceder a educaci\u00f3n superior cerca de su hogar y de forma totalmente gratuita. Junto a la Universidad Nacional de La Matanza (UNLaM), institutos terciarios y escuelas de artes y oficios albergan a m\u00e1s de 95 mil estudiantes universitarios, consolidando al distrito como la Capital Universitaria del Gran Buenos Aires.<\/p>\n\n\n\n<p><strong>La puesta en marcha del Polo Cient\u00edfico y Tecnol\u00f3gico (CyT) <\/strong>de La Matanza es la coronaci\u00f3n del modelo matancero, un sue\u00f1o cumplido para toda la comunidad, un proyecto estrat\u00e9gico dise\u00f1ado para transformar el conocimiento en empleo directo y desarrollo productivo.<\/p>\n\n\n\n<p>En los \u00faltimos d\u00edas, el intendente de La Matanza Fernando Espinoza present\u00f3 el modelo del c\u00edrculo virtuoso en el Seminario de Transformaci\u00f3n Nacional, donde destac\u00f3 al Polo CyT que ser\u00e1 \u201cel primero de la Argentina y de Am\u00e9rica Latina\u201d, resaltando la articulaci\u00f3n entre el sector p\u00fablico, privado y la academia, y agreg\u00f3: \u201cLa mitad del edificio estar\u00e1 destinado a la instalaci\u00f3n de grandes empresas nacionales y multinacionales que contratar\u00e1n a las y los j\u00f3venes egresados de nuestras universidades. En tanto, la otra mitad se reservar\u00e1 para que las y los estudiantes que deseen generar sus propias empresas y startups puedan hacerlo y as\u00ed fortalecer la matriz econ\u00f3mica y el desarrollo productivo de La Matanza, la Provincia y la Argentina\u201d.<\/p>\n","protected":false},"excerpt":{"rendered":"<p>Materiales escolares gratuitos, alfabetizaci&oacute;n digital temprana, formaci&oacute;n universitaria y la creaci&oacute;n de un Polo Cient&iacute;fico y Tecnol&oacute;gico garantizan el desarrollo integral y la inserci&oacute;n laboral de las y los j&oacute;venes matanceros. El sistema educativo de La Matanza fortalece cada a&ntilde;o y en cada ciclo lectivo un modelo integral que acompa&ntilde;a a estudiantes desde la primera &hellip; <\/p>\n","protected":false},"author":5,"featured_media":37390,"comment_status":"closed","ping_status":"closed","sticky":false,"template":"","format":"standard","meta":{"om_disable_all_campaigns":false,"_joinchat":[]},"categories":[31,26],"tags":[46,59,43,569],"featured_image_urls":{"full":["https:\/\/infotep.com.ar\/wp-content\/uploads\/2026\/09\/MTZ-ALFABETIZACION-DIGITAL.png",829,466,false],"thumbnail":["https:\/\/infotep.com.ar\/wp-content\/uploads\/2026\/09\/MTZ-ALFABETIZACION-DIGITAL-150x150.png",150,150,true],"medium":["https:\/\/infotep.com.ar\/wp-content\/uploads\/2026\/09\/MTZ-ALFABETIZACION-DIGITAL-300x169.png",300,169,true],"medium_large":["https:\/\/infotep.com.ar\/wp-content\/uploads\/2026\/09\/MTZ-ALFABETIZACION-DIGITAL-768x432.png",768,432,true],"large":["https:\/\/infotep.com.ar\/wp-content\/uploads\/2026\/09\/MTZ-ALFABETIZACION-DIGITAL.png",829,466,false],"1536x1536":["https:\/\/infotep.com.ar\/wp-content\/uploads\/2026\/09\/MTZ-ALFABETIZACION-DIGITAL.png",829,466,false],"2048x2048":["https:\/\/infotep.com.ar\/wp-content\/uploads\/2026\/09\/MTZ-ALFABETIZACION-DIGITAL.png",829,466,false],"blossom-feminine-slider":["https:\/\/infotep.com.ar\/wp-content\/uploads\/2026\/09\/MTZ-ALFABETIZACION-DIGITAL.png",829,466,false],"blossom-feminine-featured":["https:\/\/infotep.com.ar\/wp-content\/uploads\/2026\/09\/MTZ-ALFABETIZACION-DIGITAL.png",829,466,false],"blossom-feminine-with-sidebar":["https:\/\/infotep.com.ar\/wp-content\/uploads\/2026\/09\/MTZ-ALFABETIZACION-DIGITAL.png",829,466,false],"blossom-feminine-blog":["https:\/\/infotep.com.ar\/wp-content\/uploads\/2026\/09\/MTZ-ALFABETIZACION-DIGITAL-435x435.png",435,435,true],"blossom-feminine-cat":["https:\/\/infotep.com.ar\/wp-content\/uploads\/2026\/09\/MTZ-ALFABETIZACION-DIGITAL-450x300.png",450,300,true],"blossom-feminine-related":["https:\/\/infotep.com.ar\/wp-content\/uploads\/2026\/09\/MTZ-ALFABETIZACION-DIGITAL-320x200.png",320,200,true],"blossom-feminine-schema":["https:\/\/infotep.com.ar\/wp-content\/uploads\/2026\/09\/MTZ-ALFABETIZACION-DIGITAL-107x60.png",107,60,true],"blossom-mommy-blog-slider-big":["https:\/\/infotep.com.ar\/wp-content\/uploads\/2026\/09\/MTZ-ALFABETIZACION-DIGITAL.png",829,466,false],"blossom-mommy-blog-slider":["https:\/\/infotep.com.ar\/wp-content\/uploads\/2026\/09\/MTZ-ALFABETIZACION-DIGITAL-460x310.png",460,310,true],"blossom-mommy-blog-two":["https:\/\/infotep.com.ar\/wp-content\/uploads\/2026\/09\/MTZ-ALFABETIZACION-DIGITAL-768x466.png",768,466,true]},"author_info":{"info":["Angela Tobar"]},"category_info":"<a href=\"https:\/\/infotep.com.ar\/index.php\/category\/destacadas\/\" rel=\"category tag\">Destacadas<\/a> <a href=\"https:\/\/infotep.com.ar\/index.php\/category\/municipales\/la-matanza\/\" rel=\"category tag\">La Matanza<\/a>","tag_info":"La Matanza","comment_count":"0","_links":{"self":[{"href":"https:\/\/infotep.com.ar\/index.php\/wp-json\/wp\/v2\/posts\/37389"}],"collection":[{"href":"https:\/\/infotep.com.ar\/index.php\/wp-json\/wp\/v2\/posts"}],"about":[{"href":"https:\/\/infotep.com.ar\/index.php\/wp-json\/wp\/v2\/types\/post"}],"author":[{"embeddable":true,"href":"https:\/\/infotep.com.ar\/index.php\/wp-json\/wp\/v2\/users\/5"}],"replies":[{"embeddable":true,"href":"https:\/\/infotep.com.ar\/index.php\/wp-json\/wp\/v2\/comments?post=37389"}],"version-history":[{"count":1,"href":"https:\/\/infotep.com.ar\/index.php\/wp-json\/wp\/v2\/posts\/37389\/revisions"}],"predecessor-version":[{"id":37391,"href":"https:\/\/infotep.com.ar\/index.php\/wp-json\/wp\/v2\/posts\/37389\/revisions\/37391"}],"wp:featuredmedia":[{"embeddable":true,"href":"https:\/\/infotep.com.ar\/index.php\/wp-json\/wp\/v2\/media\/37390"}],"wp:attachment":[{"href":"https:\/\/infotep.com.ar\/index.php\/wp-json\/wp\/v2\/media?parent=37389"}],"wp:term":[{"taxonomy":"category","embeddable":true,"href":"https:\/\/infotep.com.ar\/index.php\/wp-json\/wp\/v2\/categories?post=37389"},{"taxonomy":"post_tag","embeddable":true,"href":"https:\/\/infotep.com.ar\/index.php\/wp-json\/wp\/v2\/tags?post=37389"}],"curies":[{"name":"wp","href":"https:\/\/api.w.org\/{rel}","templated":true}]}}