{"id":37392,"date":"2026-09-04T23:00:26","date_gmt":"2026-09-05T02:00:26","guid":{"rendered":"https:\/\/infotep.com.ar\/?p=37392"},"modified":"2026-09-04T23:00:27","modified_gmt":"2026-09-05T02:00:27","slug":"el-colegio-de-abogados-de-la-matanza-advirtio-sobre-la-situacion-de-la-caja-previsional","status":"publish","type":"post","link":"https:\/\/infotep.com.ar\/index.php\/2026\/09\/04\/el-colegio-de-abogados-de-la-matanza-advirtio-sobre-la-situacion-de-la-caja-previsional\/","title":{"rendered":"El Colegio de Abogados de La Matanza advirti\u00f3 sobre la situaci\u00f3n de la Caja Previsional"},"content":{"rendered":"\n<p>Durante el acto acad\u00e9mico realizado con motivo del D\u00eda del Abogado y de los 30 a\u00f1os del Colegio de Abogados de La Matanza (CALM), el presidente de la instituci\u00f3n, Mart\u00edn Rivas, expres\u00f3 su preocupaci\u00f3n por la situaci\u00f3n de la Caja Previsional de la Abogac\u00eda y defendi\u00f3 la continuidad del actual sistema previsional y asistencial.<\/p>\n\n\n\n<p>En su discurso, Rivas cuestion\u00f3 los planteos que, seg\u00fan se\u00f1al\u00f3, apuntan a modificar o reducir el alcance de las instituciones previsionales de la abogac\u00eda. \u201cMuchos est\u00e1n queriendo degradar nuestro sistema previsional, queriendo achicarlo o que desaparezca y nosotros desde La Matanza les vamos a decir no\u201d, afirm\u00f3.<\/p>\n\n\n\n<p>El titular del CALM tambi\u00e9n se refiri\u00f3 a los rumores vinculados con un eventual quebranto o desfinanciamiento de la Caja y del sistema de salud. En ese sentido, sostuvo que esas versiones constituyen, a su entender, \u201cun mero intento de un sector de la colegiaci\u00f3n de abogados que pretende atacar las instituciones de previsi\u00f3n de la Abogac\u00eda\u201d.<\/p>\n\n\n\n<p>Rivas destac\u00f3 adem\u00e1s las medidas implementadas durante los \u00faltimos a\u00f1os y asegur\u00f3 que tuvieron impacto en la situaci\u00f3n financiera del sistema. Seg\u00fan indic\u00f3, las gestiones realizadas permitieron reducir en un 36% el d\u00e9ficit real.<\/p>\n\n\n\n<figure class=\"wp-block-image size-large\"><img decoding=\"async\" loading=\"lazy\" width=\"1024\" height=\"682\" src=\"https:\/\/infotep.com.ar\/wp-content\/uploads\/2026\/09\/1001527307-1024x682.jpg\" alt=\"\" class=\"wp-image-37394\" srcset=\"https:\/\/infotep.com.ar\/wp-content\/uploads\/2026\/09\/1001527307-1024x682.jpg 1024w, https:\/\/infotep.com.ar\/wp-content\/uploads\/2026\/09\/1001527307-300x200.jpg 300w, https:\/\/infotep.com.ar\/wp-content\/uploads\/2026\/09\/1001527307-768x511.jpg 768w, https:\/\/infotep.com.ar\/wp-content\/uploads\/2026\/09\/1001527307-450x300.jpg 450w, https:\/\/infotep.com.ar\/wp-content\/uploads\/2026\/09\/1001527307-90x60.jpg 90w, https:\/\/infotep.com.ar\/wp-content\/uploads\/2026\/09\/1001527307.jpg 1280w\" sizes=\"(max-width: 1024px) 100vw, 1024px\" \/><\/figure>\n\n\n\n<p>En ese marco, consider\u00f3 necesario sostener las medidas destinadas a fortalecer el sistema previsional y avanzar hacia un mayor equilibrio financiero. \u201cClaramente el equilibrio deseado no se puede dar de un d\u00eda para el otro, pero con las constantes medidas que se han tomado se ha encauzado una etapa de reconstrucci\u00f3n hacia el equilibrio\u201d, sostuvo.<\/p>\n\n\n\n<p>Las declaraciones se produjeron en el marco de una jornada institucional que combin\u00f3 la celebraci\u00f3n por el D\u00eda del Abogado con el aniversario n\u00famero 30 del Colegio de Abogados de La Matanza, y tuvieron como eje el debate sobre la sustentabilidad futura del sistema previsional y asistencial de la abogac\u00eda.<\/p>\n","protected":false},"excerpt":{"rendered":"<p>Durante el acto acad&eacute;mico realizado con motivo del D&iacute;a del Abogado y de los 30 a&ntilde;os del Colegio de Abogados de La Matanza (CALM), el presidente de la instituci&oacute;n, Mart&iacute;n Rivas, expres&oacute; su preocupaci&oacute;n por la situaci&oacute;n de la Caja Previsional de la Abogac&iacute;a y defendi&oacute; la continuidad del actual sistema previsional y asistencial. En &hellip; <\/p>\n","protected":false},"author":5,"featured_media":37393,"comment_status":"closed","ping_status":"closed","sticky":false,"template":"","format":"standard","meta":{"om_disable_all_campaigns":false,"_joinchat":[]},"categories":[26],"tags":[46,43,569],"featured_image_urls":{"full":["https:\/\/infotep.com.ar\/wp-content\/uploads\/2026\/09\/1001527306.jpg",1280,960,false],"thumbnail":["https:\/\/infotep.com.ar\/wp-content\/uploads\/2026\/09\/1001527306-150x150.jpg",150,150,true],"medium":["https:\/\/infotep.com.ar\/wp-content\/uploads\/2026\/09\/1001527306-300x225.jpg",300,225,true],"medium_large":["https:\/\/infotep.com.ar\/wp-content\/uploads\/2026\/09\/1001527306-768x576.jpg",768,576,true],"large":["https:\/\/infotep.com.ar\/wp-content\/uploads\/2026\/09\/1001527306-1024x768.jpg",1020,765,true],"1536x1536":["https:\/\/infotep.com.ar\/wp-content\/uploads\/2026\/09\/1001527306.jpg",1280,960,false],"2048x2048":["https:\/\/infotep.com.ar\/wp-content\/uploads\/2026\/09\/1001527306.jpg",1280,960,false],"blossom-feminine-slider":["https:\/\/infotep.com.ar\/wp-content\/uploads\/2026\/09\/1001527306-1280x649.jpg",1280,649,true],"blossom-feminine-featured":["https:\/\/infotep.com.ar\/wp-content\/uploads\/2026\/09\/1001527306-1280x600.jpg",1280,600,true],"blossom-feminine-with-sidebar":["https:\/\/infotep.com.ar\/wp-content\/uploads\/2026\/09\/1001527306-1020x600.jpg",1020,600,true],"blossom-feminine-blog":["https:\/\/infotep.com.ar\/wp-content\/uploads\/2026\/09\/1001527306-435x435.jpg",435,435,true],"blossom-feminine-cat":["https:\/\/infotep.com.ar\/wp-content\/uploads\/2026\/09\/1001527306-450x300.jpg",450,300,true],"blossom-feminine-related":["https:\/\/infotep.com.ar\/wp-content\/uploads\/2026\/09\/1001527306-320x200.jpg",320,200,true],"blossom-feminine-schema":["https:\/\/infotep.com.ar\/wp-content\/uploads\/2026\/09\/1001527306-80x60.jpg",80,60,true],"blossom-mommy-blog-slider-big":["https:\/\/infotep.com.ar\/wp-content\/uploads\/2026\/09\/1001527306-920x650.jpg",920,650,true],"blossom-mommy-blog-slider":["https:\/\/infotep.com.ar\/wp-content\/uploads\/2026\/09\/1001527306-460x310.jpg",460,310,true],"blossom-mommy-blog-two":["https:\/\/infotep.com.ar\/wp-content\/uploads\/2026\/09\/1001527306-768x480.jpg",768,480,true]},"author_info":{"info":["Angela Tobar"]},"category_info":"<a href=\"https:\/\/infotep.com.ar\/index.php\/category\/municipales\/la-matanza\/\" rel=\"category tag\">La Matanza<\/a>","tag_info":"La Matanza","comment_count":"0","_links":{"self":[{"href":"https:\/\/infotep.com.ar\/index.php\/wp-json\/wp\/v2\/posts\/37392"}],"collection":[{"href":"https:\/\/infotep.com.ar\/index.php\/wp-json\/wp\/v2\/posts"}],"about":[{"href":"https:\/\/infotep.com.ar\/index.php\/wp-json\/wp\/v2\/types\/post"}],"author":[{"embeddable":true,"href":"https:\/\/infotep.com.ar\/index.php\/wp-json\/wp\/v2\/users\/5"}],"replies":[{"embeddable":true,"href":"https:\/\/infotep.com.ar\/index.php\/wp-json\/wp\/v2\/comments?post=37392"}],"version-history":[{"count":1,"href":"https:\/\/infotep.com.ar\/index.php\/wp-json\/wp\/v2\/posts\/37392\/revisions"}],"predecessor-version":[{"id":37395,"href":"https:\/\/infotep.com.ar\/index.php\/wp-json\/wp\/v2\/posts\/37392\/revisions\/37395"}],"wp:featuredmedia":[{"embeddable":true,"href":"https:\/\/infotep.com.ar\/index.php\/wp-json\/wp\/v2\/media\/37393"}],"wp:attachment":[{"href":"https:\/\/infotep.com.ar\/index.php\/wp-json\/wp\/v2\/media?parent=37392"}],"wp:term":[{"taxonomy":"category","embeddable":true,"href":"https:\/\/infotep.com.ar\/index.php\/wp-json\/wp\/v2\/categories?post=37392"},{"taxonomy":"post_tag","embeddable":true,"href":"https:\/\/infotep.com.ar\/index.php\/wp-json\/wp\/v2\/tags?post=37392"}],"curies":[{"name":"wp","href":"https:\/\/api.w.org\/{rel}","templated":true}]}}