{"id":37396,"date":"2026-09-05T00:01:00","date_gmt":"2026-09-05T03:01:00","guid":{"rendered":"https:\/\/infotep.com.ar\/?p=37396"},"modified":"2026-09-04T23:03:20","modified_gmt":"2026-09-05T02:03:20","slug":"ituzaingo-brindo-una-capacitacion-sobre-los-microcreditos-del-banco-provincia","status":"publish","type":"post","link":"https:\/\/infotep.com.ar\/index.php\/2026\/09\/05\/ituzaingo-brindo-una-capacitacion-sobre-los-microcreditos-del-banco-provincia\/","title":{"rendered":"Ituzaing\u00f3 brind\u00f3 una capacitaci\u00f3n sobre los microcr\u00e9ditos del Banco Provincia"},"content":{"rendered":"\n<p>Emprendedores, productores y comerciantes de Ituzaing\u00f3 participaron de una capacitaci\u00f3n sobre las l\u00edneas de financiamiento de \u201cProvincia Microcr\u00e9ditos\u201d, una iniciativa del Banco Provincia destinada a acompa\u00f1ar el crecimiento de peque\u00f1os emprendimientos y unidades productivas.<\/p>\n\n\n\n<p>La jornada se realiz\u00f3 en el Auditorio N\u00e9stor Kirchner y fue organizada por el Municipio de Ituzaing\u00f3 en articulaci\u00f3n con el Banco Provincia. El encuentro estuvo orientado a brindar herramientas de educaci\u00f3n financiera y difundir alternativas de financiamiento para quienes buscan fortalecer sus actividades.<\/p>\n\n\n\n<p>Durante la capacitaci\u00f3n se presentaron las caracter\u00edsticas de \u201cProvincia Microcr\u00e9ditos\u201d, una pol\u00edtica p\u00fablica del Gobierno de la Provincia de Buenos Aires que contempla financiamiento para diferentes necesidades vinculadas a la actividad productiva, como la incorporaci\u00f3n de capital de trabajo, la refacci\u00f3n de espacios y la adquisici\u00f3n de maquinaria.<\/p>\n\n\n\n<p>La secretaria de Desarrollo Productivo de Ituzaing\u00f3, Natalia Lazzeri, destac\u00f3 la importancia de generar espacios de capacitaci\u00f3n y acceso a informaci\u00f3n financiera para el sector productivo local.<\/p>\n\n\n\n<p>\u201cEs fundamental brindar herramientas a microemprendedores, comercios, industrias y PYMES de Ituzaing\u00f3 que les permitan potenciar sus negocios y sostener sus actividades\u201d, se\u00f1al\u00f3.<\/p>\n\n\n\n<p>Por su parte, un emprendedor local valor\u00f3 la iniciativa y sostuvo que este tipo de encuentros resultan relevantes frente al escenario que atraviesan las actividades productivas. \u201cEn este contexto complejo para la producci\u00f3n nacional, es muy importante el apoyo del municipio con informaci\u00f3n y capacitaciones sobre asistencia\u201d, expres\u00f3.<\/p>\n\n\n\n<p>La actividad forma parte de las acciones orientadas a acercar herramientas de financiamiento y capacitaci\u00f3n a emprendedores, comerciantes y productores de Ituzaing\u00f3.<\/p>\n","protected":false},"excerpt":{"rendered":"<p>Emprendedores, productores y comerciantes de Ituzaing&oacute; participaron de una capacitaci&oacute;n sobre las l&iacute;neas de financiamiento de &ldquo;Provincia Microcr&eacute;ditos&rdquo;, una iniciativa del Banco Provincia destinada a acompa&ntilde;ar el crecimiento de peque&ntilde;os emprendimientos y unidades productivas. La jornada se realiz&oacute; en el Auditorio N&eacute;stor Kirchner y fue organizada por el Municipio de Ituzaing&oacute; en articulaci&oacute;n con el &hellip; <\/p>\n","protected":false},"author":5,"featured_media":37397,"comment_status":"closed","ping_status":"closed","sticky":false,"template":"","format":"standard","meta":{"om_disable_all_campaigns":false,"_joinchat":[]},"categories":[8],"tags":[46,51,43,569],"featured_image_urls":{"full":["https:\/\/infotep.com.ar\/wp-content\/uploads\/2026\/09\/GACETILLA-Capacitacion-Provincia-Microcreditos.jpeg",1600,1068,false],"thumbnail":["https:\/\/infotep.com.ar\/wp-content\/uploads\/2026\/09\/GACETILLA-Capacitacion-Provincia-Microcreditos-150x150.jpeg",150,150,true],"medium":["https:\/\/infotep.com.ar\/wp-content\/uploads\/2026\/09\/GACETILLA-Capacitacion-Provincia-Microcreditos-300x200.jpeg",300,200,true],"medium_large":["https:\/\/infotep.com.ar\/wp-content\/uploads\/2026\/09\/GACETILLA-Capacitacion-Provincia-Microcreditos-768x513.jpeg",768,513,true],"large":["https:\/\/infotep.com.ar\/wp-content\/uploads\/2026\/09\/GACETILLA-Capacitacion-Provincia-Microcreditos-1024x684.jpeg",1020,681,true],"1536x1536":["https:\/\/infotep.com.ar\/wp-content\/uploads\/2026\/09\/GACETILLA-Capacitacion-Provincia-Microcreditos-1536x1025.jpeg",1536,1025,true],"2048x2048":["https:\/\/infotep.com.ar\/wp-content\/uploads\/2026\/09\/GACETILLA-Capacitacion-Provincia-Microcreditos.jpeg",1600,1068,false],"blossom-feminine-slider":["https:\/\/infotep.com.ar\/wp-content\/uploads\/2026\/09\/GACETILLA-Capacitacion-Provincia-Microcreditos-1600x649.jpeg",1600,649,true],"blossom-feminine-featured":["https:\/\/infotep.com.ar\/wp-content\/uploads\/2026\/09\/GACETILLA-Capacitacion-Provincia-Microcreditos-1410x600.jpeg",1410,600,true],"blossom-feminine-with-sidebar":["https:\/\/infotep.com.ar\/wp-content\/uploads\/2026\/09\/GACETILLA-Capacitacion-Provincia-Microcreditos-1020x600.jpeg",1020,600,true],"blossom-feminine-blog":["https:\/\/infotep.com.ar\/wp-content\/uploads\/2026\/09\/GACETILLA-Capacitacion-Provincia-Microcreditos-435x435.jpeg",435,435,true],"blossom-feminine-cat":["https:\/\/infotep.com.ar\/wp-content\/uploads\/2026\/09\/GACETILLA-Capacitacion-Provincia-Microcreditos-450x300.jpeg",450,300,true],"blossom-feminine-related":["https:\/\/infotep.com.ar\/wp-content\/uploads\/2026\/09\/GACETILLA-Capacitacion-Provincia-Microcreditos-320x200.jpeg",320,200,true],"blossom-feminine-schema":["https:\/\/infotep.com.ar\/wp-content\/uploads\/2026\/09\/GACETILLA-Capacitacion-Provincia-Microcreditos-90x60.jpeg",90,60,true],"blossom-mommy-blog-slider-big":["https:\/\/infotep.com.ar\/wp-content\/uploads\/2026\/09\/GACETILLA-Capacitacion-Provincia-Microcreditos-920x650.jpeg",920,650,true],"blossom-mommy-blog-slider":["https:\/\/infotep.com.ar\/wp-content\/uploads\/2026\/09\/GACETILLA-Capacitacion-Provincia-Microcreditos-460x310.jpeg",460,310,true],"blossom-mommy-blog-two":["https:\/\/infotep.com.ar\/wp-content\/uploads\/2026\/09\/GACETILLA-Capacitacion-Provincia-Microcreditos-768x480.jpeg",768,480,true]},"author_info":{"info":["Angela Tobar"]},"category_info":"<a href=\"https:\/\/infotep.com.ar\/index.php\/category\/municipales\/ituzaingo\/\" rel=\"category tag\">Ituzaing\u00f3<\/a>","tag_info":"Ituzaing\u00f3","comment_count":"0","_links":{"self":[{"href":"https:\/\/infotep.com.ar\/index.php\/wp-json\/wp\/v2\/posts\/37396"}],"collection":[{"href":"https:\/\/infotep.com.ar\/index.php\/wp-json\/wp\/v2\/posts"}],"about":[{"href":"https:\/\/infotep.com.ar\/index.php\/wp-json\/wp\/v2\/types\/post"}],"author":[{"embeddable":true,"href":"https:\/\/infotep.com.ar\/index.php\/wp-json\/wp\/v2\/users\/5"}],"replies":[{"embeddable":true,"href":"https:\/\/infotep.com.ar\/index.php\/wp-json\/wp\/v2\/comments?post=37396"}],"version-history":[{"count":1,"href":"https:\/\/infotep.com.ar\/index.php\/wp-json\/wp\/v2\/posts\/37396\/revisions"}],"predecessor-version":[{"id":37398,"href":"https:\/\/infotep.com.ar\/index.php\/wp-json\/wp\/v2\/posts\/37396\/revisions\/37398"}],"wp:featuredmedia":[{"embeddable":true,"href":"https:\/\/infotep.com.ar\/index.php\/wp-json\/wp\/v2\/media\/37397"}],"wp:attachment":[{"href":"https:\/\/infotep.com.ar\/index.php\/wp-json\/wp\/v2\/media?parent=37396"}],"wp:term":[{"taxonomy":"category","embeddable":true,"href":"https:\/\/infotep.com.ar\/index.php\/wp-json\/wp\/v2\/categories?post=37396"},{"taxonomy":"post_tag","embeddable":true,"href":"https:\/\/infotep.com.ar\/index.php\/wp-json\/wp\/v2\/tags?post=37396"}],"curies":[{"name":"wp","href":"https:\/\/api.w.org\/{rel}","templated":true}]}}