{"id":37408,"date":"2026-09-05T00:09:00","date_gmt":"2026-09-05T03:09:00","guid":{"rendered":"https:\/\/infotep.com.ar\/?p=37408"},"modified":"2026-09-04T23:10:03","modified_gmt":"2026-09-05T02:10:03","slug":"provincia-dicto-la-conciliacion-obligatoria-por-despidos-de-granja-tres-arroyos","status":"publish","type":"post","link":"https:\/\/infotep.com.ar\/index.php\/2026\/09\/05\/provincia-dicto-la-conciliacion-obligatoria-por-despidos-de-granja-tres-arroyos\/","title":{"rendered":"Provincia dict\u00f3 la Conciliaci\u00f3n Obligatoria por despidos de Granja Tres Arroyos"},"content":{"rendered":"\n<p>La medida contempla la reincorporaci\u00f3n de los trabajadores despedidos y establece una nueva audiencia para el jueves, en el marco de las negociaciones entre las partes.<\/p>\n\n\n\n<p>El Ministerio de Trabajo de la provincia de Buenos Aires, encabezado por Walter Correa, intervino en el conflicto generado por los despidos en distintas plantas de Granja Tres Arroyos y Wade a trav\u00e9s de una audiencia entre representantes de las empresas y del Sindicato de la Industria de la Alimentaci\u00f3n de la Provincia de Buenos Aires (STIAPBA).<\/p>\n\n\n\n<p>Como resultado de la audiencia, se dict\u00f3 la conciliaci\u00f3n obligatoria por 15 d\u00edas h\u00e1biles, con posibilidad de una pr\u00f3rroga de cinco d\u00edas, que contempla la reincorporaci\u00f3n de los trabajadores despedidos, con el objetivo de garantizar la paz social y abrir una instancia de negociaci\u00f3n entre las partes para avanzar hacia una soluci\u00f3n al conflicto.<\/p>\n\n\n\n<p>Los despidos afectan a 700 trabajadores de la planta de Capit\u00e1n Sarmiento, 50 de la planta de Pilar y 450 de la planta de Esteban Echeverr\u00eda, alcanzando a un total de 1.200 trabajadores.<\/p>\n\n\n\n<p>De la audiencia participaron tambi\u00e9n el subsecretario de Comercializaci\u00f3n del Ministerio de Producci\u00f3n bonaerense, Ariel Aguilar; la intendenta de Capit\u00e1n Sarmiento, Fernanda Astorino Hurtado; y Alejandro Bonomo, en representaci\u00f3n de la intendencia de Esteban Echeverr\u00eda.<\/p>\n\n\n\n<p>En el marco de la audiencia, se acord\u00f3 adem\u00e1s la donaci\u00f3n de 1.000 cajones de pollo destinados a los trabajadores despedidos y el otorgamiento de un pago de dinero a cuenta, que ser\u00e1 efectivizado durante la pr\u00f3xima semana.<\/p>\n\n\n\n<p>La pr\u00f3xima audiencia entre las partes se realizar\u00e1 el jueves, en el marco de la conciliaci\u00f3n obligatoria, para continuar con las negociaciones, intentar alcanzar una soluci\u00f3n al conflicto y procurar la preservaci\u00f3n de las fuentes de trabajo.<\/p>\n","protected":false},"excerpt":{"rendered":"<p>La medida contempla la reincorporaci&oacute;n de los trabajadores despedidos y establece una nueva audiencia para el jueves, en el marco de las negociaciones entre las partes. El Ministerio de Trabajo de la provincia de Buenos Aires, encabezado por Walter Correa, intervino en el conflicto generado por los despidos en distintas plantas de Granja Tres Arroyos &hellip; <\/p>\n","protected":false},"author":5,"featured_media":36754,"comment_status":"closed","ping_status":"closed","sticky":false,"template":"","format":"standard","meta":{"om_disable_all_campaigns":false,"_joinchat":[]},"categories":[7,4],"tags":[46,43,569],"featured_image_urls":{"full":["https:\/\/infotep.com.ar\/wp-content\/uploads\/2026\/08\/tres-arroyos.jpg",779,500,false],"thumbnail":["https:\/\/infotep.com.ar\/wp-content\/uploads\/2026\/08\/tres-arroyos-150x150.jpg",150,150,true],"medium":["https:\/\/infotep.com.ar\/wp-content\/uploads\/2026\/08\/tres-arroyos-300x193.jpg",300,193,true],"medium_large":["https:\/\/infotep.com.ar\/wp-content\/uploads\/2026\/08\/tres-arroyos-768x493.jpg",768,493,true],"large":["https:\/\/infotep.com.ar\/wp-content\/uploads\/2026\/08\/tres-arroyos.jpg",779,500,false],"1536x1536":["https:\/\/infotep.com.ar\/wp-content\/uploads\/2026\/08\/tres-arroyos.jpg",779,500,false],"2048x2048":["https:\/\/infotep.com.ar\/wp-content\/uploads\/2026\/08\/tres-arroyos.jpg",779,500,false],"blossom-feminine-slider":["https:\/\/infotep.com.ar\/wp-content\/uploads\/2026\/08\/tres-arroyos.jpg",779,500,false],"blossom-feminine-featured":["https:\/\/infotep.com.ar\/wp-content\/uploads\/2026\/08\/tres-arroyos.jpg",779,500,false],"blossom-feminine-with-sidebar":["https:\/\/infotep.com.ar\/wp-content\/uploads\/2026\/08\/tres-arroyos.jpg",779,500,false],"blossom-feminine-blog":["https:\/\/infotep.com.ar\/wp-content\/uploads\/2026\/08\/tres-arroyos-435x435.jpg",435,435,true],"blossom-feminine-cat":["https:\/\/infotep.com.ar\/wp-content\/uploads\/2026\/08\/tres-arroyos-450x300.jpg",450,300,true],"blossom-feminine-related":["https:\/\/infotep.com.ar\/wp-content\/uploads\/2026\/08\/tres-arroyos-320x200.jpg",320,200,true],"blossom-feminine-schema":["https:\/\/infotep.com.ar\/wp-content\/uploads\/2026\/08\/tres-arroyos-93x60.jpg",93,60,true],"blossom-mommy-blog-slider-big":["https:\/\/infotep.com.ar\/wp-content\/uploads\/2026\/08\/tres-arroyos.jpg",779,500,false],"blossom-mommy-blog-slider":["https:\/\/infotep.com.ar\/wp-content\/uploads\/2026\/08\/tres-arroyos-460x310.jpg",460,310,true],"blossom-mommy-blog-two":["https:\/\/infotep.com.ar\/wp-content\/uploads\/2026\/08\/tres-arroyos-768x480.jpg",768,480,true]},"author_info":{"info":["Angela Tobar"]},"category_info":"<a href=\"https:\/\/infotep.com.ar\/index.php\/category\/gremios\/\" rel=\"category tag\">Gremios<\/a> <a href=\"https:\/\/infotep.com.ar\/index.php\/category\/provinciales\/\" rel=\"category tag\">Provinciales<\/a>","tag_info":"Provinciales","comment_count":"0","_links":{"self":[{"href":"https:\/\/infotep.com.ar\/index.php\/wp-json\/wp\/v2\/posts\/37408"}],"collection":[{"href":"https:\/\/infotep.com.ar\/index.php\/wp-json\/wp\/v2\/posts"}],"about":[{"href":"https:\/\/infotep.com.ar\/index.php\/wp-json\/wp\/v2\/types\/post"}],"author":[{"embeddable":true,"href":"https:\/\/infotep.com.ar\/index.php\/wp-json\/wp\/v2\/users\/5"}],"replies":[{"embeddable":true,"href":"https:\/\/infotep.com.ar\/index.php\/wp-json\/wp\/v2\/comments?post=37408"}],"version-history":[{"count":1,"href":"https:\/\/infotep.com.ar\/index.php\/wp-json\/wp\/v2\/posts\/37408\/revisions"}],"predecessor-version":[{"id":37409,"href":"https:\/\/infotep.com.ar\/index.php\/wp-json\/wp\/v2\/posts\/37408\/revisions\/37409"}],"wp:featuredmedia":[{"embeddable":true,"href":"https:\/\/infotep.com.ar\/index.php\/wp-json\/wp\/v2\/media\/36754"}],"wp:attachment":[{"href":"https:\/\/infotep.com.ar\/index.php\/wp-json\/wp\/v2\/media?parent=37408"}],"wp:term":[{"taxonomy":"category","embeddable":true,"href":"https:\/\/infotep.com.ar\/index.php\/wp-json\/wp\/v2\/categories?post=37408"},{"taxonomy":"post_tag","embeddable":true,"href":"https:\/\/infotep.com.ar\/index.php\/wp-json\/wp\/v2\/tags?post=37408"}],"curies":[{"name":"wp","href":"https:\/\/api.w.org\/{rel}","templated":true}]}}