{"id":3751,"date":"2023-03-06T01:51:00","date_gmt":"2023-03-06T04:51:00","guid":{"rendered":"https:\/\/infotep.com.ar\/?p=3751"},"modified":"2023-03-06T08:53:57","modified_gmt":"2023-03-06T11:53:57","slug":"hernan-doval-sucedera-a-ruben-cholo-garcia-al-frente-de-la-confederacion-de-municipales","status":"publish","type":"post","link":"https:\/\/infotep.com.ar\/index.php\/2023\/03\/06\/hernan-doval-sucedera-a-ruben-cholo-garcia-al-frente-de-la-confederacion-de-municipales\/","title":{"rendered":"Hern\u00e1n Doval suceder\u00e1 a Rub\u00e9n \u00abCholo\u00bb Garc\u00eda al frente de la Confederaci\u00f3n de Municipales"},"content":{"rendered":"\n<p>Hern\u00e1n Doval es el nuevo secretario general de los municipales de Argentina en la Confederaci\u00f3n de Trabajadores Municipales. Suceder\u00e1 al dirigente Rub\u00e9n \u00abCholo\u00bb Garc\u00eda.<br><br>Este 3 de marzo se realizaron las elecciones de autoridades de la Confederaci\u00f3n de Trabajadores Municipales de la Rep\u00fablica Argentina (CTM) en la cual se realiz\u00f3 un trasvasamiento generacional y el hist\u00f3rico dirigente de los Municipales Ruben \u201cCholo\u201d Garc\u00eda propuso para ocupar su lugar de Secretario General a Hernan Doval.<\/p>\n\n\n\n<p>Doval es Licenciado en Ciencias Pol\u00edticas egresado de la UBA, y es el Secretario General del Sindicato de Trabajadores Municipales de Avellaneda y Secretario Pol\u00edtico de la poderosa Federaci\u00f3n de Sindicatos de la Provincia de Buenos Aires, la FESIMUBO (Federaci\u00f3n de Sindicatos Municipales Bonaerenses), la cual conduce el propio Garc\u00eda.<\/p>\n\n\n\n<p>Fue adem\u00e1s, durante su periodo de Diputado, el autor de la Ley 14656 de Paritarias Municipales. La CTM (Confederaci\u00f3n de Trabajadores Municipales de la Rep\u00fablica Argentina) tiene la representatividad legal de los trabajadores y trabajadoras municipales de los 2.311 municipios de la Argentina, con una estructura de m\u00e1s de 350 Sindicatos de Base y 12 Federaciones Provinciales que agrupan a m\u00e1s de 900.000 trabajadores municipales afiliados.<\/p>\n\n\n\n<p>As\u00ed qued\u00f3 conformado el Consejo Directivo Nacional:<\/p>\n\n\n\n<p>SECRETARIO GENERAL: Hernan Doval (Buenos Aires \u2013 Conurbano Sur)<br>SECRETARIO ADJUNTO: Antonio Rattner (Rosario-Santa Fe)<br>SECRETARIO ADMINISTRATIVO Y VIVIENDA: Alberto Pablo Serrudo (Salta)<br>SECRETARIO GREMIAL Y DE ORGANIZACION: Jorge Luis Zarsa (Formosa)<br>SECRETARIO DE PRENSA Y COMUNICACION: Mario Rafael Barberan (Entre R\u00edos)<br>SECRETARIA DE RELACIONES INSTITUCIONALES Y PREVISI\u00d3N SOCIAL: Brenda Morales (Bariloche \u2013 R\u00edo Negro)<br>SECRETARIO DE RELACIONES INTERNACIONALES: H\u00e9ctor Santiago Baduino (Neuqu\u00e9n)<br>SECRETARIO DE FINANZAS: C\u00e9sar Daniel Troncoso (Buenos Aires \u2013 Conurbano Oeste)<br>SECRETARIA DE LA MUJER Y LA FAMILIA: Mar\u00eda Jos\u00e9 Lacoste (Buenos Aires \u2013 Interior)<br>SECRETARIO DE ACCI\u00d3N SOCIAL: Pedro Roberto Mansilla (Santa Cruz)<br>SECRETARIO DE CONDICIONES Y MEDIO AMBIENTE DEL TRABAJO: Mario Sebastian L\u00f3pez Cuellar (Jujuy)<br>SECRETARIO DE DERECHOS HUMANOS: Osvaldo Ruben Daniele (C\u00f3rdoba)<br>SECRETARIA DE OBRAS Y SERVICIOS SOCIALES: Nancy Veronica Erazo (Mendoza)<br>SECRETARIA DE ACTAS: Celina Marcela Fanego (Puerto Madryn \u2013 Chubut)<br>SECRETARIO DE CULTURA, CAPACITACI\u00d3N Y FORMACI\u00d3N PROFESIONAL: Dar\u00edo Alfredo Cocco (Rafaela \u2013 Santa Fe)<br>SECRETARIO DE ACCI\u00d3N POLITICA: Ruben \u201cCholo\u201d Garc\u00eda (Buenos Aires)<br>VOCAL TITULAR 1RO: Rodolfo Andres Medeina (Corrientes)<br>VOCAL TITULAR 2DO: Alfredo Funes (Mendoza)<br>VOVAL TITULAR 3RO: Silvia Ramirez (La Rioja)<br>VOCAL TITULAR 4TO: Antonio Osorio (Esquel y Zona \u2013 Chubut)<br>VOCAL TITULAR 5TO: Victor Lescano (San Francisco \u2013 Cordoba)<br>VOCAL TITULAR 6TO: Susana Chazarreta (Buenos Aires \u2013 Conurbano Sur)<br>VOCAL TITULAR 7MO: Raul Espinola (Buenos Aires)<br>VOCAL TITULAR 8VO: Jos\u00e9 Contreras (Tucum\u00e1n)<br>VOCAL TITULAR 9NO: Maria Yamile Baclini (Rosario \u2013 Santa Fe)<br>VOCAL TITULAR 10MO: Omar Meza (Chipoletti \u2013 R\u00edo Negro)<br>VOCAL SUPLENTE 1RO: Hugo Fereira (Posadas \u2013 Misiones)<br>VOCAL SUPLENTE 2DO: Omar Rojas (La Pampa)<br>VOCAL SUPLENTE 3RO: Y\u00e9sica F\u00e1tima Baltar (Formosa)<br>VOCAL SUPLENTE 4TO: Victor Gonzales (Buenos Aires \u2013 Conurbano Oeste)<br>VOCAL SUPLENTE 5TO: Graciela Reicherbach (Mendoza)<br>REVISOR TITULAR 1RO: Daniel Ferro (Buenos Aires- Conurbano Sur)<br>REVISOR TITULAR 2DO: Cesar Ruben Cruz (Entre Rios)<br>REVISOR TITULAR 3RO:Inocencia Isabel Rivas (Formosa)<br>REVISOR TITULAR 4TO:Jos\u00e9 Omar Arce (Buenos Aires \u2013 Conurbano Norte)<br>REVISOR TITULAR 5TO:Paola Alejandra Juarez (Entre Rios)<br>REVISOR SUPLENTE 1RO: Roman Eugenio Sanchez (Corrientes)<br>REVISOR SUPLENTE 2DO: Esteban Oscar Romero (Rosario \u2013 Santa Fe)<br>REVISOR SUPLENTE 3RO: Ramona Isidora Sandoval (Corrientes)<br>REVISOR SUPLENTE 4TO: Adrian Eduardo Gomez (Entre Rios)<br>REVISOR SUPLENTE 5TO: Zulema Ruiz Diaz (Rosario \u2013 Santa Fe)<\/p>\n","protected":false},"excerpt":{"rendered":"<p>Hern&aacute;n Doval es el nuevo secretario general de los municipales de Argentina en la Confederaci&oacute;n de Trabajadores Municipales. Suceder&aacute; al dirigente Rub&eacute;n &laquo;Cholo&raquo; Garc&iacute;a. Este 3 de marzo se realizaron las elecciones de autoridades de la Confederaci&oacute;n de Trabajadores Municipales de la Rep&uacute;blica Argentina (CTM) en la cual se realiz&oacute; un trasvasamiento generacional y el &hellip; <\/p>\n","protected":false},"author":5,"featured_media":3752,"comment_status":"closed","ping_status":"closed","sticky":false,"template":"","format":"standard","meta":{"om_disable_all_campaigns":false,"_joinchat":[]},"categories":[7],"tags":[46,43],"featured_image_urls":{"full":["https:\/\/infotep.com.ar\/wp-content\/uploads\/2023\/03\/cholo-garcia.jpeg",1024,815,false],"thumbnail":["https:\/\/infotep.com.ar\/wp-content\/uploads\/2023\/03\/cholo-garcia-150x150.jpeg",150,150,true],"medium":["https:\/\/infotep.com.ar\/wp-content\/uploads\/2023\/03\/cholo-garcia-300x239.jpeg",300,239,true],"medium_large":["https:\/\/infotep.com.ar\/wp-content\/uploads\/2023\/03\/cholo-garcia-768x611.jpeg",768,611,true],"large":["https:\/\/infotep.com.ar\/wp-content\/uploads\/2023\/03\/cholo-garcia.jpeg",1020,812,false],"1536x1536":["https:\/\/infotep.com.ar\/wp-content\/uploads\/2023\/03\/cholo-garcia.jpeg",1024,815,false],"2048x2048":["https:\/\/infotep.com.ar\/wp-content\/uploads\/2023\/03\/cholo-garcia.jpeg",1024,815,false],"blossom-feminine-slider":["https:\/\/infotep.com.ar\/wp-content\/uploads\/2023\/03\/cholo-garcia-1024x649.jpeg",1024,649,true],"blossom-feminine-featured":["https:\/\/infotep.com.ar\/wp-content\/uploads\/2023\/03\/cholo-garcia-1024x600.jpeg",1024,600,true],"blossom-feminine-with-sidebar":["https:\/\/infotep.com.ar\/wp-content\/uploads\/2023\/03\/cholo-garcia-1020x600.jpeg",1020,600,true],"blossom-feminine-blog":["https:\/\/infotep.com.ar\/wp-content\/uploads\/2023\/03\/cholo-garcia-435x435.jpeg",435,435,true],"blossom-feminine-cat":["https:\/\/infotep.com.ar\/wp-content\/uploads\/2023\/03\/cholo-garcia-450x300.jpeg",450,300,true],"blossom-feminine-related":["https:\/\/infotep.com.ar\/wp-content\/uploads\/2023\/03\/cholo-garcia-320x200.jpeg",320,200,true],"blossom-feminine-schema":["https:\/\/infotep.com.ar\/wp-content\/uploads\/2023\/03\/cholo-garcia-75x60.jpeg",75,60,true],"blossom-mommy-blog-slider-big":["https:\/\/infotep.com.ar\/wp-content\/uploads\/2023\/03\/cholo-garcia-920x650.jpeg",920,650,true],"blossom-mommy-blog-slider":["https:\/\/infotep.com.ar\/wp-content\/uploads\/2023\/03\/cholo-garcia-460x310.jpeg",460,310,true],"blossom-mommy-blog-two":["https:\/\/infotep.com.ar\/wp-content\/uploads\/2023\/03\/cholo-garcia-768x480.jpeg",768,480,true]},"author_info":{"info":["Angela Tobar"]},"category_info":"<a href=\"https:\/\/infotep.com.ar\/index.php\/category\/gremios\/\" rel=\"category tag\">Gremios<\/a>","tag_info":"Gremios","comment_count":"0","_links":{"self":[{"href":"https:\/\/infotep.com.ar\/index.php\/wp-json\/wp\/v2\/posts\/3751"}],"collection":[{"href":"https:\/\/infotep.com.ar\/index.php\/wp-json\/wp\/v2\/posts"}],"about":[{"href":"https:\/\/infotep.com.ar\/index.php\/wp-json\/wp\/v2\/types\/post"}],"author":[{"embeddable":true,"href":"https:\/\/infotep.com.ar\/index.php\/wp-json\/wp\/v2\/users\/5"}],"replies":[{"embeddable":true,"href":"https:\/\/infotep.com.ar\/index.php\/wp-json\/wp\/v2\/comments?post=3751"}],"version-history":[{"count":1,"href":"https:\/\/infotep.com.ar\/index.php\/wp-json\/wp\/v2\/posts\/3751\/revisions"}],"predecessor-version":[{"id":3753,"href":"https:\/\/infotep.com.ar\/index.php\/wp-json\/wp\/v2\/posts\/3751\/revisions\/3753"}],"wp:featuredmedia":[{"embeddable":true,"href":"https:\/\/infotep.com.ar\/index.php\/wp-json\/wp\/v2\/media\/3752"}],"wp:attachment":[{"href":"https:\/\/infotep.com.ar\/index.php\/wp-json\/wp\/v2\/media?parent=3751"}],"wp:term":[{"taxonomy":"category","embeddable":true,"href":"https:\/\/infotep.com.ar\/index.php\/wp-json\/wp\/v2\/categories?post=3751"},{"taxonomy":"post_tag","embeddable":true,"href":"https:\/\/infotep.com.ar\/index.php\/wp-json\/wp\/v2\/tags?post=3751"}],"curies":[{"name":"wp","href":"https:\/\/api.w.org\/{rel}","templated":true}]}}