{"id":3762,"date":"2023-03-06T09:11:04","date_gmt":"2023-03-06T12:11:04","guid":{"rendered":"https:\/\/infotep.com.ar\/?p=3762"},"modified":"2023-03-06T09:11:04","modified_gmt":"2023-03-06T12:11:04","slug":"el-teatro-marechal-de-moreno-inaugura-temporada-2023","status":"publish","type":"post","link":"https:\/\/infotep.com.ar\/index.php\/2023\/03\/06\/el-teatro-marechal-de-moreno-inaugura-temporada-2023\/","title":{"rendered":"El teatro Marechal de Moreno inaugura temporada 2023"},"content":{"rendered":"\n<p>El Municipio de Moreno, a trav\u00e9s de la Secretar\u00eda de Cultura, Educaci\u00f3n y Deportes, lanz\u00f3 el viernes la temporada 2023 del teatro Marechal con nuevas obras art\u00edsticas, de manera libre y gratuita para la comunidad morenense.<\/p>\n\n\n\n<p>Adem\u00e1s, en esta nueva temporada se renuevan todos los programas y se sumar\u00e1n dos espect\u00e1culos de la Secretar\u00eda de Cultura, Educaci\u00f3n y Deportes, llamada &#8220;La inesperada decisi\u00f3n de Moreno&#8221; con elenco local y &#8220;Del aceite a la cacerola&#8221; un estreno en el marco de los 40 a\u00f1os de democracia.<\/p>\n\n\n\n<p>El edificio, inaugurado en 1986 cuenta con m\u00e1s de 100 a\u00f1os, y al ser un punto emblem\u00e1tico de la cultura morenense se realiz\u00f3 el mantenimiento correspondiente para preservar la vida \u00fatil del mismo. Se instalaron luminarias dentro y fuera del lugar; se renovaron las telas y el alfombrado; en la sala se proyect\u00f3 un cambio en la disposici\u00f3n de las butacas para proveer mayor comodidad y principalmente mejor seguridad ante una posible evacuaci\u00f3n; y para mejorar la filtraci\u00f3n de luz que obstaculizaba la proyecci\u00f3n de las obras, se confeccionaron nuevas cortinas para las ventanas laterales del lugar.<\/p>\n\n\n\n<p>Por otro lado, en el escenario se hizo el correspondiente mantenimiento a las luces led y se incorporaron m\u00e1quinas de humo y m\u00f3viles rob\u00f3ticos como herramientas a disposici\u00f3n de la producci\u00f3n de cada obra. De igual manera, se reacondicionaron los camarines con limpieza del entelado, nueva luminarias led en cada box y el mantenimiento de pintura correspondiente.<\/p>\n\n\n\n<p>A continuaci\u00f3n, cronograma de obras teatrales del mes de marzo.<\/p>\n\n\n\n<p><\/p>\n\n\n\n<p><strong>El viernes 10 de marzo a las 21 horas <\/strong>\u201cBeatriz, la historiade una mujer inventada\u201d, Laura Pag\u00e9s logra desdoblarse y crear varios personajes que muestran diferentes momentos de una mujer en el final de su vida. Adem\u00e1s, el s\u00e1bado 11 de marzo a las 21 horas estar\u00e1 \u201cTerapia, comedia entres sesiones y un diagn\u00f3stico\u201d. En un consultorio, paciente y analista intentan ponerse de acuerdo conforme avanza la terapia. Ambos se embarcar\u00e1n en sesiones desopilantes.<\/p>\n\n\n\n<p><strong>El viernes 17 de marzo a las 21 horas \u201cLa Misma\u201d<\/strong>. Nos sumergir\u00e1 en la historia de seis mujeres que muestran sus cicatrices y reviven sus historias que son a la vez, cicatrices de violencia, a veces f\u00edsica y reconocibles y muchas otras, invisible, sutil y naturalizada.<\/p>\n\n\n\n<p><strong>El s\u00e1bado 18 de marzo a las 21 horas<\/strong> \u201cParpentina\u201d.Cuenta la historia de un hombre deprimido, una pensionista enojada y una actriz &#8220;famosa&#8221; de televisi\u00f3n. Juntos, son una receta fant\u00e1stica para esta exquisita comedia \u00e1cida, por momentos grotesca, que nos muestra algo de c\u00f3mo somos.<\/p>\n\n\n\n<p><strong>El viernes 31 de marzo a las 21 horas se estrenar\u00e1 \u201cDel aceite a la cacerola\u201d<\/strong>. Una obra sobre la historia argentina desde una cocina que bien podr\u00eda ser la del fuerte antes de las Invasiones Inglesas o la cocina de la Casa Rosada actual.<\/p>\n","protected":false},"excerpt":{"rendered":"<p>El Municipio de Moreno, a trav&eacute;s de la Secretar&iacute;a de Cultura, Educaci&oacute;n y Deportes, lanz&oacute; el viernes la temporada 2023 del teatro Marechal con nuevas obras art&iacute;sticas, de manera libre y gratuita para la comunidad morenense. Adem&aacute;s, en esta nueva temporada se renuevan todos los programas y se sumar&aacute;n dos espect&aacute;culos de la Secretar&iacute;a de &hellip; <\/p>\n","protected":false},"author":5,"featured_media":3763,"comment_status":"closed","ping_status":"closed","sticky":false,"template":"","format":"standard","meta":{"om_disable_all_campaigns":false,"_joinchat":[]},"categories":[85],"tags":[46,107,43],"featured_image_urls":{"full":["https:\/\/infotep.com.ar\/wp-content\/uploads\/2023\/03\/teatro-marechal-moreno.jpeg",1600,1067,false],"thumbnail":["https:\/\/infotep.com.ar\/wp-content\/uploads\/2023\/03\/teatro-marechal-moreno-150x150.jpeg",150,150,true],"medium":["https:\/\/infotep.com.ar\/wp-content\/uploads\/2023\/03\/teatro-marechal-moreno-300x200.jpeg",300,200,true],"medium_large":["https:\/\/infotep.com.ar\/wp-content\/uploads\/2023\/03\/teatro-marechal-moreno-768x512.jpeg",768,512,true],"large":["https:\/\/infotep.com.ar\/wp-content\/uploads\/2023\/03\/teatro-marechal-moreno-1024x683.jpeg",1020,680,true],"1536x1536":["https:\/\/infotep.com.ar\/wp-content\/uploads\/2023\/03\/teatro-marechal-moreno-1536x1024.jpeg",1536,1024,true],"2048x2048":["https:\/\/infotep.com.ar\/wp-content\/uploads\/2023\/03\/teatro-marechal-moreno.jpeg",1600,1067,false],"blossom-feminine-slider":["https:\/\/infotep.com.ar\/wp-content\/uploads\/2023\/03\/teatro-marechal-moreno-1600x649.jpeg",1600,649,true],"blossom-feminine-featured":["https:\/\/infotep.com.ar\/wp-content\/uploads\/2023\/03\/teatro-marechal-moreno-1410x600.jpeg",1410,600,true],"blossom-feminine-with-sidebar":["https:\/\/infotep.com.ar\/wp-content\/uploads\/2023\/03\/teatro-marechal-moreno-1020x600.jpeg",1020,600,true],"blossom-feminine-blog":["https:\/\/infotep.com.ar\/wp-content\/uploads\/2023\/03\/teatro-marechal-moreno-435x435.jpeg",435,435,true],"blossom-feminine-cat":["https:\/\/infotep.com.ar\/wp-content\/uploads\/2023\/03\/teatro-marechal-moreno-450x300.jpeg",450,300,true],"blossom-feminine-related":["https:\/\/infotep.com.ar\/wp-content\/uploads\/2023\/03\/teatro-marechal-moreno-320x200.jpeg",320,200,true],"blossom-feminine-schema":["https:\/\/infotep.com.ar\/wp-content\/uploads\/2023\/03\/teatro-marechal-moreno-90x60.jpeg",90,60,true],"blossom-mommy-blog-slider-big":["https:\/\/infotep.com.ar\/wp-content\/uploads\/2023\/03\/teatro-marechal-moreno-920x650.jpeg",920,650,true],"blossom-mommy-blog-slider":["https:\/\/infotep.com.ar\/wp-content\/uploads\/2023\/03\/teatro-marechal-moreno-460x310.jpeg",460,310,true],"blossom-mommy-blog-two":["https:\/\/infotep.com.ar\/wp-content\/uploads\/2023\/03\/teatro-marechal-moreno-768x480.jpeg",768,480,true]},"author_info":{"info":["Angela Tobar"]},"category_info":"<a href=\"https:\/\/infotep.com.ar\/index.php\/category\/municipales\/moreno\/\" rel=\"category tag\">Moreno<\/a>","tag_info":"Moreno","comment_count":"0","_links":{"self":[{"href":"https:\/\/infotep.com.ar\/index.php\/wp-json\/wp\/v2\/posts\/3762"}],"collection":[{"href":"https:\/\/infotep.com.ar\/index.php\/wp-json\/wp\/v2\/posts"}],"about":[{"href":"https:\/\/infotep.com.ar\/index.php\/wp-json\/wp\/v2\/types\/post"}],"author":[{"embeddable":true,"href":"https:\/\/infotep.com.ar\/index.php\/wp-json\/wp\/v2\/users\/5"}],"replies":[{"embeddable":true,"href":"https:\/\/infotep.com.ar\/index.php\/wp-json\/wp\/v2\/comments?post=3762"}],"version-history":[{"count":1,"href":"https:\/\/infotep.com.ar\/index.php\/wp-json\/wp\/v2\/posts\/3762\/revisions"}],"predecessor-version":[{"id":3764,"href":"https:\/\/infotep.com.ar\/index.php\/wp-json\/wp\/v2\/posts\/3762\/revisions\/3764"}],"wp:featuredmedia":[{"embeddable":true,"href":"https:\/\/infotep.com.ar\/index.php\/wp-json\/wp\/v2\/media\/3763"}],"wp:attachment":[{"href":"https:\/\/infotep.com.ar\/index.php\/wp-json\/wp\/v2\/media?parent=3762"}],"wp:term":[{"taxonomy":"category","embeddable":true,"href":"https:\/\/infotep.com.ar\/index.php\/wp-json\/wp\/v2\/categories?post=3762"},{"taxonomy":"post_tag","embeddable":true,"href":"https:\/\/infotep.com.ar\/index.php\/wp-json\/wp\/v2\/tags?post=3762"}],"curies":[{"name":"wp","href":"https:\/\/api.w.org\/{rel}","templated":true}]}}