{"id":3882,"date":"2023-03-09T21:43:09","date_gmt":"2023-03-10T00:43:09","guid":{"rendered":"https:\/\/infotep.com.ar\/?p=3882"},"modified":"2023-03-09T21:43:09","modified_gmt":"2023-03-10T00:43:09","slug":"el-gobierno-anuncia-la-inminente-puesta-en-marcha-de-un-comando-unificado-en-cinco-distritos-del-conurbano","status":"publish","type":"post","link":"https:\/\/infotep.com.ar\/index.php\/2023\/03\/09\/el-gobierno-anuncia-la-inminente-puesta-en-marcha-de-un-comando-unificado-en-cinco-distritos-del-conurbano\/","title":{"rendered":"El gobierno anuncia la &#8220;inminente&#8221; puesta en marcha de un comando unificado en cinco distritos del conurbano"},"content":{"rendered":"\n<p>El ministro de Seguridad, An\u00edbal Fern\u00e1ndez, anunci\u00f3 hoy la &#8220;inminente&#8221; puesta en marcha de un comando unificado de fuerzas federales en el conurbano bonaerense.<\/p>\n\n\n\n<p class=\"has-light-green-cyan-background-color has-background\">Al exponer como invitado en la comisi\u00f3n de Seguridad Interior de la C\u00e1mara de Diputados, en el marco de la emergencia por la violencia narco en Rosario, el funcionario precis\u00f3 que las bases operativas de ese comando unificado estar\u00e1n en La Matanza, Tigre, Pilar, Avellaneda y La Plata.<\/p>\n\n\n\n<p>\u201cAun no est\u00e1 en funcionamiento pero esto es inminente. En la semana va a estar listo. <strong>Son cinco centros operativos en La Plata, La Matanza, Tigre, Pilar y Avellaneda, <\/strong>de donde vamos a tener acciones r\u00e1pidas, porque se necesita tener respuestas muy r\u00e1pidas para poder cumplir con el objetivo&#8221;, sostuvo el ministro.<\/p>\n\n\n\n<p>El jefe del bloque del PRO, Cristian Ritondo, sali\u00f3 al cruce de Fern\u00e1ndez y lo acus\u00f3 de haber &#8220;desarmado las unidades&#8221; de Gendarmer\u00eda en barrios del conurbano como La Matanza.<\/p>\n\n\n\n<p>&#8220;Los que han desarmado esas unidades y se llevaron los gendarmes son ustedes, se\u00f1or ministro. En La Matanza estaba frente al barrio Puerta de Hierro. Van a empezar algo que desinstalaron ustedes desde 10 de diciembre de 2019. Empezaron con los municipios que no son oficialistas&#8221;, lament\u00f3 el legislador macrista, quien le recrimin\u00f3 la insuficiencia de efectivos de fuerzas de seguridad federales en territorio bonaerense.<\/p>\n","protected":false},"excerpt":{"rendered":"<p>El ministro de Seguridad, An&iacute;bal Fern&aacute;ndez, anunci&oacute; hoy la &ldquo;inminente&rdquo; puesta en marcha de un comando unificado de fuerzas federales en el conurbano bonaerense. Al exponer como invitado en la comisi&oacute;n de Seguridad Interior de la C&aacute;mara de Diputados, en el marco de la emergencia por la violencia narco en Rosario, el funcionario precis&oacute; que &hellip; <\/p>\n","protected":false},"author":5,"featured_media":3883,"comment_status":"closed","ping_status":"closed","sticky":false,"template":"","format":"standard","meta":{"om_disable_all_campaigns":false,"_joinchat":[]},"categories":[26,4],"tags":[46,59,43],"featured_image_urls":{"full":["https:\/\/infotep.com.ar\/wp-content\/uploads\/2023\/03\/gendarmeria.webp",1024,680,false],"thumbnail":["https:\/\/infotep.com.ar\/wp-content\/uploads\/2023\/03\/gendarmeria-150x150.webp",150,150,true],"medium":["https:\/\/infotep.com.ar\/wp-content\/uploads\/2023\/03\/gendarmeria-300x199.webp",300,199,true],"medium_large":["https:\/\/infotep.com.ar\/wp-content\/uploads\/2023\/03\/gendarmeria-768x510.webp",768,510,true],"large":["https:\/\/infotep.com.ar\/wp-content\/uploads\/2023\/03\/gendarmeria.webp",1020,677,false],"1536x1536":["https:\/\/infotep.com.ar\/wp-content\/uploads\/2023\/03\/gendarmeria.webp",1024,680,false],"2048x2048":["https:\/\/infotep.com.ar\/wp-content\/uploads\/2023\/03\/gendarmeria.webp",1024,680,false],"blossom-feminine-slider":["https:\/\/infotep.com.ar\/wp-content\/uploads\/2023\/03\/gendarmeria-1024x649.webp",1024,649,true],"blossom-feminine-featured":["https:\/\/infotep.com.ar\/wp-content\/uploads\/2023\/03\/gendarmeria-1024x600.webp",1024,600,true],"blossom-feminine-with-sidebar":["https:\/\/infotep.com.ar\/wp-content\/uploads\/2023\/03\/gendarmeria-1020x600.webp",1020,600,true],"blossom-feminine-blog":["https:\/\/infotep.com.ar\/wp-content\/uploads\/2023\/03\/gendarmeria-435x435.webp",435,435,true],"blossom-feminine-cat":["https:\/\/infotep.com.ar\/wp-content\/uploads\/2023\/03\/gendarmeria-450x300.webp",450,300,true],"blossom-feminine-related":["https:\/\/infotep.com.ar\/wp-content\/uploads\/2023\/03\/gendarmeria-320x200.webp",320,200,true],"blossom-feminine-schema":["https:\/\/infotep.com.ar\/wp-content\/uploads\/2023\/03\/gendarmeria-90x60.webp",90,60,true],"blossom-mommy-blog-slider-big":["https:\/\/infotep.com.ar\/wp-content\/uploads\/2023\/03\/gendarmeria-920x650.webp",920,650,true],"blossom-mommy-blog-slider":["https:\/\/infotep.com.ar\/wp-content\/uploads\/2023\/03\/gendarmeria-460x310.webp",460,310,true],"blossom-mommy-blog-two":["https:\/\/infotep.com.ar\/wp-content\/uploads\/2023\/03\/gendarmeria-768x480.webp",768,480,true]},"author_info":{"info":["Angela Tobar"]},"category_info":"<a href=\"https:\/\/infotep.com.ar\/index.php\/category\/municipales\/la-matanza\/\" rel=\"category tag\">La Matanza<\/a> <a href=\"https:\/\/infotep.com.ar\/index.php\/category\/provinciales\/\" rel=\"category tag\">Provinciales<\/a>","tag_info":"Provinciales","comment_count":"0","_links":{"self":[{"href":"https:\/\/infotep.com.ar\/index.php\/wp-json\/wp\/v2\/posts\/3882"}],"collection":[{"href":"https:\/\/infotep.com.ar\/index.php\/wp-json\/wp\/v2\/posts"}],"about":[{"href":"https:\/\/infotep.com.ar\/index.php\/wp-json\/wp\/v2\/types\/post"}],"author":[{"embeddable":true,"href":"https:\/\/infotep.com.ar\/index.php\/wp-json\/wp\/v2\/users\/5"}],"replies":[{"embeddable":true,"href":"https:\/\/infotep.com.ar\/index.php\/wp-json\/wp\/v2\/comments?post=3882"}],"version-history":[{"count":1,"href":"https:\/\/infotep.com.ar\/index.php\/wp-json\/wp\/v2\/posts\/3882\/revisions"}],"predecessor-version":[{"id":3884,"href":"https:\/\/infotep.com.ar\/index.php\/wp-json\/wp\/v2\/posts\/3882\/revisions\/3884"}],"wp:featuredmedia":[{"embeddable":true,"href":"https:\/\/infotep.com.ar\/index.php\/wp-json\/wp\/v2\/media\/3883"}],"wp:attachment":[{"href":"https:\/\/infotep.com.ar\/index.php\/wp-json\/wp\/v2\/media?parent=3882"}],"wp:term":[{"taxonomy":"category","embeddable":true,"href":"https:\/\/infotep.com.ar\/index.php\/wp-json\/wp\/v2\/categories?post=3882"},{"taxonomy":"post_tag","embeddable":true,"href":"https:\/\/infotep.com.ar\/index.php\/wp-json\/wp\/v2\/tags?post=3882"}],"curies":[{"name":"wp","href":"https:\/\/api.w.org\/{rel}","templated":true}]}}