{"id":3905,"date":"2023-03-10T16:17:01","date_gmt":"2023-03-10T19:17:01","guid":{"rendered":"https:\/\/infotep.com.ar\/?p=3905"},"modified":"2023-03-12T19:21:53","modified_gmt":"2023-03-12T22:21:53","slug":"espinoza-desde-la-matanza-convocamos-a-un-nuevo-espacio-electoral-plural-que-amplie-el-frente-de-todos","status":"publish","type":"post","link":"https:\/\/infotep.com.ar\/index.php\/2023\/03\/10\/espinoza-desde-la-matanza-convocamos-a-un-nuevo-espacio-electoral-plural-que-amplie-el-frente-de-todos\/","title":{"rendered":"Espinoza: \u201cDesde La Matanza convocamos a un nuevo espacio electoral plural, que ampl\u00ede el Frente de Todos\u201d"},"content":{"rendered":"\n<p class=\"has-white-background-color has-background\"><strong><em>Durante la apertura de sesiones ordinarias de La Matanza, el intendente destac\u00f3 los ejes centrales de su gesti\u00f3n; y manifest\u00f3 su deseo y el del distrito que conduce: \u201cque Cristina Fern\u00e1ndez de Kirchner sea la nueva presidenta de los argentinos y que nuestro querido Axel Kicillof sea nuevamente gobernador\u201d.<br><\/em><\/strong><br>La sesi\u00f3n del Honorable Concejo Deliberante tuvo lugar en el nuevo Hospital N\u00e9stor Kirchner de Laferrere, donde el Intendente de La Matanza, Fernando Espinoza, realiz\u00f3 un amplio repaso por los logros de su gesti\u00f3n en materia de Trabajo y Producci\u00f3n, Obras P\u00fablicas, Protecci\u00f3n Ciudadana, Educaci\u00f3n, Innovaci\u00f3n, Salud, Desarrollo, Juventudes, Ambiente, G\u00e9nero, Cultura y Deportes; en los que se destacan<br>las miles de industrias que son el motor de la econom\u00eda y la generaci\u00f3n de nuevos empleos en el distrito, el Centro Universitario de la Innovaci\u00f3n (CUDI) que dicta carreras de nuevas tecnolog\u00edas y rob\u00f3tica para el desarrollo de j\u00f3venes en los empleos del futuro, la creaci\u00f3n del primer Polo Cient\u00edfico Tecnol\u00f3gico en Am\u00e9rica Latina, y el megaplan de obra p\u00fablica m\u00e1s grande de toda la historia en el distrito, con 500 proyectos en ejecuci\u00f3n.<br><br>Al inicio de su discurso, el Intendente hizo referencia a la dicotom\u00eda del modelo de pa\u00eds que est\u00e1 en juego: \u201cLa Argentina de un progreso compartido entre todas y todos, democr\u00e1tica e igualitaria o una Argentina de derecha que concibe al pa\u00eds como una plataforma de negocios para unos pocos\u201d, sostuvo y remarc\u00f3: \u201cNuestro camino, es elcamino de la inclusi\u00f3n, el camino de una Argentina con progreso compartido\u201d.<br><br>Luego, dedic\u00f3 un momento para manifestarse sobre la situaci\u00f3n de a vicepresidenta de la Naci\u00f3n, y sostuvo: &#8220;La causa que condena a Cristina Fern\u00e1ndez de Kirchner no es m\u00e1s que un burdo proceso con una \u00fanica finalidad: su proscripci\u00f3n. Por eso, aprovecho tambi\u00e9n este espacio para repudiar la persecuci\u00f3n y la proscripci\u00f3n. \u00a1Hoy y siempre Nunca M\u00e1s!\u201d.<br><br>En esa l\u00ednea, expres\u00f3: \u201cDesde La Matanza queremos que Cristina Fern\u00e1ndez de Kirchner vuelva a ser la presidenta de los argentinos y que nuestro querido Axel Kicillof vuelva a ser reelecto gobernador&#8221;, a\u00f1adi\u00f3 el Intendente.<\/p>\n\n\n\n<p class=\"has-light-green-cyan-background-color has-background\"><br>Luego, en ese contexto, sostuvo: \u201cQueremos crear un nuevo espacio electoral que sea plural, que ampl\u00ede el Frente de Todos, convocando a la UCR, al Partido Socialista, a los sectores progresistas, de la Izquierda y a los sectores del Centro e Independientes. Esto mismo tenemos que hacer en la provincia y en toda la Argentina para generar un espacio nuevo, convocante y que pueda contener a todos los sectores del campo nacional y popular\u201d.<\/p>\n\n\n\n<p class=\"has-white-background-color has-background\">Antes de comenzar el balance de la gesti\u00f3n del Gobierno local, el jefe comunal  compar\u00f3 el presupuesto del distrito con el de la Ciudad Aut\u00f3noma de Buenos Aires y precis\u00f3: \u201cNo puede ser que La Matanza siga siendo discriminada en la distribuci\u00f3n de recursos. Para este a\u00f1o tenemos aprobado un presupuesto de 60 mil millones, mientras que C<strong>ABA tiene aprobado un presupuesto de m\u00e1s de 2 billones. Larreta tiene casi 30 veces m\u00e1s que La Matanza para gobernar. Estamos trabajando para que nos den los recursos que nos merecemos<\/strong>. Por eso, convoco a los concejales del oficialismo y la oposici\u00f3n, y a representantes de las fuerzas vivas de La Matanza a formar una comisi\u00f3n que logre la cancelaci\u00f3n de la deuda de m\u00e1s de 100 mil millones de pesos que el gobierno de Horacio Rodr\u00edguez Larreta tiene con La Matanza, por el predio de 460 hect\u00e1reas que las dictaduras le cedieron; y que nunca pagaron, ni la deuda de tasas, ni<br>los da\u00f1os ambientales y colaterales\u201d.<br><br>La apertura de sesiones cont\u00f3 con la presencia de la vicegobernadora de la provincia de Buenos Aires, Ver\u00f3nica Magario, quien expres\u00f3: \u201cEl resumen que hizo Fernando demuestra los cambios de los cuales nos sentimos orgullosos y lo digo primero como matancera y tambi\u00e9n como vicegobernadora de esta provincia. Al igual que el gobernador, el mensaje fue en la l\u00ednea del crecimiento y en seguir reconstruyendo la Argentina, fundamentalmente esta provincia y La Matanza. Hay un futuro para seguir<br>construyendo y me siento orgullosa de ser parte\u201d.<br><br><\/p>\n","protected":false},"excerpt":{"rendered":"<p>Durante la apertura de sesiones ordinarias de La Matanza, el intendente destac&oacute; los ejes centrales de su gesti&oacute;n; y manifest&oacute; su deseo y el del distrito que conduce: &ldquo;que Cristina Fern&aacute;ndez de Kirchner sea la nueva presidenta de los argentinos y que nuestro querido Axel Kicillof sea nuevamente gobernador&rdquo;.La sesi&oacute;n del Honorable Concejo Deliberante tuvo &hellip; <\/p>\n","protected":false},"author":5,"featured_media":3906,"comment_status":"closed","ping_status":"closed","sticky":false,"template":"","format":"standard","meta":{"om_disable_all_campaigns":false,"_joinchat":[]},"categories":[26],"tags":[60,46,59,43],"featured_image_urls":{"full":["https:\/\/infotep.com.ar\/wp-content\/uploads\/2023\/03\/033-FE.Inicio-de-sesiones-del-HCD-1.jpg",1344,896,false],"thumbnail":["https:\/\/infotep.com.ar\/wp-content\/uploads\/2023\/03\/033-FE.Inicio-de-sesiones-del-HCD-1-150x150.jpg",150,150,true],"medium":["https:\/\/infotep.com.ar\/wp-content\/uploads\/2023\/03\/033-FE.Inicio-de-sesiones-del-HCD-1-300x200.jpg",300,200,true],"medium_large":["https:\/\/infotep.com.ar\/wp-content\/uploads\/2023\/03\/033-FE.Inicio-de-sesiones-del-HCD-1-768x512.jpg",768,512,true],"large":["https:\/\/infotep.com.ar\/wp-content\/uploads\/2023\/03\/033-FE.Inicio-de-sesiones-del-HCD-1-1024x683.jpg",1020,680,true],"1536x1536":["https:\/\/infotep.com.ar\/wp-content\/uploads\/2023\/03\/033-FE.Inicio-de-sesiones-del-HCD-1.jpg",1344,896,false],"2048x2048":["https:\/\/infotep.com.ar\/wp-content\/uploads\/2023\/03\/033-FE.Inicio-de-sesiones-del-HCD-1.jpg",1344,896,false],"blossom-feminine-slider":["https:\/\/infotep.com.ar\/wp-content\/uploads\/2023\/03\/033-FE.Inicio-de-sesiones-del-HCD-1-1344x649.jpg",1344,649,true],"blossom-feminine-featured":["https:\/\/infotep.com.ar\/wp-content\/uploads\/2023\/03\/033-FE.Inicio-de-sesiones-del-HCD-1-1344x600.jpg",1344,600,true],"blossom-feminine-with-sidebar":["https:\/\/infotep.com.ar\/wp-content\/uploads\/2023\/03\/033-FE.Inicio-de-sesiones-del-HCD-1-1020x600.jpg",1020,600,true],"blossom-feminine-blog":["https:\/\/infotep.com.ar\/wp-content\/uploads\/2023\/03\/033-FE.Inicio-de-sesiones-del-HCD-1-435x435.jpg",435,435,true],"blossom-feminine-cat":["https:\/\/infotep.com.ar\/wp-content\/uploads\/2023\/03\/033-FE.Inicio-de-sesiones-del-HCD-1-450x300.jpg",450,300,true],"blossom-feminine-related":["https:\/\/infotep.com.ar\/wp-content\/uploads\/2023\/03\/033-FE.Inicio-de-sesiones-del-HCD-1-320x200.jpg",320,200,true],"blossom-feminine-schema":["https:\/\/infotep.com.ar\/wp-content\/uploads\/2023\/03\/033-FE.Inicio-de-sesiones-del-HCD-1-90x60.jpg",90,60,true],"blossom-mommy-blog-slider-big":["https:\/\/infotep.com.ar\/wp-content\/uploads\/2023\/03\/033-FE.Inicio-de-sesiones-del-HCD-1-920x650.jpg",920,650,true],"blossom-mommy-blog-slider":["https:\/\/infotep.com.ar\/wp-content\/uploads\/2023\/03\/033-FE.Inicio-de-sesiones-del-HCD-1-460x310.jpg",460,310,true],"blossom-mommy-blog-two":["https:\/\/infotep.com.ar\/wp-content\/uploads\/2023\/03\/033-FE.Inicio-de-sesiones-del-HCD-1-768x480.jpg",768,480,true]},"author_info":{"info":["Angela Tobar"]},"category_info":"<a href=\"https:\/\/infotep.com.ar\/index.php\/category\/municipales\/la-matanza\/\" rel=\"category tag\">La Matanza<\/a>","tag_info":"La Matanza","comment_count":"0","_links":{"self":[{"href":"https:\/\/infotep.com.ar\/index.php\/wp-json\/wp\/v2\/posts\/3905"}],"collection":[{"href":"https:\/\/infotep.com.ar\/index.php\/wp-json\/wp\/v2\/posts"}],"about":[{"href":"https:\/\/infotep.com.ar\/index.php\/wp-json\/wp\/v2\/types\/post"}],"author":[{"embeddable":true,"href":"https:\/\/infotep.com.ar\/index.php\/wp-json\/wp\/v2\/users\/5"}],"replies":[{"embeddable":true,"href":"https:\/\/infotep.com.ar\/index.php\/wp-json\/wp\/v2\/comments?post=3905"}],"version-history":[{"count":1,"href":"https:\/\/infotep.com.ar\/index.php\/wp-json\/wp\/v2\/posts\/3905\/revisions"}],"predecessor-version":[{"id":3907,"href":"https:\/\/infotep.com.ar\/index.php\/wp-json\/wp\/v2\/posts\/3905\/revisions\/3907"}],"wp:featuredmedia":[{"embeddable":true,"href":"https:\/\/infotep.com.ar\/index.php\/wp-json\/wp\/v2\/media\/3906"}],"wp:attachment":[{"href":"https:\/\/infotep.com.ar\/index.php\/wp-json\/wp\/v2\/media?parent=3905"}],"wp:term":[{"taxonomy":"category","embeddable":true,"href":"https:\/\/infotep.com.ar\/index.php\/wp-json\/wp\/v2\/categories?post=3905"},{"taxonomy":"post_tag","embeddable":true,"href":"https:\/\/infotep.com.ar\/index.php\/wp-json\/wp\/v2\/tags?post=3905"}],"curies":[{"name":"wp","href":"https:\/\/api.w.org\/{rel}","templated":true}]}}