{"id":3908,"date":"2023-03-10T16:22:28","date_gmt":"2023-03-10T19:22:28","guid":{"rendered":"https:\/\/infotep.com.ar\/?p=3908"},"modified":"2023-03-10T16:22:29","modified_gmt":"2023-03-10T19:22:29","slug":"el-camion-cultural-llega-este-fin-de-semana-a-la-matanza","status":"publish","type":"post","link":"https:\/\/infotep.com.ar\/index.php\/2023\/03\/10\/el-camion-cultural-llega-este-fin-de-semana-a-la-matanza\/","title":{"rendered":"El Cami\u00f3n Cultural llega este fin de semana a La Matanza"},"content":{"rendered":"\n<p>El festival de m\u00fasica itinerante llega al distrito, para que las vecinas y vecinos de Virrey del Pino, y todas las localidades de La Matanza, disfruten de grandes figuras de la m\u00fasica nacional y la cultura.<br><br>La Secretar\u00eda de Cultura y Educaci\u00f3n local, en conjunto con el Ministerio de Cultura de la Naci\u00f3n y Tecn\u00f3polis, presentar\u00e1n \u201cEl Cami\u00f3n Cultural\u201d, un festival de m\u00fasica al aire libreque reunir\u00e1 a importantes artistas del \u00e1mbito nacional y local, y en esta oportunidad llegar\u00e1 aVirrey del Pino.<br><br>El evento se realizar\u00e1 de forma gratuita, el domingo 12 de marzo en el Museo Hist\u00f3rico Municipal &#8220;Brig. Gral. Don Juan Manuel de Rosas\u201d, ubicado en M\u00e1ximo Herrera 5700, y es parte de la extensa Agenda Cultural que el Municipio de La Matanza tiene programada para este 2023.<br><br>La propuesta incluye la presentaci\u00f3n en vivo de importantes figuras de la m\u00fasica nacional y la cultura, como Dj Maich quien abrir\u00e1 la tarde con sus mezclas y ritmos; Florencia Mart\u00ednez, folklorista matancera oriunda de la localidad de Virrey del Pino, quien ser\u00e1 la anfitriona y compartir\u00e1 escenario con la reconocida cantante folkl\u00f3rica Yamila Cafrune; la banda \u201cCoronados de Gloria\u201d que lidera la artista Gloria Carr\u00e1, y la banda folkl\u00f3rica \u201cLos Tabaleros\u201d, que en su m\u00fasica abraza diferentes tipos de est\u00e9ticas y estilos. La conducci\u00f3n estar\u00e1 a cargo de Lu Miranda e Iti el Hermoso.<br><br>El \u201cCami\u00f3n Cultural\u201d recorre el pa\u00eds con el objetivo de brindar actividades culturales para toda la comunidad y hacer posible que todos y todas tengan acceso gratuito a espect\u00e1culos musicales e iniciativas art\u00edsticas co-producidas junto con los diferentes distritos en los que se presenta, a trav\u00e9s de una programaci\u00f3n que pone en escena los m\u00e1s reconocidos artistas nacionales y locales.<\/p>\n","protected":false},"excerpt":{"rendered":"<p>El festival de m&uacute;sica itinerante llega al distrito, para que las vecinas y vecinos de Virrey del Pino, y todas las localidades de La Matanza, disfruten de grandes figuras de la m&uacute;sica nacional y la cultura. La Secretar&iacute;a de Cultura y Educaci&oacute;n local, en conjunto con el Ministerio de Cultura de la Naci&oacute;n y Tecn&oacute;polis, &hellip; <\/p>\n","protected":false},"author":5,"featured_media":3909,"comment_status":"closed","ping_status":"closed","sticky":false,"template":"","format":"standard","meta":{"om_disable_all_campaigns":false,"_joinchat":[]},"categories":[26],"tags":[46,59,43],"featured_image_urls":{"full":["https:\/\/infotep.com.ar\/wp-content\/uploads\/2023\/03\/camion-cultural.jpg",731,411,false],"thumbnail":["https:\/\/infotep.com.ar\/wp-content\/uploads\/2023\/03\/camion-cultural-150x150.jpg",150,150,true],"medium":["https:\/\/infotep.com.ar\/wp-content\/uploads\/2023\/03\/camion-cultural-300x169.jpg",300,169,true],"medium_large":["https:\/\/infotep.com.ar\/wp-content\/uploads\/2023\/03\/camion-cultural.jpg",731,411,false],"large":["https:\/\/infotep.com.ar\/wp-content\/uploads\/2023\/03\/camion-cultural.jpg",731,411,false],"1536x1536":["https:\/\/infotep.com.ar\/wp-content\/uploads\/2023\/03\/camion-cultural.jpg",731,411,false],"2048x2048":["https:\/\/infotep.com.ar\/wp-content\/uploads\/2023\/03\/camion-cultural.jpg",731,411,false],"blossom-feminine-slider":["https:\/\/infotep.com.ar\/wp-content\/uploads\/2023\/03\/camion-cultural.jpg",731,411,false],"blossom-feminine-featured":["https:\/\/infotep.com.ar\/wp-content\/uploads\/2023\/03\/camion-cultural.jpg",731,411,false],"blossom-feminine-with-sidebar":["https:\/\/infotep.com.ar\/wp-content\/uploads\/2023\/03\/camion-cultural.jpg",731,411,false],"blossom-feminine-blog":["https:\/\/infotep.com.ar\/wp-content\/uploads\/2023\/03\/camion-cultural-435x411.jpg",435,411,true],"blossom-feminine-cat":["https:\/\/infotep.com.ar\/wp-content\/uploads\/2023\/03\/camion-cultural-450x300.jpg",450,300,true],"blossom-feminine-related":["https:\/\/infotep.com.ar\/wp-content\/uploads\/2023\/03\/camion-cultural-320x200.jpg",320,200,true],"blossom-feminine-schema":["https:\/\/infotep.com.ar\/wp-content\/uploads\/2023\/03\/camion-cultural-107x60.jpg",107,60,true],"blossom-mommy-blog-slider-big":["https:\/\/infotep.com.ar\/wp-content\/uploads\/2023\/03\/camion-cultural.jpg",731,411,false],"blossom-mommy-blog-slider":["https:\/\/infotep.com.ar\/wp-content\/uploads\/2023\/03\/camion-cultural-460x310.jpg",460,310,true],"blossom-mommy-blog-two":["https:\/\/infotep.com.ar\/wp-content\/uploads\/2023\/03\/camion-cultural.jpg",731,411,false]},"author_info":{"info":["Angela Tobar"]},"category_info":"<a href=\"https:\/\/infotep.com.ar\/index.php\/category\/municipales\/la-matanza\/\" rel=\"category tag\">La Matanza<\/a>","tag_info":"La Matanza","comment_count":"0","_links":{"self":[{"href":"https:\/\/infotep.com.ar\/index.php\/wp-json\/wp\/v2\/posts\/3908"}],"collection":[{"href":"https:\/\/infotep.com.ar\/index.php\/wp-json\/wp\/v2\/posts"}],"about":[{"href":"https:\/\/infotep.com.ar\/index.php\/wp-json\/wp\/v2\/types\/post"}],"author":[{"embeddable":true,"href":"https:\/\/infotep.com.ar\/index.php\/wp-json\/wp\/v2\/users\/5"}],"replies":[{"embeddable":true,"href":"https:\/\/infotep.com.ar\/index.php\/wp-json\/wp\/v2\/comments?post=3908"}],"version-history":[{"count":1,"href":"https:\/\/infotep.com.ar\/index.php\/wp-json\/wp\/v2\/posts\/3908\/revisions"}],"predecessor-version":[{"id":3910,"href":"https:\/\/infotep.com.ar\/index.php\/wp-json\/wp\/v2\/posts\/3908\/revisions\/3910"}],"wp:featuredmedia":[{"embeddable":true,"href":"https:\/\/infotep.com.ar\/index.php\/wp-json\/wp\/v2\/media\/3909"}],"wp:attachment":[{"href":"https:\/\/infotep.com.ar\/index.php\/wp-json\/wp\/v2\/media?parent=3908"}],"wp:term":[{"taxonomy":"category","embeddable":true,"href":"https:\/\/infotep.com.ar\/index.php\/wp-json\/wp\/v2\/categories?post=3908"},{"taxonomy":"post_tag","embeddable":true,"href":"https:\/\/infotep.com.ar\/index.php\/wp-json\/wp\/v2\/tags?post=3908"}],"curies":[{"name":"wp","href":"https:\/\/api.w.org\/{rel}","templated":true}]}}