{"id":3935,"date":"2023-03-12T18:30:42","date_gmt":"2023-03-12T21:30:42","guid":{"rendered":"https:\/\/infotep.com.ar\/?p=3935"},"modified":"2023-03-12T18:52:11","modified_gmt":"2023-03-12T21:52:11","slug":"3935","status":"publish","type":"post","link":"https:\/\/infotep.com.ar\/index.php\/2023\/03\/12\/3935\/","title":{"rendered":"Acto Avellaneda: pedido para que el Presidente se baje de la pelea electoral y a &#8220;romper la proscripci\u00f3n de Cristina&#8221;"},"content":{"rendered":"\n<p><br>El kirchnerismo duro apunt\u00f3 hoy contra el presidente Alberto Fern\u00e1ndez para que se baje de la pelea electoral del Frente de Todos y llam\u00f3 a &#8220;romper&#8221; la proscripci\u00f3n de la vicepresidenta Cristina Kirchner durante un plenario en el partido bonaerense de Avellaneda.<\/p>\n\n\n\n<p>Durante el encuentro que se desarroll\u00f3 en la sede de la Universidad Tecnol\u00f3gica Nacional (UTN) de Avellaneda, el diputado nacional y presidente del Partido Justicialista (PJ) bonaerense, M\u00e1ximo Kirchner, apunt\u00f3 contra el Presidente sin hacer uso de nombres propios: &#8220;Hay compa\u00f1eros m\u00e1s interesados en ganarle a Cristina que en sacar el pa\u00eds adelante&#8221;.<\/p>\n\n\n\n<p class=\"has-vivid-green-cyan-background-color has-background\">En ese marco, el referente de La C\u00e1mpora us\u00f3 una indirecta para exigirle al jefe de Estado que se baje de la pelea electoral: &#8220;Esas son las diferencias claras que hay. Una compa\u00f1era (Cristina Kirchner) que en 2019 dise\u00f1\u00f3 la victoria del peronismo para que la gente vuelva a la Casa Rosada y algunos que todav\u00eda dudan de lo que tienen que hacer para ponerse realmente a disposici\u00f3n del conjunto y abandonar las aventuras personales&#8221;.<\/p>\n\n\n\n<p>&#8220;Es hora del pueblo, es hora de la gente. M\u00e1s que agradecidos deber\u00edan estar algunos con estar en lugar con los que cualquier argentino sue\u00f1a. M\u00e1s humildad compa\u00f1ero&#8221;, dispar\u00f3 M\u00e1ximo Kirchner.<\/p>\n\n\n\n<p>Al cierre de la actividad que se convoc\u00f3 bajo la consigna &#8220;Luche y Vuelve, Cristina 2023&#8221;, el referente de La C\u00e1mpora asever\u00f3: &#8220;Es bastante mediocre como fuerza pol\u00edtica resignarnos a que el m\u00e1ximo valor o propuesta que tenemos es que no vuelva Mauricio Macri o cualquiera de sus copias. Necesitamos como fuerza pol\u00edtica representar los intereses de las grandes mayor\u00edas populares argentinas, como ha sido siempre nuestra historia&#8221;.<\/p>\n\n\n\n<p>En otro tramo de su su intervenci\u00f3n, el diputado nacional sentenci\u00f3: &#8220;Nos debemos como espacio pol\u00edtico una discusi\u00f3n y un debate sobre cu\u00e1les compromisos pudimos asumir y cumplir y cu\u00e1les tenemos pendientes como fuerza pol\u00edtica con los argentinos que en 2019 concurrieron a las urnas para dar por terminado un corto proceso pero inmensamente da\u00f1inos para nuestro pa\u00eds&#8221;.<\/p>\n\n\n\n<p>&#8220;Muchos se valieron del triunfo de 2019 para acceder al poder y ahora se hacen los distra\u00eddos para hacer lo que tienen que hacer&#8221;, retruc\u00f3 M\u00e1ximo Kirchner.<\/p>\n\n\n\n<p>En tanto, otro de los encargados del cierre de la actividad fue el gobernador bonaerense, Axel Kicillof, quien plante\u00f3: &#8220;Fueron 18 a\u00f1os de lucha y resistencia pero tambi\u00e9n durante esos 18 a\u00f1os donde (Juan Domingo) Per\u00f3n y el partido estaban prohibidos hubo algunos vivos que pensaron que pod\u00edan hacer un peronismo sin Per\u00f3n. No se pod\u00eda, como hoy no se puede hacer un peronismo sin Cristina&#8221;.<\/p>\n\n\n\n<p>&#8220;Es nuestra obligaci\u00f3n que todo el pueblo sepa c\u00f3mo se manejan, que Clar\u00edn, La Naci\u00f3n, una parte de la justicia, los servicios de inteligencia son una banda mafiosa que buscan proscribir y prohibir a la dirigente del campo popular&#8221;, dispar\u00f3 el mandatario bonaerense.<\/p>\n\n\n\n<p>En ese marco, Kicillof advirti\u00f3: &#8220;Sabemos c\u00f3mo arman y perge\u00f1an esta movida de persecuci\u00f3n judicial. Aunque lo oculten, es nuestra obligaci\u00f3n bajar al territorio y dar la discusi\u00f3n sin verg\u00fcenza porque no tenemos nada que esconder&#8221;.<\/p>\n\n\n\n<p>Al referirse a los argumentos del fallo que la conden\u00f3 a la vicepresidenta Cristina Kirchner en la denominada causa Vialidad, el gobernador apunt\u00f3: &#8220;No pudieron sostener ninguno de los argumentos que presentaron los fiscales. Eran puro humo. Ese mes de diciembre, el 21 de diciembre, dos jueces de esa Corte se \u2018manotearon\u2019 los recursos, no solo de nuestra provincia, sino de todos los argentinos&#8221;.<\/p>\n\n\n\n<p>&#8220;La compa\u00f1era Cristina Fern\u00e1ndez de Kirchner es (la candidata) en la que nuestro pueblo conf\u00eda y la que nuestro pueblo quiere&#8221;, asever\u00f3 Kicillof y retruc\u00f3: &#8220;Si el pueblo quiere a Cristina, va a ser Cristina&#8221;.<\/p>\n\n\n\n<p>La fecha elegida para realizar el plenario coincidi\u00f3 con el d\u00eda en que se cumplen 50 a\u00f1os desde la victoria del candidato del Frente Justicialista de Liberaci\u00f3n, H\u00e9ctor Jos\u00e9 C\u00e1mpora, que puso fin a los 18 a\u00f1os a\u00f1os de proscripci\u00f3n del peronismo, una analog\u00eda que el kirchnerismo busc\u00f3 instalar con la situaci\u00f3n procesal de la vicepresidenta.<\/p>\n\n\n\n<p>Al hacer uso de la palabra, el intendente local Jorge Ferraresi areng\u00f3 a la militancia: &#8220;Es necesario en el pr\u00f3ximo gobierno tener a alguien que pueda dar la pelea para la distribuci\u00f3n&#8221;.<\/p>\n\n\n\n<p>&#8220;La \u00fanica que puede concretarlo es Cristina Fern\u00e1ndez de Kirchner. Compa\u00f1eros, a construir la derrota de la proscripci\u00f3n&#8221;, manifest\u00f3 Ferraresi.<\/p>\n\n\n\n<p>En el documento que se debati\u00f3 en el plenario, los dirigentes definieron a la exmandataria como &#8220;la garant\u00eda indiscutida para la construcci\u00f3n de un pa\u00eds con justicia social, independencia econ\u00f3mica y soberan\u00eda pol\u00edtica&#8221;.<\/p>\n\n\n\n<p><strong>&#8220;\u00bfPor qu\u00e9 tanta sa\u00f1a, persecuci\u00f3n y odio contra Cristina Kirchner? La respuesta es simple: con Cristina viv\u00edamos mejor. Con ella avanzamos en la recuperaci\u00f3n de un proyecto basado en la producci\u00f3n y el trabajo, recuperamos la Justicia Social, reafirmamos soberan\u00eda&#8221;<\/strong>, indica el texto que comparti\u00f3 en su cuenta de Twitter la agrupaci\u00f3n &#8220;La Patria es el otro&#8221;, cuyo espacio pol\u00edtico es comandado por el referente de La C\u00e1mpora y dirigente bonaerense, Andr\u00e9s &#8220;Cuervo&#8221; Larroque.<\/p>\n\n\n\n<p><strong>Adem\u00e1s, el documento precisa: &#8220;La moderaci\u00f3n no es nuestro idioma. Construir la patria de los humildes es nuestra bandera. <\/strong>Enfrentamos a los poderes f\u00e1cticos que pretenden sumirnos en la resignaci\u00f3n, al mismo tiempo que se apropian de la riqueza nacional con exclusi\u00f3n y salarios de miseria. La democracia tiene sentido, como nos ense\u00f1\u00f3 Kirchner, si cada d\u00eda se hace algo por mejorar la vida de las mayor\u00edas&#8221;.<\/p>\n\n\n\n<p>En medio de una jornada marcada por un calor sofocante, militantes y dirigentes del kirchnerismo se dieron cita en territorio bonaerense para poner en marchar el &#8220;operativo clamor&#8221; por Cristina Kirchner y dar el paso inicial en la pelea por &#8220;romper&#8221; su proscripci\u00f3n.<\/p>\n\n\n\n<p>La actividad cont\u00f3 con la presencia de dirigentes kirchneristas, sindicalistas e intendentes bonaerenses, entre los que se encuentran los jefes comunales Mario Secco (Ensenada), Fernando Espinoza (La Matanza) y Mayra Mendoza (Quilmes).<\/p>\n\n\n\n<p>Tambi\u00e9n dijeron presente el ministro del Interior de la Naci\u00f3n, Eduardo de Pedro; la titular del PAMI, Luana Volnovic; el jefe de Gabinete bonaerense, Mart\u00edn Insaurralde; el secretario General del SUTEBA, Roberto Baradel; el diputado nacional y secretario general de la CTA de los Trabajadores, Hugo Yasky; y la vicegobernadora de la provincia de Buenos Aires, Ver\u00f3nica Magario, entre otros.<\/p>\n","protected":false},"excerpt":{"rendered":"<p>El kirchnerismo duro apunt&oacute; hoy contra el presidente Alberto Fern&aacute;ndez para que se baje de la pelea electoral del Frente de Todos y llam&oacute; a &ldquo;romper&rdquo; la proscripci&oacute;n de la vicepresidenta Cristina Kirchner durante un plenario en el partido bonaerense de Avellaneda. Durante el encuentro que se desarroll&oacute; en la sede de la Universidad Tecnol&oacute;gica &hellip; <\/p>\n","protected":false},"author":5,"featured_media":3936,"comment_status":"closed","ping_status":"closed","sticky":false,"template":"","format":"standard","meta":{"om_disable_all_campaigns":false,"_joinchat":[]},"categories":[4],"tags":[46,43],"featured_image_urls":{"full":["https:\/\/infotep.com.ar\/wp-content\/uploads\/2023\/03\/luche-y-vuelve.jpg",470,313,false],"thumbnail":["https:\/\/infotep.com.ar\/wp-content\/uploads\/2023\/03\/luche-y-vuelve-150x150.jpg",150,150,true],"medium":["https:\/\/infotep.com.ar\/wp-content\/uploads\/2023\/03\/luche-y-vuelve-300x200.jpg",300,200,true],"medium_large":["https:\/\/infotep.com.ar\/wp-content\/uploads\/2023\/03\/luche-y-vuelve.jpg",470,313,false],"large":["https:\/\/infotep.com.ar\/wp-content\/uploads\/2023\/03\/luche-y-vuelve.jpg",470,313,false],"1536x1536":["https:\/\/infotep.com.ar\/wp-content\/uploads\/2023\/03\/luche-y-vuelve.jpg",470,313,false],"2048x2048":["https:\/\/infotep.com.ar\/wp-content\/uploads\/2023\/03\/luche-y-vuelve.jpg",470,313,false],"blossom-feminine-slider":["https:\/\/infotep.com.ar\/wp-content\/uploads\/2023\/03\/luche-y-vuelve.jpg",470,313,false],"blossom-feminine-featured":["https:\/\/infotep.com.ar\/wp-content\/uploads\/2023\/03\/luche-y-vuelve.jpg",470,313,false],"blossom-feminine-with-sidebar":["https:\/\/infotep.com.ar\/wp-content\/uploads\/2023\/03\/luche-y-vuelve.jpg",470,313,false],"blossom-feminine-blog":["https:\/\/infotep.com.ar\/wp-content\/uploads\/2023\/03\/luche-y-vuelve-435x313.jpg",435,313,true],"blossom-feminine-cat":["https:\/\/infotep.com.ar\/wp-content\/uploads\/2023\/03\/luche-y-vuelve-450x300.jpg",450,300,true],"blossom-feminine-related":["https:\/\/infotep.com.ar\/wp-content\/uploads\/2023\/03\/luche-y-vuelve-320x200.jpg",320,200,true],"blossom-feminine-schema":["https:\/\/infotep.com.ar\/wp-content\/uploads\/2023\/03\/luche-y-vuelve-90x60.jpg",90,60,true],"blossom-mommy-blog-slider-big":["https:\/\/infotep.com.ar\/wp-content\/uploads\/2023\/03\/luche-y-vuelve.jpg",470,313,false],"blossom-mommy-blog-slider":["https:\/\/infotep.com.ar\/wp-content\/uploads\/2023\/03\/luche-y-vuelve-460x310.jpg",460,310,true],"blossom-mommy-blog-two":["https:\/\/infotep.com.ar\/wp-content\/uploads\/2023\/03\/luche-y-vuelve.jpg",470,313,false]},"author_info":{"info":["Angela Tobar"]},"category_info":"<a href=\"https:\/\/infotep.com.ar\/index.php\/category\/provinciales\/\" rel=\"category tag\">Provinciales<\/a>","tag_info":"Provinciales","comment_count":"0","_links":{"self":[{"href":"https:\/\/infotep.com.ar\/index.php\/wp-json\/wp\/v2\/posts\/3935"}],"collection":[{"href":"https:\/\/infotep.com.ar\/index.php\/wp-json\/wp\/v2\/posts"}],"about":[{"href":"https:\/\/infotep.com.ar\/index.php\/wp-json\/wp\/v2\/types\/post"}],"author":[{"embeddable":true,"href":"https:\/\/infotep.com.ar\/index.php\/wp-json\/wp\/v2\/users\/5"}],"replies":[{"embeddable":true,"href":"https:\/\/infotep.com.ar\/index.php\/wp-json\/wp\/v2\/comments?post=3935"}],"version-history":[{"count":2,"href":"https:\/\/infotep.com.ar\/index.php\/wp-json\/wp\/v2\/posts\/3935\/revisions"}],"predecessor-version":[{"id":3943,"href":"https:\/\/infotep.com.ar\/index.php\/wp-json\/wp\/v2\/posts\/3935\/revisions\/3943"}],"wp:featuredmedia":[{"embeddable":true,"href":"https:\/\/infotep.com.ar\/index.php\/wp-json\/wp\/v2\/media\/3936"}],"wp:attachment":[{"href":"https:\/\/infotep.com.ar\/index.php\/wp-json\/wp\/v2\/media?parent=3935"}],"wp:term":[{"taxonomy":"category","embeddable":true,"href":"https:\/\/infotep.com.ar\/index.php\/wp-json\/wp\/v2\/categories?post=3935"},{"taxonomy":"post_tag","embeddable":true,"href":"https:\/\/infotep.com.ar\/index.php\/wp-json\/wp\/v2\/tags?post=3935"}],"curies":[{"name":"wp","href":"https:\/\/api.w.org\/{rel}","templated":true}]}}